{"id":51735,"date":"2019-04-20T08:32:55","date_gmt":"2019-04-20T05:32:55","guid":{"rendered":"http:\/\/arantv.az\/?p=51735"},"modified":"2019-04-20T08:32:55","modified_gmt":"2019-04-20T05:32:55","slug":"virtual-karabakh-leyla-%c9%99liyeva-saglamliq-imkanlari-m%c9%99hdud-usaq-v%c9%99-g%c9%99ncl%c9%99rin-s%c9%99rgisind%c9%99-foto","status":"publish","type":"post","link":"https:\/\/arantv.az\/?p=51735","title":{"rendered":"Virtual karabakh Leyla \u018fliyeva sa\u011flaml\u0131q imkanlar\u0131 m\u0259hdud u\u015faq v\u0259 g\u0259ncl\u0259rin s\u0259rgisind\u0259 &#8211; FOTO"},"content":{"rendered":"<p>\u018fm\u0259k v\u0259 \u018fhalinin Sosial M\u00fcdafi\u0259si Nazirliyinin t\u0259\u015fkilat\u00e7\u0131l\u0131\u011f\u0131 il\u0259 D\u0259nizk\u0259nar\u0131 Milli Parkda yerl\u0259\u015f\u0259n \u201cElektra Events Hall\u201dda nazirliyin sosial m\u00fc\u0259ssis\u0259l\u0259rinin sakinl\u0259rinin, \u0259sas\u0259n sa\u011flaml\u0131q imkanlar\u0131 m\u0259hdud u\u015faq v\u0259 g\u0259ncl\u0259rin \u201cBahar sevincl\u0259ri\u201d adl\u0131 s\u0259rgisi v\u0259 konsert proqram\u0131 t\u0259\u015fkil olunub.<\/p>\n<p>Heyd\u0259r \u018fliyev Fondunun vitse-prezidenti\u00a0<strong>Leyla \u018fliyeva<\/strong>\u00a0t\u0259dbird\u0259 i\u015ftirak edib.<\/p>\n<p><a href=\"https:\/\/azertag.az\/xeber\/Saglamliq_imkanlari_mehdud_usaq_ve_genclerin_sosial_muessise_sakinlerinin_sergisi_teskil_olunub-1272383\" target=\"_blank\" rel=\"noopener\">AZ\u018fRTAC<\/a>\u00a0x\u0259b\u0259r verir ki, \u0259m\u0259k v\u0259 \u0259halinin sosial m\u00fcdafi\u0259si naziri Sahil Babayev bel\u0259 bir s\u0259rginin nazirlik t\u0259r\u0259find\u0259n son bir il \u0259rzind\u0259 art\u0131q \u00fc\u00e7\u00fcnc\u00fc d\u0259f\u0259 ke\u00e7irildiyini bildirib.<\/p>\n<div id=\"AdviadNativeVideo0\" class=\"AdviadNativeVideo\">\n<div class=\"adviad-inboard\">\n<div>\n<div id=\"teads0\" class=\"adviad-player\"><\/div>\n<\/div>\n<\/div>\n<\/div>\n<p>\u201cBahar sevincl\u0259ri\u201d \u015f\u0259nliyind\u0259 \u018fm\u0259k v\u0259 \u018fhalinin Sosial M\u00fcdafi\u0259si Nazirliyi n\u0259zdind\u0259 f\u0259aliyy\u0259t g\u00f6st\u0259r\u0259n sosial m\u00fc\u0259ssis\u0259 sakinl\u0259ri, ictimai birlikl\u0259r, nazirliyin himay\u0259sind\u0259 olan inkl\u00fcziv teatr v\u0259 yarad\u0131c\u0131l\u0131q birlikl\u0259ri \u00f6z yarad\u0131c\u0131l\u0131q bacar\u0131qlar\u0131n\u0131 n\u00fcmayi\u015f etdiribl\u0259r.<\/p>\n<p>Leyla \u018fliyeva sa\u011flaml\u0131q imkanlar\u0131 m\u0259hdud u\u015faq v\u0259 g\u0259ncl\u0259rin, sosial m\u00fc\u0259ssis\u0259 sakinl\u0259rinin \u0259l i\u015fl\u0259rind\u0259n ibar\u0259t s\u0259rgiy\u0259 bax\u0131b. R\u0259ssaml\u0131q, b\u0259dii oyma, toxuculuq n\u00f6vl\u0259ri \u00fczr\u0259 t\u0259qdim olunan \u0259l i\u015fl\u0259rind\u0259 m\u00fc\u0259llifl\u0259rin h\u0259yata nikbin bax\u0131\u015flar\u0131, arzu v\u0259 d\u00fc\u015f\u00fcnc\u0259l\u0259ri, V\u0259t\u0259n\u0259 sevgi hissl\u0259ri, Az\u0259rbaycan t\u0259bi\u0259tinin g\u00f6z\u0259llikl\u0259ri, z\u0259ngin milli-m\u0259n\u0259vi d\u0259y\u0259rl\u0259rimiz ifad\u0259 olunub.<\/p>\n<p>Qeyd edilib ki, h\u0259r bir sosial m\u00fc\u0259ssis\u0259d\u0259 sakinl\u0259rin yarad\u0131c\u0131l\u0131q meyill\u0259ri n\u0259z\u0259r\u0259 al\u0131nmaqla m\u00fcxt\u0259lif d\u0259rn\u0259kl\u0259r, t\u0259lim kurslar\u0131 t\u0259\u015fkil olunub, onlar\u0131n m\u00fcvafiq inc\u0259s\u0259n\u0259t sah\u0259l\u0259rind\u0259 bacar\u0131q v\u0259 qabiliyy\u0259tl\u0259ri inki\u015faf etdirilir.<\/p>\n<p>\u018fl i\u015fl\u0259rinin m\u00fc\u0259llifl\u0259ri il\u0259 s\u00f6hb\u0259t ed\u0259n Leyla \u018fliyeva onlara g\u0259l\u0259c\u0259k f\u0259aliyy\u0259tl\u0259rind\u0259 u\u011furlar arzulay\u0131b.<\/p>\n<p>Milli kulinariya gu\u015f\u0259sind\u0259 u\u015faqlar qutab bi\u015firm\u0259, yuxa yayma, d\u00fc\u015fb\u0259r\u0259 b\u00fckm\u0259 qabiliyy\u0259tl\u0259rini n\u00fcmayi\u015f etdiribl\u0259r.<\/p>\n<p>Heyd\u0259r \u018fliyev Fondunun vitse-prezidenti xal\u00e7a\u00e7\u0131l\u0131q gu\u015f\u0259si il\u0259 tan\u0131\u015f olub, xal\u00e7a toxuyan g\u0259ncl\u0259rl\u0259 s\u00f6hb\u0259t edib.<\/p>\n<p>\u0130dman gu\u015f\u0259si il\u0259 tan\u0131\u015f olan Leyla \u018fliyeva burada Boccia \u0130dman Federasiyas\u0131n\u0131n idman\u00e7\u0131lar\u0131 il\u0259 g\u00f6r\u00fc\u015f\u00fcb. Az\u0259rbaycanda boccia idman\u0131 Leyla \u018fliyevan\u0131n t\u0259\u015f\u0259bb\u00fcs\u00fc il\u0259 yarad\u0131laraq ild\u0259n-il\u0259 inki\u015faf edib. Bu idman n\u00f6v\u00fc \u00fczr\u0259 milli komandam\u0131z beyn\u0259lxalq yar\u0131\u015flarda art\u0131q ilk q\u0259l\u0259b\u0259l\u0259r\u0259 imza at\u0131b.<\/p>\n<p>\u018flilliyi olan \u015f\u0259xsl\u0259r boccia, q\u0131l\u0131ncoynatma, parataekvondo, oxatma, g\u00fcll\u0259 at\u0131c\u0131l\u0131\u011f\u0131 n\u00f6vl\u0259rind\u0259 \u00f6z m\u0259har\u0259tl\u0259rini g\u00f6st\u0259ribl\u0259r.<\/p>\n<p>Leyla \u018fliyeva idman\u00e7\u0131lara yeni-yeni u\u011furlar arzulay\u0131b.<\/p>\n<div class=\"gallery\">\n<div class=\"gallery-i\"><img src=\"https:\/\/assets.oxu.az\/uploads\/W1siZiIsIjIwMTkvMDQvMTkvMjIvNDEvMzQvNDc3ZDk4MjktZTI1OC00MmVjLTlkYzQtYmNiZDRjZWU2NjgwLzE1NTU2OTcxNjE1ODAyNjExNjhfMTAwMHg2NjkuanBnIl0sWyJwIiwiZW5jb2RlIiwianBnIiwiLXF1YWxpdHkgODAiXSxbInAiLCJ0aHVtYiIsIjU5MHg1OTBcdTAwM2UiXV0?sha=7b064a1b59d62252\" alt=\"\" \/><\/p>\n<div class=\"gallery-i-caption\"><\/div>\n<\/div>\n<div class=\"gallery-i\"><img src=\"https:\/\/assets.oxu.az\/uploads\/W1siZiIsIjIwMTkvMDQvMTkvMjIvNDEvMzQvOTg0ZDZlMGUtOWFkZS00MGJkLWE2ODAtY2NiYTQ1YzdmYmE5LzE1NTU2OTcxNjE0NDY0OTI0MDY0XzEwMDB4NjY5LmpwZyJdLFsicCIsImVuY29kZSIsImpwZyIsIi1xdWFsaXR5IDgwIl0sWyJwIiwidGh1bWIiLCI1OTB4NTkwXHUwMDNlIl1d?sha=62e0e31f3c965239\" alt=\"\" \/><\/p>\n<div class=\"gallery-i-caption\"><\/div>\n<\/div>\n<div class=\"gallery-i\"><img src=\"https:\/\/assets.oxu.az\/uploads\/W1siZiIsIjIwMTkvMDQvMTkvMjIvNDEvMzQvNzE5ZWE3MDktOWI1MC00MWM3LWE0M2EtNDhmYWFkNDlmOGJmLzE1NTU2OTcxNjEzNzMwNzE3NzNfMTAwMHg2NjkuanBnIl0sWyJwIiwiZW5jb2RlIiwianBnIiwiLXF1YWxpdHkgODAiXSxbInAiLCJ0aHVtYiIsIjU5MHg1OTBcdTAwM2UiXV0?sha=4d1558e21cc08ce3\" alt=\"\" \/><\/p>\n<div class=\"gallery-i-caption\"><\/div>\n<\/div>\n<div class=\"gallery-i\"><img src=\"https:\/\/assets.oxu.az\/uploads\/W1siZiIsIjIwMTkvMDQvMTkvMjIvNDEvMzUvMTgxOWQ1YWMtNDZlMy00MjUwLWI4Y2UtYWEwZTEzNjgxNTU2LzE1NTU2OTcxNjExMjk5MDE4ODQ2XzEwMDB4NjY5LmpwZyJdLFsicCIsImVuY29kZSIsImpwZyIsIi1xdWFsaXR5IDgwIl0sWyJwIiwidGh1bWIiLCI1OTB4NTkwXHUwMDNlIl1d?sha=e0e1c1d914cbeb2c\" alt=\"\" \/><\/p>\n<div class=\"gallery-i-caption\"><\/div>\n<\/div>\n<div class=\"gallery-i\"><img src=\"https:\/\/assets.oxu.az\/uploads\/W1siZiIsIjIwMTkvMDQvMTkvMjIvNDQvMDcvMzNiNDZlMjItMGFjZi00NmFiLWE3ZTEtZDM0ZDkwMDZjYmQ4L2dnLmpwZyJdLFsicCIsImVuY29kZSIsImpwZyIsIi1xdWFsaXR5IDgwIl0sWyJwIiwidGh1bWIiLCI1OTB4NTkwXHUwMDNlIl1d?sha=bf8de86945f772fe\" alt=\"\" \/><\/p>\n<div class=\"gallery-i-caption\"><\/div>\n<\/div>\n<div class=\"gallery-i\"><img src=\"https:\/\/assets.oxu.az\/uploads\/W1siZiIsIjIwMTkvMDQvMTkvMjIvNDQvMDcvZDZjM2QxYTYtYjFjMC00NjUzLTk3MDUtZTllYThlYTI1ZmQ3LzE1NTU2OTcxNjI4NzgzNDAxMTZfMTAwMHg2NjkuanBnIl0sWyJwIiwiZW5jb2RlIiwianBnIiwiLXF1YWxpdHkgODAiXSxbInAiLCJ0aHVtYiIsIjU5MHg1OTBcdTAwM2UiXV0?sha=18b0d95eece3de15\" alt=\"\" \/><\/p>\n<div class=\"gallery-i-caption\"><\/div>\n<\/div>\n<div class=\"gallery-i\"><img src=\"https:\/\/assets.oxu.az\/uploads\/W1siZiIsIjIwMTkvMDQvMTkvMjIvNDQvMDcvY2E2OTk1NzUtMzliYi00MTFhLTg0ZjktZDQ1NjQxNDcxY2VjLzE1NTU2OTcxNjI1NzM2MzIyMDFfMTAwMHg2NjkuanBnIl0sWyJwIiwiZW5jb2RlIiwianBnIiwiLXF1YWxpdHkgODAiXSxbInAiLCJ0aHVtYiIsIjU5MHg1OTBcdTAwM2UiXV0?sha=325b6a16452abe25\" alt=\"\" \/><\/p>\n<div class=\"gallery-i-caption\"><\/div>\n<\/div>\n<div class=\"gallery-i\"><img src=\"https:\/\/assets.oxu.az\/uploads\/W1siZiIsIjIwMTkvMDQvMTkvMjIvNDQvMDcvNWRlNWYzNDktZjE2NC00ZTEzLTkzM2MtNzEyNTgxYTIzMGY2LzE1NTU2OTcxNjIzMjk2NjUwNDE1XzEwMDB4NjY5LmpwZyJdLFsicCIsImVuY29kZSIsImpwZyIsIi1xdWFsaXR5IDgwIl0sWyJwIiwidGh1bWIiLCI1OTB4NTkwXHUwMDNlIl1d?sha=d0900d2515c84010\" alt=\"\" \/><\/p>\n<div class=\"gallery-i-caption\"><\/div>\n<\/div>\n<div class=\"gallery-i\"><img src=\"https:\/\/assets.oxu.az\/uploads\/W1siZiIsIjIwMTkvMDQvMTkvMjIvNDQvMDgvYjAwOWY2Y2ItOTU2NS00N2RjLWE0OTAtNWRmYWQ3NDRhOWNiLzE1NTU2OTcxNjIzMjg2NTI2MTA1XzEwMDB4NjY5LmpwZyJdLFsicCIsImVuY29kZSIsImpwZyIsIi1xdWFsaXR5IDgwIl0sWyJwIiwidGh1bWIiLCI1OTB4NTkwXHUwMDNlIl1d?sha=5361ef99e4c4873a\" alt=\"\" \/><\/p>\n<div class=\"gallery-i-caption\"><\/div>\n<\/div>\n<div class=\"gallery-i\"><img src=\"https:\/\/assets.oxu.az\/uploads\/W1siZiIsIjIwMTkvMDQvMTkvMjIvNDQvMDgvNWRjNzFlZjctMjAxZC00Y2U4LTgxYmYtNjYzOWNjMWYwMjI4LzE1NTU2OTcxNjIzMTUwMTU5NzI3XzEwMDB4NjY5LmpwZyJdLFsicCIsImVuY29kZSIsImpwZyIsIi1xdWFsaXR5IDgwIl0sWyJwIiwidGh1bWIiLCI1OTB4NTkwXHUwMDNlIl1d?sha=c547a30225ba9107\" alt=\"\" \/><\/p>\n<div class=\"gallery-i-caption\"><\/div>\n<\/div>\n<div class=\"gallery-i\"><img src=\"https:\/\/assets.oxu.az\/uploads\/W1siZiIsIjIwMTkvMDQvMTkvMjIvNDQvMDgvMTY3NDEyODgtYmI5NS00YWVlLWJiMGItYmU5OWNkNDlhZjZjLzE1NTU2OTcxNjIyMDYxODExMzIwXzEwMDB4NjY5LmpwZyJdLFsicCIsImVuY29kZSIsImpwZyIsIi1xdWFsaXR5IDgwIl0sWyJwIiwidGh1bWIiLCI1OTB4NTkwXHUwMDNlIl1d?sha=6126424c3836db4b\" alt=\"\" \/><\/p>\n<div class=\"gallery-i-caption\"><\/div>\n<\/div>\n<div class=\"gallery-i\"><img src=\"https:\/\/assets.oxu.az\/uploads\/W1siZiIsIjIwMTkvMDQvMTkvMjIvNDQvMDgvMmIxMzFhODItMzIxNy00NTVlLTllNzUtNTdmZjk5YzE5MzQyLzE1NTU2OTcxNjIyMDQ2ODcyNDlfMTAwMHg2NjkuanBnIl0sWyJwIiwiZW5jb2RlIiwianBnIiwiLXF1YWxpdHkgODAiXSxbInAiLCJ0aHVtYiIsIjU5MHg1OTBcdTAwM2UiXV0?sha=fee81b5f28ed17b6\" alt=\"\" \/><\/p>\n<div class=\"gallery-i-caption\"><\/div>\n<\/div>\n<div class=\"gallery-i\"><img src=\"https:\/\/assets.oxu.az\/uploads\/W1siZiIsIjIwMTkvMDQvMTkvMjIvNDQvMDgvY2UzNWQ4MzgtMWYwNi00ZGEzLWIyNDYtNjQ5ZmQ2ZTVmNWIxLzE1NTU2OTcxNjIxODQ1NDI4NDk3XzEwMDB4NjY5LmpwZyJdLFsicCIsImVuY29kZSIsImpwZyIsIi1xdWFsaXR5IDgwIl0sWyJwIiwidGh1bWIiLCI1OTB4NTkwXHUwMDNlIl1d?sha=000705a05360a211\" alt=\"\" \/><\/p>\n<div class=\"gallery-i-caption\"><\/div>\n<\/div>\n<div class=\"gallery-i\"><img src=\"https:\/\/assets.oxu.az\/uploads\/W1siZiIsIjIwMTkvMDQvMTkvMjIvNDQvMDkvNGI0NjMwMWEtMGI3YS00MTMyLWE0OGUtZjlkNjdmMDI4NjFmLzE1NTU2OTcxNjIxMzg2MDQ5MDM1XzEwMDB4NjY5LmpwZyJdLFsicCIsImVuY29kZSIsImpwZyIsIi1xdWFsaXR5IDgwIl0sWyJwIiwidGh1bWIiLCI1OTB4NTkwXHUwMDNlIl1d?sha=c54693d86726a88a\" alt=\"\" \/><\/p>\n<div class=\"gallery-i-caption\"><\/div>\n<\/div>\n<div class=\"gallery-i\"><img src=\"https:\/\/assets.oxu.az\/uploads\/W1siZiIsIjIwMTkvMDQvMTkvMjIvNDQvMDkvMTAwZGE4MWMtMGM3Ni00MmUwLWJhNDgtMzRmMTAzMjllMzJhLzE1NTU2OTcxNjIxMjg3NjMxOTEzXzEwMDB4NjY5LmpwZyJdLFsicCIsImVuY29kZSIsImpwZyIsIi1xdWFsaXR5IDgwIl0sWyJwIiwidGh1bWIiLCI1OTB4NTkwXHUwMDNlIl1d?sha=18e145ab333e48e8\" alt=\"\" \/><\/p>\n<div class=\"gallery-i-caption\"><\/div>\n<\/div>\n<\/div>\n<p>&nbsp;<\/p>\n","protected":false},"excerpt":{"rendered":"<p>\u018fm\u0259k v\u0259 \u018fhalinin Sosial M\u00fcdafi\u0259si Nazirliyinin t\u0259\u015fkilat\u00e7\u0131l\u0131\u011f\u0131 il\u0259 D\u0259nizk\u0259nar\u0131 Milli Parkda yerl\u0259\u015f\u0259n \u201cElektra Events Hall\u201dda nazirliyin sosial m\u00fc\u0259ssis\u0259l\u0259rinin sakinl\u0259rinin, \u0259sas\u0259n sa\u011flaml\u0131q imkanlar\u0131 m\u0259hdud u\u015faq v\u0259 g\u0259ncl\u0259rin \u201cBahar sevincl\u0259ri\u201d adl\u0131 s\u0259rgisi v\u0259 konsert proqram\u0131 t\u0259\u015fkil olunub. Heyd\u0259r \u018fliyev Fondunun vitse-prezidenti\u00a0Leyla \u018fliyeva\u00a0t\u0259dbird\u0259 i\u015ftirak edib. AZ\u018fRTAC\u00a0x\u0259b\u0259r verir ki, \u0259m\u0259k v\u0259 \u0259halinin sosial m\u00fcdafi\u0259si naziri Sahil Babayev bel\u0259 bir s\u0259rginin nazirlik t\u0259r\u0259find\u0259n son bir il \u0259rzind\u0259 art\u0131q \u00fc\u00e7\u00fcnc\u00fc d\u0259f\u0259 ke\u00e7irildiyini bildirib. \u201cBahar sevincl\u0259ri\u201d \u015f\u0259nliyind\u0259 \u018fm\u0259k v\u0259 \u018fhalinin Sosial M\u00fcdafi\u0259si Nazirliyi n\u0259zdind\u0259 f\u0259aliyy\u0259t g\u00f6st\u0259r\u0259n sosial m\u00fc\u0259ssis\u0259 sakinl\u0259ri, ictimai birlikl\u0259r, nazirliyin himay\u0259sind\u0259 olan inkl\u00fcziv teatr v\u0259&hellip;<\/p>\n","protected":false},"author":2,"featured_media":51736,"comment_status":"closed","ping_status":"closed","sticky":false,"template":"","format":"standard","meta":{"om_disable_all_campaigns":false,"_monsterinsights_skip_tracking":false,"_monsterinsights_sitenote_active":false,"_monsterinsights_sitenote_note":"","_monsterinsights_sitenote_category":0},"categories":[1],"tags":[],"aioseo_notices":[],"gutentor_comment":0,"rttpg_featured_image_url":{"full":["https:\/\/arantv.az\/wp-content\/uploads\/2019\/04\/gg.jpg",620,417,false],"landscape":["https:\/\/arantv.az\/wp-content\/uploads\/2019\/04\/gg.jpg",620,417,false],"portraits":["https:\/\/arantv.az\/wp-content\/uploads\/2019\/04\/gg.jpg",620,417,false],"thumbnail":["https:\/\/arantv.az\/wp-content\/uploads\/2019\/04\/gg-150x150.jpg",150,150,true],"medium":["https:\/\/arantv.az\/wp-content\/uploads\/2019\/04\/gg-300x202.jpg",300,202,true],"large":["https:\/\/arantv.az\/wp-content\/uploads\/2019\/04\/gg.jpg",620,417,false],"1536x1536":["https:\/\/arantv.az\/wp-content\/uploads\/2019\/04\/gg.jpg",620,417,false],"2048x2048":["https:\/\/arantv.az\/wp-content\/uploads\/2019\/04\/gg.jpg",620,417,false],"post-thumbnail":["https:\/\/arantv.az\/wp-content\/uploads\/2019\/04\/gg-240x172.jpg",240,172,true],"advps-thumb-one":["https:\/\/arantv.az\/wp-content\/uploads\/2019\/04\/gg.jpg",620,417,false]},"rttpg_author":{"display_name":"V\u00fcsal Rafiqo\u011flu","author_link":"https:\/\/arantv.az\/?author=2"},"rttpg_comment":0,"rttpg_category":"<a href=\"https:\/\/arantv.az\/?cat=1\" rel=\"category\">C\u0259miyy\u0259t<\/a>","rttpg_excerpt":"\u018fm\u0259k v\u0259 \u018fhalinin Sosial M\u00fcdafi\u0259si Nazirliyinin t\u0259\u015fkilat\u00e7\u0131l\u0131\u011f\u0131 il\u0259 D\u0259nizk\u0259nar\u0131 Milli Parkda yerl\u0259\u015f\u0259n \u201cElektra Events Hall\u201dda nazirliyin sosial m\u00fc\u0259ssis\u0259l\u0259rinin sakinl\u0259rinin, \u0259sas\u0259n sa\u011flaml\u0131q imkanlar\u0131 m\u0259hdud u\u015faq v\u0259 g\u0259ncl\u0259rin \u201cBahar sevincl\u0259ri\u201d adl\u0131 s\u0259rgisi v\u0259 konsert proqram\u0131 t\u0259\u015fkil olunub. Heyd\u0259r \u018fliyev Fondunun vitse-prezidenti\u00a0Leyla \u018fliyeva\u00a0t\u0259dbird\u0259 i\u015ftirak edib. AZ\u018fRTAC\u00a0x\u0259b\u0259r verir ki, \u0259m\u0259k v\u0259 \u0259halinin sosial m\u00fcdafi\u0259si naziri Sahil Babayev bel\u0259 bir&hellip;","_links":{"self":[{"href":"https:\/\/arantv.az\/index.php?rest_route=\/wp\/v2\/posts\/51735"}],"collection":[{"href":"https:\/\/arantv.az\/index.php?rest_route=\/wp\/v2\/posts"}],"about":[{"href":"https:\/\/arantv.az\/index.php?rest_route=\/wp\/v2\/types\/post"}],"author":[{"embeddable":true,"href":"https:\/\/arantv.az\/index.php?rest_route=\/wp\/v2\/users\/2"}],"replies":[{"embeddable":true,"href":"https:\/\/arantv.az\/index.php?rest_route=%2Fwp%2Fv2%2Fcomments&post=51735"}],"version-history":[{"count":0,"href":"https:\/\/arantv.az\/index.php?rest_route=\/wp\/v2\/posts\/51735\/revisions"}],"wp:featuredmedia":[{"embeddable":true,"href":"https:\/\/arantv.az\/index.php?rest_route=\/wp\/v2\/media\/51736"}],"wp:attachment":[{"href":"https:\/\/arantv.az\/index.php?rest_route=%2Fwp%2Fv2%2Fmedia&parent=51735"}],"wp:term":[{"taxonomy":"category","embeddable":true,"href":"https:\/\/arantv.az\/index.php?rest_route=%2Fwp%2Fv2%2Fcategories&post=51735"},{"taxonomy":"post_tag","embeddable":true,"href":"https:\/\/arantv.az\/index.php?rest_route=%2Fwp%2Fv2%2Ftags&post=51735"}],"curies":[{"name":"wp","href":"https:\/\/api.w.org\/{rel}","templated":true}]}}