{"id":51747,"date":"2019-04-20T08:41:39","date_gmt":"2019-04-20T05:41:39","guid":{"rendered":"http:\/\/arantv.az\/?p=51747"},"modified":"2019-04-20T08:41:39","modified_gmt":"2019-04-20T05:41:39","slug":"m%c9%99ni-rus-agenti-cixardilar-agent-olmagim-ucun-g%c9%99r%c9%99k-t%c9%99rcum%c9%99ci-ayirsinlar","status":"publish","type":"post","link":"https:\/\/arantv.az\/?p=51747","title":{"rendered":"\u201cM\u0259ni rus agenti \u00e7\u0131xard\u0131lar, agent olma\u011f\u0131m \u00fc\u00e7\u00fcn g\u0259r\u0259k t\u0259rc\u00fcm\u0259\u00e7i ay\u0131rs\u0131nlar\u201d"},"content":{"rendered":"<p><strong>Yaz\u0131\u00e7\u0131, deputat Aqil Abbas h\u0259mi\u015f\u0259 orijinal fikirl\u0259ri il\u0259 diqq\u0259t \u00e7\u0259kir. A\u00e7\u0131\u011f\u0131, onun dilind\u0259n s\u0259sl\u0259n\u0259n s\u00f6zl\u0259r h\u0259r zaman s\u0259mimi t\u0259sir ba\u011f\u0131\u015flay\u0131r. \u00c7\u00fcnki dan\u0131\u015fanda i\u00e7d\u0259n g\u0259l\u0259n s\u00f6zl\u0259r oldu\u011funu hiss edirs\u0259n, hans\u0131sa malalama ya da siyasi konyukturaya hesablanm\u0131\u015f a\u00e7\u0131qlamalar olmad\u0131\u011f\u0131n\u0131 g\u00f6r\u00fcrs\u0259n.<\/strong><\/p>\n<p>Bu d\u0259f\u0259 A.Abbasla s\u00f6hb\u0259timiz son g\u00fcnl\u0259rin polemikas\u0131na \u00e7evril\u0259n u\u015faqlar\u0131n rus dilind\u0259 t\u0259hsil almas\u0131 il\u0259 ba\u011fl\u0131 oldu.<\/p>\n<p><strong>&#8211; Aqil m\u00fc\u0259llim, do\u011furdanm\u0131 valideynl\u0259rin u\u015faqlar\u0131n\u0131 rus sektoruna qoymas\u0131 h\u0259y\u0259canlanmal\u0131 tendensiyad\u0131r?<\/strong><\/p>\n<p>&#8211; Vallah, m\u0259n h\u0259y\u0259canlanmal\u0131 he\u00e7 n\u0259 g\u00f6rm\u00fcr\u0259m. Kim ist\u0259s\u0259 \u00f6vlad\u0131n\u0131 rusca, kim ist\u0259s\u0259 ingilisc\u0259, kim ist\u0259s\u0259, ana dilimizd\u0259 oxudar. O q\u0259d\u0259r yaz\u0131\u00e7\u0131lar\u0131n u\u015faqlar\u0131 rusca oxuyub ki&#8230; D\u00fczd\u00fcr, m\u0259n \u00f6vladlar\u0131m\u0131 Az\u0259rbaycan dilind\u0259 oxutmu\u015fam. \u0130nt\u0259has\u0131, bizd\u0259 ingilisc\u0259, frans\u0131zca t\u0259hsil ver\u0259n m\u0259kt\u0259bl\u0259r d\u0259 var. Onlar\u0131n t\u0259hsil haqlar\u0131n\u0131n qiym\u0259ti d\u0259h\u015f\u0259tdir, ancaq pullular u\u015faqlar\u0131n\u0131 orada oxudurlar. Az\u0259rbaycan sektorlar\u0131 is\u0259 rus sektorundan geri qal\u0131r, valideynin pulu yoxdur ki, u\u015fa\u011f\u0131n\u0131 ingilisc\u0259 oxutsun, rus sektoru pulsuzdur dey\u0259, ora qoyur.<\/p>\n<p>Az\u0259rbaycan\u0131n d\u00fcnyaya \u00e7\u0131x\u0131\u015f\u0131 ruscad\u0131r. Bu g\u00fcn Rusiyadak\u0131 tok-\u015foularda az\u0259rbaycanl\u0131 yoxdur. Orxan Camal \u00f6ld\u00fc, Fuad Abbasovu s\u0131x\u0131rlar, ancaq n\u0259 q\u0259d\u0259r erm\u0259ni apar\u0131c\u0131 ist\u0259s\u0259n rus televiziyalar\u0131nda tap\u0131rsan. Bizd\u0259 rus dili bil\u0259n savadl\u0131 jurnalistl\u0259r var, onlara \u015f\u0259rait yaratmaq, Rusiya televiziyalar\u0131nda tok-\u015foulara \u00e7\u0131xmas\u0131na imkan yaratmaq laz\u0131md\u0131r. Yad\u0131n\u0131zdad\u0131rsa, bir konfransda jurnalistimiz rusca sual\u0131 d\u00fczg\u00fcn verm\u0259mi\u015fdi, ham\u0131 ondan dan\u0131\u015f\u0131rd\u0131.<\/p>\n<p>M\u0259n siz\u0259 dostum, h\u0259mkar\u0131m Rasim Musab\u0259yovdan deyim: Rasim m\u00fc\u0259llim a\u011f\u0131ll\u0131, savadl\u0131 adamd\u0131r, \u0259vv\u0259l Az\u0259rbaycan dilind\u0259 yax\u015f\u0131 dan\u0131\u015fa bilmirdi. M\u0259n d\u0259 q\u0259zetd\u0259 yazm\u0131\u015fd\u0131m ki, bizim k\u0259ndd\u0259 ham\u0131 ana dilind\u0259 yax\u015f\u0131 bilir, ancaq n\u0259 olsun, ham\u0131 Rasim Musab\u0259yov deyil. Yaxud \u00c7ingiz Abdullayevi g\u00f6t\u00fcr\u0259k, onun da dan\u0131\u015f\u0131q dilin\u0259 sata\u015f\u0131rd\u0131lar. Amma bu faktd\u0131r ki, \u00c7ingiz m\u00fc\u0259llim Az\u0259rbaycan \u0259d\u0259biyyat\u0131n\u0131 d\u00fcnyaya \u00e7\u0131xard\u0131r.<\/p>\n<p><strong>&#8211; Dem\u0259k ist\u0259yirsiniz ki, rusca t\u0259hsil alma\u011f\u0131n bir z\u0259r\u0259ri yoxdur&#8230;<\/strong><\/p>\n<p>&#8211; M\u0259n siz\u0259 bir misal \u00e7\u0259kim: r\u0259hm\u0259tlik \u018fb\u00fclf\u0259z El\u00e7ib\u0259y\u0259 m\u0259hk\u0259m\u0259sind\u0259 demi\u015fdil\u0259r ki, s\u0259n rusca dan\u0131\u015fanlar\u0131 nam\u0259rd adland\u0131rm\u0131san. O da bildirmi\u015fdi ki, m\u0259n he\u00e7 vaxt el\u0259 s\u00f6z dem\u0259r\u0259m, ba\u015fqa mill\u0259tin dilini bil\u0259n\u0259 nam\u0259rd s\u00f6yl\u0259m\u0259r\u0259m, \u00e7\u00fcnki \u00f6z\u00fcm iki xarici dil bilir\u0259m, t\u0259rc\u00fcm\u0259l\u0259r edir\u0259m, m\u0259n t\u0259f\u0259kk\u00fcr\u00fc rus olana nam\u0259rd dey\u0259 bil\u0259r\u0259m. Aqil Abbas olaraq da deyir\u0259m ki, kims\u0259 rusca bilirs\u0259 v\u0259 t\u0259f\u0259kk\u00fcr\u00fc bizimkidirs\u0259 g\u00f6z\u00fcm \u00fcst\u0259 yeri var. Az\u0259rbaycan\u0131n Rusiya il\u0259 qon\u015fuluq m\u00fcnasib\u0259tl\u0259ri var, \u0259laq\u0259l\u0259rimiz y\u00fcks\u0259k s\u0259viyy\u0259d\u0259dir, c\u0259nab prezident v\u0259 Mehriban xan\u0131m rus dili haqq\u0131nda fikirl\u0259rini b\u0259yan edibl\u0259r. Ona g\u00f6r\u0259 bir jurnalistin rusca oxuyanlar\u0131 poz\u011fun adland\u0131rmas\u0131 d\u00fczg\u00fcn deyil, ayr\u0131-se\u00e7kilik el\u0259m\u0259kdir. He\u00e7 kim bu s\u00f6zl\u0259ri ingilis dili m\u0259kt\u0259bl\u0259ri haqda demir, y\u0259ni m\u0259s\u0259l\u0259ni bel\u0259 qoymaq yanl\u0131\u015fd\u0131r. M\u0259n A\u011fdamda rus m\u0259kt\u0259bind\u0259 Az\u0259rbaycan sektorunda oxumu\u015fam. G\u00f6r\u00fcrd\u00fcm ki, rus b\u00f6lm\u0259si bizd\u0259n \u00fcst\u00fcnd\u00fcr, onlar Dostyevskini orijinaldan oxuyurdular, bizs\u0259 t\u0259rc\u00fcm\u0259d\u0259n. H\u0259l\u0259 140 il qabaq Seyid \u018fzim rus dili bar\u0259d\u0259 m\u00fcsb\u0259t fikrini s\u00f6yl\u0259mi\u015fdi.<\/p>\n<p><strong>&#8211; \u00dcmumiyy\u0259tl\u0259, rus dilin\u0259 t\u0259l\u0259bat, maraq n\u0259d\u0259n qaynaqlan\u0131r?<\/strong><\/p>\n<p>&#8211; Biz bir d\u0259f\u0259 ail\u0259vi Qarsa gedirdik. Bu \u015f\u0259h\u0259r\u0259 ilk s\u0259f\u0259rimiz idi, ist\u0259dik ki, Qars haqq\u0131nda geni\u015f m\u0259lumat \u00f6yr\u0259n\u0259k. T\u00fcrkc\u0259 vikipediyadan baxd\u0131q, c\u0259mi 2 s\u0259hif\u0259 Qars bar\u0259sind\u0259 m\u0259lumat var idi. O da Qars m\u00fcharib\u0259si, Qars qalas\u0131 v\u0259 s. ham\u0131s\u0131n\u0131 bilirdim. Amma rusca Qars haqda 200 s\u0259hif\u0259 m\u0259lumat \u00e7\u0131xd\u0131. T\u00fcrkiy\u0259d\u0259 art\u0131q rusca dan\u0131\u015f\u0131rlar. \u018fvv\u0259ll\u0259r az\u0259rbaycanl\u0131lar T\u00fcrkiy\u0259d\u0259 ruscadan t\u0259rc\u00fcm\u0259l\u0259r edib dolan\u0131rd\u0131lar, \u0259sas\u0259n turizm sektorunda laz\u0131m olurdu. \u0130ndi t\u00fcrkl\u0259r \u00f6zl\u0259ri bu dili \u00f6yr\u0259nibl\u0259r, fikirl\u0259\u015firl\u0259r ki, bu pulu niy\u0259 ba\u015fqas\u0131na ver\u0259k.<\/p>\n<p>M\u0259n yen\u0259 deyir\u0259m ki, h\u0259r k\u0259sin \u00f6z se\u00e7imi var v\u0259 ham\u0131 da \u00f6z dilini bilm\u0259lidir. Amma bax\u0131rsan ki, bizd\u0259 yaz\u0131\u00e7\u0131lar jurnalistl\u0259r kimi yazma\u011fa ba\u015flay\u0131blar. \u0130smay\u0131l \u015e\u0131xl\u0131n\u0131n, \u0130si M\u0259likzad\u0259nin, \u018fkr\u0259m \u018fylislinin dili qalmay\u0131b. Yeni \u0259d\u0259bi n\u0259sil klassikl\u0259ri oxumur. S\u00fcleyman R\u0259himovda olan dil z\u0259nginliyi Tolstoyda yoxdur.<\/p>\n<p>Bizimkil\u0259r xaricil\u0259rin m\u0259nas\u0131z v\u0259 z\u0259if t\u0259rc\u00fcm\u0259 kitablar\u0131n\u0131 oxuyurlar, dilimizin g\u00f6z\u0259lliyind\u0259n uzaqla\u015f\u0131rlar. M\u00f6vlud S\u00fcleymanl\u0131n\u0131n nec\u0259 g\u00f6z\u0259l yaz\u0131\u00e7\u0131 dili var, amma oxumurlar.<\/p>\n<p><strong>&#8211; \u0130ndi bir d\u0259b d\u0259 \u00e7\u0131x\u0131b, h\u0259r s\u00f6z\u00fcn ba\u015f\u0131nda Frans Kafkan\u0131n ad\u0131n\u0131 \u00e7\u0259kib intellektual g\u00f6r\u00fcnm\u0259k&#8230;<\/strong><\/p>\n<p>&#8211; Ay sa\u011f ol. Kafka kimi \u00e7\u0259tin yaz\u0131\u00e7\u0131n\u0131n ad\u0131n\u0131 \u00e7\u0259km\u0259k d\u0259b olub. Vallah, Murakamini oxumu\u015fam, Ayxan Ayvazl\u0131n\u0131n hekay\u0259l\u0259ri ondan yax\u015f\u0131d\u0131r. \u0130ndiki b\u0259zi cavanlar \u0259d\u0259biyyata t\u0259z\u0259d\u0259n k\u0259nd koloritini g\u0259tiribl\u0259r, xaricil\u0259ri oxuyub uzaqla\u015fmasalar yax\u015f\u0131d\u0131r. M\u0259n d\u0259 onlara h\u0259mi\u015f\u0259 d\u0259st\u0259k verir\u0259m, i\u015f\u0259 g\u00f6t\u00fcr\u00fcr\u0259m. Amma m\u0259tbuata g\u0259l\u0259n cavanlar\u0131n \u00e7oxu rusca bilmir. Yax\u015f\u0131 bilmirs\u0259n, Haqverdiyevi, Mirz\u0259 C\u0259lili oxu da.<\/p>\n<p>Uza\u011fa getmir\u0259m, el\u0259 sizin q\u0259zetd\u0259 Xalid Kaz\u0131ml\u0131 v\u0259 Zamin Hac\u0131 T\u00fcrkiy\u0259d\u0259 tan\u0131nan k\u00f6\u015f\u0259 yazarlar\u0131ndan qat-qat istedadl\u0131 yaz\u0131rlar. Sad\u0259c\u0259, onlar\u0131n \u0259halisi b\u00f6y\u00fckd\u00fcr, fantastik m\u0259bl\u0259\u011fd\u0259 qonorar al\u0131rlar. Biz T\u00fcrkiy\u0259 medias\u0131na \u00e7ox meyll\u0259nirik, onlardan \u00f6yr\u0259nm\u0259k ist\u0259yirik. Ax\u0131 \u201cTatl\u0131s\u0259sin \u00e7iban\u0131 \u00e7\u0131x\u0131b\u201d x\u0259b\u0259ri kim\u0259 laz\u0131md\u0131r? Telekanallar\u0131m\u0131z da onlara ox\u015fama\u011fa ba\u015flay\u0131blar. O g\u00fcn oxuyuram ki, hans\u0131sa m\u00fc\u011f\u0259nnimizin \u015f\u0259rab i\u00e7m\u0259sini yaz\u0131blar. Xalid Kaz\u0131ml\u0131 da sa\u011f olsun, yax\u015f\u0131 yazm\u0131\u015fd\u0131 ki, bura \u0130ran, S\u0259udiyy\u0259 deyil, kim n\u0259 i\u00e7ib \u00f6z\u00fc bil\u0259r.<\/p>\n<p>T\u00fcrkiy\u0259d\u0259n g\u0259l\u0259n qalmaqallar\u0131n n\u0259tic\u0259l\u0259ridir. Rusiyadak\u0131 tok-\u015foulardan k\u0259narda qalm\u0131\u015f\u0131q. M\u0259n rus dilini g\u00f6y\u0259 qald\u0131rmaq ist\u0259mir\u0259m. Sad\u0259c\u0259, reall\u0131qdan dan\u0131\u015f\u0131ram.<\/p>\n<p>O vaxt t\u00fcrkl\u0259r rus t\u0259yyar\u0259sini vuranda dedim ki, s\u0259hv edibl\u0259r, \u00fcst\u00fcm\u0259 qalxd\u0131lar. Dedil\u0259r ki, rus agentis\u0259n. Burdan bura A\u011fdama ged\u0259 bilmir, hayq\u0131r\u0131rd\u0131 ki, T\u00fcrkiy\u0259nin yan\u0131nday\u0131q. H\u0259min hadis\u0259nin ax\u0131r\u0131 da m\u0259lum oldu ki, nec\u0259 qurtard\u0131.\u00a0 Biz \u201cay\u0131\u201dn\u0131n da n\u0259 oldu\u011funu bilirik. Hikm\u0259t Hac\u0131zad\u0259 h\u00f6rm\u0259t etdiyimiz siyas\u0259t\u00e7idir, m\u0259ni agent \u00e7\u0131xard\u0131. Amma Aqil Abbas rusca z\u0259if bilir, m\u0259nd\u0259n agent olmaz. Rus agenti olma\u011f\u0131m \u00fc\u00e7\u00fcn g\u0259r\u0259k t\u0259rc\u00fcm\u0259\u00e7i ay\u0131rs\u0131nlar (g\u00fcl\u00fcr &#8211; E.S.) \u0130ndi bilir\u0259m ki, bu m\u00fcsahib\u0259m\u0259 g\u00f6r\u0259 d\u0259 \u00fcst\u00fcm\u0259 t\u00f6k\u00fcl\u0259c\u0259kl\u0259r.<\/p>\n<p><strong>&#8211; O vaxt \u201cso\u011fan \u0259kin\u201d dey\u0259nd\u0259 d\u0259 \u00fcst\u00fcn\u00fcz\u0259 g\u0259lmi\u015fdil\u0259r&#8230;<\/strong><\/p>\n<p>&#8211; M\u0259n so\u011fan\u0131 el\u0259 formada dem\u0259mi\u015fdim. Demi\u015fdim ki, k\u0259ndd\u0259 i\u015fl\u0259yirs\u0259, pay torpa\u011f\u0131 varsa, i\u015fsiz say\u0131lm\u0131r, \u0259ksin-bec\u0259rsin, ail\u0259sini saxlas\u0131n, \u00fcst\u00fcm\u0259 t\u00f6k\u00fcld\u00fcl\u0259r&#8230; Ona g\u00f6r\u0259 rus dili haqq\u0131nda deyir\u0259m ki, h\u0259r k\u0259sin se\u00e7imin\u0259 h\u00f6rm\u0259t etm\u0259k laz\u0131md\u0131r, \u0259sas rusca dan\u0131\u015fan\u0131n t\u0259f\u0259kk\u00fcr\u00fc rusca olmas\u0131n.<\/p>\n<p>musavat.com<\/p>\n","protected":false},"excerpt":{"rendered":"<p>Yaz\u0131\u00e7\u0131, deputat Aqil Abbas h\u0259mi\u015f\u0259 orijinal fikirl\u0259ri il\u0259 diqq\u0259t \u00e7\u0259kir. A\u00e7\u0131\u011f\u0131, onun dilind\u0259n s\u0259sl\u0259n\u0259n s\u00f6zl\u0259r h\u0259r zaman s\u0259mimi t\u0259sir ba\u011f\u0131\u015flay\u0131r. \u00c7\u00fcnki dan\u0131\u015fanda i\u00e7d\u0259n g\u0259l\u0259n s\u00f6zl\u0259r oldu\u011funu hiss edirs\u0259n, hans\u0131sa malalama ya da siyasi konyukturaya hesablanm\u0131\u015f a\u00e7\u0131qlamalar olmad\u0131\u011f\u0131n\u0131 g\u00f6r\u00fcrs\u0259n. Bu d\u0259f\u0259 A.Abbasla s\u00f6hb\u0259timiz son g\u00fcnl\u0259rin polemikas\u0131na \u00e7evril\u0259n u\u015faqlar\u0131n rus dilind\u0259 t\u0259hsil almas\u0131 il\u0259 ba\u011fl\u0131 oldu. &#8211; Aqil m\u00fc\u0259llim, do\u011furdanm\u0131 valideynl\u0259rin u\u015faqlar\u0131n\u0131 rus sektoruna qoymas\u0131 h\u0259y\u0259canlanmal\u0131 tendensiyad\u0131r? &#8211; Vallah, m\u0259n h\u0259y\u0259canlanmal\u0131 he\u00e7 n\u0259 g\u00f6rm\u00fcr\u0259m. Kim ist\u0259s\u0259 \u00f6vlad\u0131n\u0131 rusca, kim ist\u0259s\u0259 ingilisc\u0259, kim ist\u0259s\u0259, ana dilimizd\u0259 oxudar. O q\u0259d\u0259r yaz\u0131\u00e7\u0131lar\u0131n u\u015faqlar\u0131 rusca oxuyub&hellip;<\/p>\n","protected":false},"author":2,"featured_media":51748,"comment_status":"closed","ping_status":"closed","sticky":false,"template":"","format":"standard","meta":{"om_disable_all_campaigns":false,"_monsterinsights_skip_tracking":false,"_monsterinsights_sitenote_active":false,"_monsterinsights_sitenote_note":"","_monsterinsights_sitenote_category":0},"categories":[24],"tags":[],"aioseo_notices":[],"gutentor_comment":0,"rttpg_featured_image_url":{"full":["https:\/\/arantv.az\/wp-content\/uploads\/2019\/04\/5c538ceb882c3340aaf5d20c47592d46.jpg",450,300,false],"landscape":["https:\/\/arantv.az\/wp-content\/uploads\/2019\/04\/5c538ceb882c3340aaf5d20c47592d46.jpg",450,300,false],"portraits":["https:\/\/arantv.az\/wp-content\/uploads\/2019\/04\/5c538ceb882c3340aaf5d20c47592d46.jpg",450,300,false],"thumbnail":["https:\/\/arantv.az\/wp-content\/uploads\/2019\/04\/5c538ceb882c3340aaf5d20c47592d46-150x150.jpg",150,150,true],"medium":["https:\/\/arantv.az\/wp-content\/uploads\/2019\/04\/5c538ceb882c3340aaf5d20c47592d46-300x200.jpg",300,200,true],"large":["https:\/\/arantv.az\/wp-content\/uploads\/2019\/04\/5c538ceb882c3340aaf5d20c47592d46.jpg",450,300,false],"1536x1536":["https:\/\/arantv.az\/wp-content\/uploads\/2019\/04\/5c538ceb882c3340aaf5d20c47592d46.jpg",450,300,false],"2048x2048":["https:\/\/arantv.az\/wp-content\/uploads\/2019\/04\/5c538ceb882c3340aaf5d20c47592d46.jpg",450,300,false],"post-thumbnail":["https:\/\/arantv.az\/wp-content\/uploads\/2019\/04\/5c538ceb882c3340aaf5d20c47592d46-240x172.jpg",240,172,true],"advps-thumb-one":["https:\/\/arantv.az\/wp-content\/uploads\/2019\/04\/5c538ceb882c3340aaf5d20c47592d46.jpg",450,300,false]},"rttpg_author":{"display_name":"V\u00fcsal Rafiqo\u011flu","author_link":"https:\/\/arantv.az\/?author=2"},"rttpg_comment":0,"rttpg_category":"<a href=\"https:\/\/arantv.az\/?cat=24\" rel=\"category\">Maraql\u0131<\/a>","rttpg_excerpt":"Yaz\u0131\u00e7\u0131, deputat Aqil Abbas h\u0259mi\u015f\u0259 orijinal fikirl\u0259ri il\u0259 diqq\u0259t \u00e7\u0259kir. A\u00e7\u0131\u011f\u0131, onun dilind\u0259n s\u0259sl\u0259n\u0259n s\u00f6zl\u0259r h\u0259r zaman s\u0259mimi t\u0259sir ba\u011f\u0131\u015flay\u0131r. \u00c7\u00fcnki dan\u0131\u015fanda i\u00e7d\u0259n g\u0259l\u0259n s\u00f6zl\u0259r oldu\u011funu hiss edirs\u0259n, hans\u0131sa malalama ya da siyasi konyukturaya hesablanm\u0131\u015f a\u00e7\u0131qlamalar olmad\u0131\u011f\u0131n\u0131 g\u00f6r\u00fcrs\u0259n. Bu d\u0259f\u0259 A.Abbasla s\u00f6hb\u0259timiz son g\u00fcnl\u0259rin polemikas\u0131na \u00e7evril\u0259n u\u015faqlar\u0131n rus dilind\u0259 t\u0259hsil almas\u0131 il\u0259 ba\u011fl\u0131 oldu. &#8211;&hellip;","_links":{"self":[{"href":"https:\/\/arantv.az\/index.php?rest_route=\/wp\/v2\/posts\/51747"}],"collection":[{"href":"https:\/\/arantv.az\/index.php?rest_route=\/wp\/v2\/posts"}],"about":[{"href":"https:\/\/arantv.az\/index.php?rest_route=\/wp\/v2\/types\/post"}],"author":[{"embeddable":true,"href":"https:\/\/arantv.az\/index.php?rest_route=\/wp\/v2\/users\/2"}],"replies":[{"embeddable":true,"href":"https:\/\/arantv.az\/index.php?rest_route=%2Fwp%2Fv2%2Fcomments&post=51747"}],"version-history":[{"count":0,"href":"https:\/\/arantv.az\/index.php?rest_route=\/wp\/v2\/posts\/51747\/revisions"}],"wp:featuredmedia":[{"embeddable":true,"href":"https:\/\/arantv.az\/index.php?rest_route=\/wp\/v2\/media\/51748"}],"wp:attachment":[{"href":"https:\/\/arantv.az\/index.php?rest_route=%2Fwp%2Fv2%2Fmedia&parent=51747"}],"wp:term":[{"taxonomy":"category","embeddable":true,"href":"https:\/\/arantv.az\/index.php?rest_route=%2Fwp%2Fv2%2Fcategories&post=51747"},{"taxonomy":"post_tag","embeddable":true,"href":"https:\/\/arantv.az\/index.php?rest_route=%2Fwp%2Fv2%2Ftags&post=51747"}],"curies":[{"name":"wp","href":"https:\/\/api.w.org\/{rel}","templated":true}]}}