{"id":51789,"date":"2019-04-20T09:24:26","date_gmt":"2019-04-20T06:24:26","guid":{"rendered":"http:\/\/arantv.az\/?p=51789"},"modified":"2019-04-20T09:24:26","modified_gmt":"2019-04-20T06:24:26","slug":"az%c9%99rbaycanda-b%c9%99y-v%c9%99-g%c9%99linin-bu-goruntul%c9%99ri-h%c9%99r-k%c9%99si-guldurdu-video","status":"publish","type":"post","link":"https:\/\/arantv.az\/?p=51789","title":{"rendered":"Az\u0259rbaycanda b\u0259y v\u0259 g\u0259linin bu g\u00f6r\u00fcnt\u00fcl\u0259ri h\u0259r k\u0259si g\u00fcld\u00fcrd\u00fc &#8211; V\u0130DEO"},"content":{"rendered":"<p>G\u00f6r\u00fcnt\u00fcl\u0259r sosial \u015f\u0259b\u0259k\u0259d\u0259 maraqla qar\u015f\u0131lan\u0131b<\/p>\n<p>Az\u0259rbaycanda b\u0259yl\u0259 g\u0259linin maraql\u0131 g\u00f6r\u00fcnt\u00fcl\u0259ri yay\u0131l\u0131b.<\/p>\n<p><b>ARANTV.AZ\u00a0<\/b>aznews.az-a istinad\u0259n x\u0259b\u0259r verir ki, meyxana s\u0259das\u0131 alt\u0131nda tort yey\u0259n c\u00fctl\u00fck maraql\u0131 video \u00e7\u0259kdirib. G\u00f6r\u00fcnt\u00fcl\u0259r sosial \u015f\u0259b\u0259k\u0259d\u0259 maraqla qar\u015f\u0131lan\u0131b.<\/p>\n<p>H\u0259min kadrlar\u0131 siz\u0259 t\u0259qdim edirik:<\/p>\n<div class=\"embed-responsive embed-responsive-16by9\"><iframe loading=\"lazy\" id=\"nmqembedid\" class=\"embed-responsive-item\" title=\"video player\" src=\"https:\/\/izle.az\/embed\/qyyxNXFONcjJKw4PS84GAA~~\" width=\"600\" height=\"340\" frameborder=\"0\" scrolling=\"no\" allowfullscreen=\"allowfullscreen\" data-mce-fragment=\"1\"><\/iframe><\/div>\n<div class=\"datespan clearfix\"><\/div>\n","protected":false},"excerpt":{"rendered":"<p>G\u00f6r\u00fcnt\u00fcl\u0259r sosial \u015f\u0259b\u0259k\u0259d\u0259 maraqla qar\u015f\u0131lan\u0131b Az\u0259rbaycanda b\u0259yl\u0259 g\u0259linin maraql\u0131 g\u00f6r\u00fcnt\u00fcl\u0259ri yay\u0131l\u0131b. ARANTV.AZ\u00a0aznews.az-a istinad\u0259n x\u0259b\u0259r verir ki, meyxana s\u0259das\u0131 alt\u0131nda tort yey\u0259n c\u00fctl\u00fck maraql\u0131 video \u00e7\u0259kdirib. G\u00f6r\u00fcnt\u00fcl\u0259r sosial \u015f\u0259b\u0259k\u0259d\u0259 maraqla qar\u015f\u0131lan\u0131b. H\u0259min kadrlar\u0131 siz\u0259 t\u0259qdim edirik:<\/p>\n","protected":false},"author":2,"featured_media":51790,"comment_status":"closed","ping_status":"closed","sticky":false,"template":"","format":"standard","meta":{"om_disable_all_campaigns":false,"_monsterinsights_skip_tracking":false,"_monsterinsights_sitenote_active":false,"_monsterinsights_sitenote_note":"","_monsterinsights_sitenote_category":0},"categories":[1],"tags":[],"aioseo_notices":[],"gutentor_comment":0,"rttpg_featured_image_url":{"full":["https:\/\/arantv.az\/wp-content\/uploads\/2019\/04\/155574121045.jpg",550,455,false],"landscape":["https:\/\/arantv.az\/wp-content\/uploads\/2019\/04\/155574121045.jpg",550,455,false],"portraits":["https:\/\/arantv.az\/wp-content\/uploads\/2019\/04\/155574121045.jpg",550,455,false],"thumbnail":["https:\/\/arantv.az\/wp-content\/uploads\/2019\/04\/155574121045-150x150.jpg",150,150,true],"medium":["https:\/\/arantv.az\/wp-content\/uploads\/2019\/04\/155574121045-300x248.jpg",300,248,true],"large":["https:\/\/arantv.az\/wp-content\/uploads\/2019\/04\/155574121045.jpg",550,455,false],"1536x1536":["https:\/\/arantv.az\/wp-content\/uploads\/2019\/04\/155574121045.jpg",550,455,false],"2048x2048":["https:\/\/arantv.az\/wp-content\/uploads\/2019\/04\/155574121045.jpg",550,455,false],"post-thumbnail":["https:\/\/arantv.az\/wp-content\/uploads\/2019\/04\/155574121045-240x172.jpg",240,172,true],"advps-thumb-one":["https:\/\/arantv.az\/wp-content\/uploads\/2019\/04\/155574121045.jpg",550,455,false]},"rttpg_author":{"display_name":"V\u00fcsal Rafiqo\u011flu","author_link":"https:\/\/arantv.az\/?author=2"},"rttpg_comment":0,"rttpg_category":"<a href=\"https:\/\/arantv.az\/?cat=1\" rel=\"category\">C\u0259miyy\u0259t<\/a>","rttpg_excerpt":"G\u00f6r\u00fcnt\u00fcl\u0259r sosial \u015f\u0259b\u0259k\u0259d\u0259 maraqla qar\u015f\u0131lan\u0131b Az\u0259rbaycanda b\u0259yl\u0259 g\u0259linin maraql\u0131 g\u00f6r\u00fcnt\u00fcl\u0259ri yay\u0131l\u0131b. ARANTV.AZ\u00a0aznews.az-a istinad\u0259n x\u0259b\u0259r verir ki, meyxana s\u0259das\u0131 alt\u0131nda tort yey\u0259n c\u00fctl\u00fck maraql\u0131 video \u00e7\u0259kdirib. G\u00f6r\u00fcnt\u00fcl\u0259r sosial \u015f\u0259b\u0259k\u0259d\u0259 maraqla qar\u015f\u0131lan\u0131b. H\u0259min kadrlar\u0131 siz\u0259 t\u0259qdim edirik:","_links":{"self":[{"href":"https:\/\/arantv.az\/index.php?rest_route=\/wp\/v2\/posts\/51789"}],"collection":[{"href":"https:\/\/arantv.az\/index.php?rest_route=\/wp\/v2\/posts"}],"about":[{"href":"https:\/\/arantv.az\/index.php?rest_route=\/wp\/v2\/types\/post"}],"author":[{"embeddable":true,"href":"https:\/\/arantv.az\/index.php?rest_route=\/wp\/v2\/users\/2"}],"replies":[{"embeddable":true,"href":"https:\/\/arantv.az\/index.php?rest_route=%2Fwp%2Fv2%2Fcomments&post=51789"}],"version-history":[{"count":0,"href":"https:\/\/arantv.az\/index.php?rest_route=\/wp\/v2\/posts\/51789\/revisions"}],"wp:featuredmedia":[{"embeddable":true,"href":"https:\/\/arantv.az\/index.php?rest_route=\/wp\/v2\/media\/51790"}],"wp:attachment":[{"href":"https:\/\/arantv.az\/index.php?rest_route=%2Fwp%2Fv2%2Fmedia&parent=51789"}],"wp:term":[{"taxonomy":"category","embeddable":true,"href":"https:\/\/arantv.az\/index.php?rest_route=%2Fwp%2Fv2%2Fcategories&post=51789"},{"taxonomy":"post_tag","embeddable":true,"href":"https:\/\/arantv.az\/index.php?rest_route=%2Fwp%2Fv2%2Ftags&post=51789"}],"curies":[{"name":"wp","href":"https:\/\/api.w.org\/{rel}","templated":true}]}}