{"id":51801,"date":"2019-04-20T10:09:39","date_gmt":"2019-04-20T07:09:39","guid":{"rendered":"http:\/\/arantv.az\/?p=51801"},"modified":"2019-04-20T10:09:39","modified_gmt":"2019-04-20T07:09:39","slug":"bu-gec%c9%99-mubar%c9%99k-nimeyi-saban-daxil-olur","status":"publish","type":"post","link":"https:\/\/arantv.az\/?p=51801","title":{"rendered":"Bu gec\u0259 m\u00fcbar\u0259k Nimeyi-\u015eaban daxil olur"},"content":{"rendered":"<p>Bu gec\u0259 \u015fam azan\u0131ndan sonra (g\u00fcn\u0259\u015f batd\u0131qdan sonra) hicri-q\u0259m\u0259ri t\u0259qvimi il\u0259 \u015eaban ay\u0131n\u0131n 15-i &#8211; m\u00fcbar\u0259k &#8220;Nimeyi-\u015e\u0259ban&#8221; bayram\u0131 daxil olur.<\/p>\n<p><b>ARANTV.AZ<\/b>-\u0131n m\u0259lumat\u0131na g\u00f6r\u0259, bu ay\u0131n \u0259n f\u0259zil\u0259tli vaxt\u0131 \u201cNimeyi-\u015eaban\u201d bayram\u0131d\u0131r. \u015eaban ay\u0131n\u0131n 15-ci gec\u0259si v\u0259 g\u00fcn\u00fc x\u00fcsusi ibad\u0259t vaxt\u0131d\u0131r.<\/p>\n<p>H\u0259disl\u0259rd\u0259 qeyd olunur ki, bu gec\u0259 Q\u0259dr gec\u0259sind\u0259n sonra \u0259n f\u0259zil\u0259tli gec\u0259dir.<\/p>\n<p>T\u00f6vsiyy\u0259 olunur ki, bu gec\u0259 q\u00fcsl edilsin, oyaq ke\u00e7irilsin, ilahi \u00f6vliyalar ziyar\u0259t edilsin.<\/p>\n<p>Bu gec\u0259nin dig\u0259r x\u00fcsusiyy\u0259ti d\u0259 d\u00f6vr\u00fcm\u00fcz\u00fcn imam\u0131 H\u0259zr\u0259t Mehdinin (\u0259.f) m\u0259hz bu gec\u0259 d\u00fcnyaya g\u0259lm\u0259sidir. Bel\u0259 ki, \u0130mam Mehdi (\u0259) miladi 878-ci ilin bu gec\u0259sind\u0259 \u0130raq\u0131n haz\u0131rk\u0131 Samirr\u0259 \u015f\u0259h\u0259rind\u0259 anadan olub.<\/p>\n<p>Bu gec\u0259nin \u0259m\u0259ll\u0259ri savabla yana\u015f\u0131 insana h\u0259yat f\u0259ls\u0259f\u0259sini a\u015f\u0131lay\u0131r. Bu gec\u0259 \u0259hya saxlayan \u015f\u0259xs yax\u015f\u0131 olar ki, \u0130mam H\u00fcseyni (\u0259), sonra is\u0259 \u0130mam Mehdini (\u0259) uzaqdan ziyar\u0259t etsin, salamlas\u0131n.<\/p>\n<div id=\"AdviadNativeVideo0\" class=\"AdviadNativeVideo\"><\/div>\n<p>\u015eaban ay\u0131n\u0131n on be\u015finci gec\u0259sinin bir ne\u00e7\u0259 \u0259m\u0259ll\u0259ri vard\u0131r:<\/p>\n<p>1. Q\u00fcsl etm\u0259k. Bu gec\u0259 q\u00fcsl etm\u0259k g\u00fcnahlar\u0131n y\u00fcng\u00fcll\u0259\u015fm\u0259sin\u0259 s\u0259b\u0259b olar.<\/p>\n<p>2. Bu gec\u0259ni namaz q\u0131lmaqla, dua v\u0259 isti\u011ffar etm\u0259kl\u0259 \u0259hya saxlamaq.<\/p>\n<p>3. &#8220;Kumeyl&#8221; duas\u0131n\u0131 oxumaq.<\/p>\n<p>4. \u0130mam H\u00fcseyni (\u0259) ziyar\u0259t etm\u0259k.<\/p>\n<p>Bu gec\u0259nin dig\u0259r x\u00fcsusi \u0259m\u0259ll\u0259rini yerin\u0259 yetirm\u0259k ist\u0259y\u0259nl\u0259r &#8220;M\u0259fatihul-Cinan&#8221; kitab\u0131na m\u00fcraci\u0259t ed\u0259 bil\u0259rl\u0259r.big.az<\/p>\n","protected":false},"excerpt":{"rendered":"<p>Bu gec\u0259 \u015fam azan\u0131ndan sonra (g\u00fcn\u0259\u015f batd\u0131qdan sonra) hicri-q\u0259m\u0259ri t\u0259qvimi il\u0259 \u015eaban ay\u0131n\u0131n 15-i &#8211; m\u00fcbar\u0259k &#8220;Nimeyi-\u015e\u0259ban&#8221; bayram\u0131 daxil olur. ARANTV.AZ-\u0131n m\u0259lumat\u0131na g\u00f6r\u0259, bu ay\u0131n \u0259n f\u0259zil\u0259tli vaxt\u0131 \u201cNimeyi-\u015eaban\u201d bayram\u0131d\u0131r. \u015eaban ay\u0131n\u0131n 15-ci gec\u0259si v\u0259 g\u00fcn\u00fc x\u00fcsusi ibad\u0259t vaxt\u0131d\u0131r. H\u0259disl\u0259rd\u0259 qeyd olunur ki, bu gec\u0259 Q\u0259dr gec\u0259sind\u0259n sonra \u0259n f\u0259zil\u0259tli gec\u0259dir. T\u00f6vsiyy\u0259 olunur ki, bu gec\u0259 q\u00fcsl edilsin, oyaq ke\u00e7irilsin, ilahi \u00f6vliyalar ziyar\u0259t edilsin. Bu gec\u0259nin dig\u0259r x\u00fcsusiyy\u0259ti d\u0259 d\u00f6vr\u00fcm\u00fcz\u00fcn imam\u0131 H\u0259zr\u0259t Mehdinin (\u0259.f) m\u0259hz bu gec\u0259 d\u00fcnyaya g\u0259lm\u0259sidir. Bel\u0259 ki, \u0130mam Mehdi (\u0259) miladi 878-ci ilin bu gec\u0259sind\u0259 \u0130raq\u0131n&hellip;<\/p>\n","protected":false},"author":2,"featured_media":51802,"comment_status":"closed","ping_status":"closed","sticky":false,"template":"","format":"standard","meta":{"om_disable_all_campaigns":false,"_monsterinsights_skip_tracking":false,"_monsterinsights_sitenote_active":false,"_monsterinsights_sitenote_note":"","_monsterinsights_sitenote_category":0},"categories":[1],"tags":[],"aioseo_notices":[],"gutentor_comment":0,"rttpg_featured_image_url":{"full":["https:\/\/arantv.az\/wp-content\/uploads\/2019\/04\/iftiraya_dua2_700x390_0_700x390.jpg",650,362,false],"landscape":["https:\/\/arantv.az\/wp-content\/uploads\/2019\/04\/iftiraya_dua2_700x390_0_700x390.jpg",650,362,false],"portraits":["https:\/\/arantv.az\/wp-content\/uploads\/2019\/04\/iftiraya_dua2_700x390_0_700x390.jpg",650,362,false],"thumbnail":["https:\/\/arantv.az\/wp-content\/uploads\/2019\/04\/iftiraya_dua2_700x390_0_700x390-150x150.jpg",150,150,true],"medium":["https:\/\/arantv.az\/wp-content\/uploads\/2019\/04\/iftiraya_dua2_700x390_0_700x390-300x167.jpg",300,167,true],"large":["https:\/\/arantv.az\/wp-content\/uploads\/2019\/04\/iftiraya_dua2_700x390_0_700x390.jpg",640,356,false],"1536x1536":["https:\/\/arantv.az\/wp-content\/uploads\/2019\/04\/iftiraya_dua2_700x390_0_700x390.jpg",650,362,false],"2048x2048":["https:\/\/arantv.az\/wp-content\/uploads\/2019\/04\/iftiraya_dua2_700x390_0_700x390.jpg",650,362,false],"post-thumbnail":["https:\/\/arantv.az\/wp-content\/uploads\/2019\/04\/iftiraya_dua2_700x390_0_700x390-240x172.jpg",240,172,true],"advps-thumb-one":["https:\/\/arantv.az\/wp-content\/uploads\/2019\/04\/iftiraya_dua2_700x390_0_700x390.jpg",650,362,false]},"rttpg_author":{"display_name":"V\u00fcsal Rafiqo\u011flu","author_link":"https:\/\/arantv.az\/?author=2"},"rttpg_comment":0,"rttpg_category":"<a href=\"https:\/\/arantv.az\/?cat=1\" rel=\"category\">C\u0259miyy\u0259t<\/a>","rttpg_excerpt":"Bu gec\u0259 \u015fam azan\u0131ndan sonra (g\u00fcn\u0259\u015f batd\u0131qdan sonra) hicri-q\u0259m\u0259ri t\u0259qvimi il\u0259 \u015eaban ay\u0131n\u0131n 15-i &#8211; m\u00fcbar\u0259k &#8220;Nimeyi-\u015e\u0259ban&#8221; bayram\u0131 daxil olur. ARANTV.AZ-\u0131n m\u0259lumat\u0131na g\u00f6r\u0259, bu ay\u0131n \u0259n f\u0259zil\u0259tli vaxt\u0131 \u201cNimeyi-\u015eaban\u201d bayram\u0131d\u0131r. \u015eaban ay\u0131n\u0131n 15-ci gec\u0259si v\u0259 g\u00fcn\u00fc x\u00fcsusi ibad\u0259t vaxt\u0131d\u0131r. H\u0259disl\u0259rd\u0259 qeyd olunur ki, bu gec\u0259 Q\u0259dr gec\u0259sind\u0259n sonra \u0259n f\u0259zil\u0259tli gec\u0259dir. T\u00f6vsiyy\u0259 olunur ki, bu&hellip;","_links":{"self":[{"href":"https:\/\/arantv.az\/index.php?rest_route=\/wp\/v2\/posts\/51801"}],"collection":[{"href":"https:\/\/arantv.az\/index.php?rest_route=\/wp\/v2\/posts"}],"about":[{"href":"https:\/\/arantv.az\/index.php?rest_route=\/wp\/v2\/types\/post"}],"author":[{"embeddable":true,"href":"https:\/\/arantv.az\/index.php?rest_route=\/wp\/v2\/users\/2"}],"replies":[{"embeddable":true,"href":"https:\/\/arantv.az\/index.php?rest_route=%2Fwp%2Fv2%2Fcomments&post=51801"}],"version-history":[{"count":0,"href":"https:\/\/arantv.az\/index.php?rest_route=\/wp\/v2\/posts\/51801\/revisions"}],"wp:featuredmedia":[{"embeddable":true,"href":"https:\/\/arantv.az\/index.php?rest_route=\/wp\/v2\/media\/51802"}],"wp:attachment":[{"href":"https:\/\/arantv.az\/index.php?rest_route=%2Fwp%2Fv2%2Fmedia&parent=51801"}],"wp:term":[{"taxonomy":"category","embeddable":true,"href":"https:\/\/arantv.az\/index.php?rest_route=%2Fwp%2Fv2%2Fcategories&post=51801"},{"taxonomy":"post_tag","embeddable":true,"href":"https:\/\/arantv.az\/index.php?rest_route=%2Fwp%2Fv2%2Ftags&post=51801"}],"curies":[{"name":"wp","href":"https:\/\/api.w.org\/{rel}","templated":true}]}}