{"id":51804,"date":"2019-04-20T10:10:40","date_gmt":"2019-04-20T07:10:40","guid":{"rendered":"http:\/\/arantv.az\/?p=51804"},"modified":"2019-04-20T10:10:40","modified_gmt":"2019-04-20T07:10:40","slug":"%c9%99r-uc-usaq-anasi-arvadini-basqa-kisiyl%c9%99-mesajlasan-yerd%c9%99-tutdu-d%c9%99hs%c9%99t-sacdi-az%c9%99rbaycanda-q%c9%99tl","status":"publish","type":"post","link":"https:\/\/arantv.az\/?p=51804","title":{"rendered":"\u018fr \u00fc\u00e7 u\u015faq anas\u0131 arvad\u0131n\u0131 ba\u015fqa ki\u015fiyl\u0259 mesajla\u015fan yerd\u0259 tutdu, d\u0259h\u015f\u0259t sa\u00e7d\u0131 \u2014 Az\u0259rbaycanda q\u0259tl"},"content":{"rendered":"<p>Bac\u0131s\u0131n\u0131 bo\u011faraq \u00f6ld\u00fcrm\u0259kd\u0259 t\u0259qsirl\u0259ndiril\u0259n \u015eamax\u0131 \u015f\u0259h\u0259r sakini, 1977-ci il t\u0259v\u0259ll\u00fcdl\u00fc Rafail Yol\u00e7uyevin Ali M\u0259hk\u0259m\u0259y\u0259 m\u00fcraci\u0259t edib.<\/p>\n<p><b>ARANTV.AZ<\/b>\u00a0\u00f6lk\u0259.az-a istinad\u0259n x\u0259b\u0259r verir ki, t\u0259qsirl\u0259ndiril\u0259n Rafail Yol\u00e7uyevin m\u00fcraci\u0259tin\u0259 may ay\u0131n\u0131n 15-d\u0259 hakim \u018fli Seyf\u0259liyevin s\u0259drliyi il\u0259 ke\u00e7iril\u0259c\u0259k m\u0259hk\u0259m\u0259 prosesind\u0259 bax\u0131lacaq.<\/p>\n<p>Qeyd ed\u0259k ki, 2017-ci ilin yanvar\u0131n 3-d\u0259 R\u0259fail Yol\u00e7uyevin bac\u0131s\u0131 Yas\u0259m\u0259n Arzuxanovan\u0131n \u0259ri \u0130ntiqam Arzuxanov ona z\u0259ng ed\u0259r\u0259k bac\u0131s\u0131n\u0131n \u0259xlaqs\u0131z h\u0259r\u0259k\u0259tl\u0259r etdiyini, mobil telefon vasit\u0259sil\u0259 tan\u0131mad\u0131\u011f\u0131 ki\u015fil\u0259rl\u0259 dan\u0131\u015fd\u0131\u011f\u0131n\u0131 v\u0259 buna g\u00f6r\u0259 bac\u0131s\u0131n\u0131 bo\u015fayaca\u011f\u0131n\u0131 deyib.<\/p>\n<div id=\"AdviadNativeVideo0\" class=\"AdviadNativeVideo\"><\/div>\n<p>Bundan sonra R\u0259fail bac\u0131s\u0131 Yas\u0259m\u0259n Arzuxanovan\u0131n \u0259ri v\u0259 \u00fc\u00e7 \u00f6vlad\u0131 oldu\u011fu halda, \u0259xlaqs\u0131zl\u0131q etm\u0259si, onun ba\u015fqa ki\u015fil\u0259rl\u0259 dan\u0131\u015fmas\u0131 v\u0259 g\u00f6r\u00fc\u015fm\u0259sini a\u015fkara \u00e7\u0131xar\u0131b.<\/p>\n<p>21 yanvar 2017-ci ild\u0259 bac\u0131s\u0131n\u0131 s\u00f6hb\u0259t etm\u0259k \u00fc\u00e7\u00fcn m\u00fcv\u0259qq\u0259ti m\u0259skunla\u015fd\u0131\u011f\u0131 Bak\u0131dan \u015eamax\u0131da yerl\u0259\u015f\u0259n \u00f6z ya\u015fad\u0131\u011f\u0131 ev\u0259 d\u0259v\u0259t edib. R\u0259fail Yol\u00e7uyev yanvar\u0131n 23-d\u0259, s\u0259h\u0259r evd\u0259 he\u00e7 kimin olmad\u0131\u011f\u0131 bir vaxtda bac\u0131s\u0131n\u0131n yatd\u0131\u011f\u0131 ota\u011fa daxil olub. Bu zaman o, Yas\u0259m\u0259n Arzuxanovan\u0131n yar\u0131m oturulu v\u0259ziyy\u0259td\u0259 \u0259lind\u0259 telefon oldu\u011funu g\u00f6r\u00fcb v\u0259 onun ba\u015fqa ki\u015fil\u0259rl\u0259 yaz\u0131\u015fd\u0131\u011f\u0131n\u0131 g\u00fcman edib. R\u0259fail Yol\u00e7uyev bac\u0131s\u0131na \u201cb\u0259sdir d\u0259, s\u0259n h\u0259l\u0259 d\u0259 a\u011f\u0131llanm\u0131rsan, s\u0259h\u0259r tezd\u0259n kiml\u0259 yaz\u0131\u015f\u0131rsan\u201d, &#8211; dey\u0259 bildirib.<br \/>\nBu zaman Yas\u0259m\u0259n qarda\u015f\u0131na kobud t\u0259rzd\u0259 cavab verib. R\u0259fael \u0259s\u0259bil\u0259\u015f\u0259r\u0259k \u00e7arpay\u0131da oturan bac\u0131s\u0131n\u0131 bo\u011faraq \u00f6ld\u00fcr\u00fcb.<\/p>\n<p>R\u0259fail Yol\u00e7uyev Cinay\u0259t M\u0259c\u0259ll\u0259sinin 120.1-ci (q\u0259sd\u0259n adam \u00f6ld\u00fcrm\u0259) madd\u0259sil\u0259 ittiham edilib. Bak\u0131 A\u011f\u0131r Cinay\u0259tl\u0259r M\u0259hk\u0259m\u0259sinin h\u00f6km\u00fc il\u0259 o, 9 il m\u00fcdd\u0259tin\u0259 azadl\u0131qdan m\u0259hrum olunub.<\/p>\n","protected":false},"excerpt":{"rendered":"<p>Bac\u0131s\u0131n\u0131 bo\u011faraq \u00f6ld\u00fcrm\u0259kd\u0259 t\u0259qsirl\u0259ndiril\u0259n \u015eamax\u0131 \u015f\u0259h\u0259r sakini, 1977-ci il t\u0259v\u0259ll\u00fcdl\u00fc Rafail Yol\u00e7uyevin Ali M\u0259hk\u0259m\u0259y\u0259 m\u00fcraci\u0259t edib. ARANTV.AZ\u00a0\u00f6lk\u0259.az-a istinad\u0259n x\u0259b\u0259r verir ki, t\u0259qsirl\u0259ndiril\u0259n Rafail Yol\u00e7uyevin m\u00fcraci\u0259tin\u0259 may ay\u0131n\u0131n 15-d\u0259 hakim \u018fli Seyf\u0259liyevin s\u0259drliyi il\u0259 ke\u00e7iril\u0259c\u0259k m\u0259hk\u0259m\u0259 prosesind\u0259 bax\u0131lacaq. Qeyd ed\u0259k ki, 2017-ci ilin yanvar\u0131n 3-d\u0259 R\u0259fail Yol\u00e7uyevin bac\u0131s\u0131 Yas\u0259m\u0259n Arzuxanovan\u0131n \u0259ri \u0130ntiqam Arzuxanov ona z\u0259ng ed\u0259r\u0259k bac\u0131s\u0131n\u0131n \u0259xlaqs\u0131z h\u0259r\u0259k\u0259tl\u0259r etdiyini, mobil telefon vasit\u0259sil\u0259 tan\u0131mad\u0131\u011f\u0131 ki\u015fil\u0259rl\u0259 dan\u0131\u015fd\u0131\u011f\u0131n\u0131 v\u0259 buna g\u00f6r\u0259 bac\u0131s\u0131n\u0131 bo\u015fayaca\u011f\u0131n\u0131 deyib. Bundan sonra R\u0259fail bac\u0131s\u0131 Yas\u0259m\u0259n Arzuxanovan\u0131n \u0259ri v\u0259 \u00fc\u00e7 \u00f6vlad\u0131 oldu\u011fu halda, \u0259xlaqs\u0131zl\u0131q etm\u0259si, onun ba\u015fqa ki\u015fil\u0259rl\u0259 dan\u0131\u015fmas\u0131 v\u0259&hellip;<\/p>\n","protected":false},"author":2,"featured_media":51805,"comment_status":"closed","ping_status":"closed","sticky":false,"template":"","format":"standard","meta":{"om_disable_all_campaigns":false,"_monsterinsights_skip_tracking":false,"_monsterinsights_sitenote_active":false,"_monsterinsights_sitenote_note":"","_monsterinsights_sitenote_category":0},"categories":[3],"tags":[],"aioseo_notices":[],"gutentor_comment":0,"rttpg_featured_image_url":{"full":["https:\/\/arantv.az\/wp-content\/uploads\/2019\/04\/hh_51555741328.jpg",485,299,false],"landscape":["https:\/\/arantv.az\/wp-content\/uploads\/2019\/04\/hh_51555741328.jpg",485,299,false],"portraits":["https:\/\/arantv.az\/wp-content\/uploads\/2019\/04\/hh_51555741328.jpg",485,299,false],"thumbnail":["https:\/\/arantv.az\/wp-content\/uploads\/2019\/04\/hh_51555741328-150x150.jpg",150,150,true],"medium":["https:\/\/arantv.az\/wp-content\/uploads\/2019\/04\/hh_51555741328-300x185.jpg",300,185,true],"large":["https:\/\/arantv.az\/wp-content\/uploads\/2019\/04\/hh_51555741328.jpg",485,299,false],"1536x1536":["https:\/\/arantv.az\/wp-content\/uploads\/2019\/04\/hh_51555741328.jpg",485,299,false],"2048x2048":["https:\/\/arantv.az\/wp-content\/uploads\/2019\/04\/hh_51555741328.jpg",485,299,false],"post-thumbnail":["https:\/\/arantv.az\/wp-content\/uploads\/2019\/04\/hh_51555741328-240x172.jpg",240,172,true],"advps-thumb-one":["https:\/\/arantv.az\/wp-content\/uploads\/2019\/04\/hh_51555741328.jpg",485,299,false]},"rttpg_author":{"display_name":"V\u00fcsal Rafiqo\u011flu","author_link":"https:\/\/arantv.az\/?author=2"},"rttpg_comment":0,"rttpg_category":"<a href=\"https:\/\/arantv.az\/?cat=3\" rel=\"category\">Kriminal<\/a>","rttpg_excerpt":"Bac\u0131s\u0131n\u0131 bo\u011faraq \u00f6ld\u00fcrm\u0259kd\u0259 t\u0259qsirl\u0259ndiril\u0259n \u015eamax\u0131 \u015f\u0259h\u0259r sakini, 1977-ci il t\u0259v\u0259ll\u00fcdl\u00fc Rafail Yol\u00e7uyevin Ali M\u0259hk\u0259m\u0259y\u0259 m\u00fcraci\u0259t edib. ARANTV.AZ\u00a0\u00f6lk\u0259.az-a istinad\u0259n x\u0259b\u0259r verir ki, t\u0259qsirl\u0259ndiril\u0259n Rafail Yol\u00e7uyevin m\u00fcraci\u0259tin\u0259 may ay\u0131n\u0131n 15-d\u0259 hakim \u018fli Seyf\u0259liyevin s\u0259drliyi il\u0259 ke\u00e7iril\u0259c\u0259k m\u0259hk\u0259m\u0259 prosesind\u0259 bax\u0131lacaq. Qeyd ed\u0259k ki, 2017-ci ilin yanvar\u0131n 3-d\u0259 R\u0259fail Yol\u00e7uyevin bac\u0131s\u0131 Yas\u0259m\u0259n Arzuxanovan\u0131n \u0259ri \u0130ntiqam Arzuxanov ona z\u0259ng ed\u0259r\u0259k&hellip;","_links":{"self":[{"href":"https:\/\/arantv.az\/index.php?rest_route=\/wp\/v2\/posts\/51804"}],"collection":[{"href":"https:\/\/arantv.az\/index.php?rest_route=\/wp\/v2\/posts"}],"about":[{"href":"https:\/\/arantv.az\/index.php?rest_route=\/wp\/v2\/types\/post"}],"author":[{"embeddable":true,"href":"https:\/\/arantv.az\/index.php?rest_route=\/wp\/v2\/users\/2"}],"replies":[{"embeddable":true,"href":"https:\/\/arantv.az\/index.php?rest_route=%2Fwp%2Fv2%2Fcomments&post=51804"}],"version-history":[{"count":0,"href":"https:\/\/arantv.az\/index.php?rest_route=\/wp\/v2\/posts\/51804\/revisions"}],"wp:featuredmedia":[{"embeddable":true,"href":"https:\/\/arantv.az\/index.php?rest_route=\/wp\/v2\/media\/51805"}],"wp:attachment":[{"href":"https:\/\/arantv.az\/index.php?rest_route=%2Fwp%2Fv2%2Fmedia&parent=51804"}],"wp:term":[{"taxonomy":"category","embeddable":true,"href":"https:\/\/arantv.az\/index.php?rest_route=%2Fwp%2Fv2%2Fcategories&post=51804"},{"taxonomy":"post_tag","embeddable":true,"href":"https:\/\/arantv.az\/index.php?rest_route=%2Fwp%2Fv2%2Ftags&post=51804"}],"curies":[{"name":"wp","href":"https:\/\/api.w.org\/{rel}","templated":true}]}}