{"id":51811,"date":"2019-04-20T10:14:20","date_gmt":"2019-04-20T07:14:20","guid":{"rendered":"http:\/\/arantv.az\/?p=51811"},"modified":"2019-04-20T10:14:20","modified_gmt":"2019-04-20T07:14:20","slug":"az%c9%99rbaycana-qar-yagir-yenil%c9%99nib-foto","status":"publish","type":"post","link":"https:\/\/arantv.az\/?p=51811","title":{"rendered":"Az\u0259rbaycana qar ya\u011f\u0131r &#8211; YEN\u0130L\u018fN\u0130B + FOTO"},"content":{"rendered":"<p>\u00d6t\u0259n gec\u0259 Nax\u00e7\u0131van Muxtar Respublikas\u0131nda qarl\u0131 hava \u015f\u0259raiti m\u00fc\u015fahid\u0259 edilib.<\/p>\n<p><strong>ARANTV.AZ\u00a0<\/strong>\u00a0x\u0259b\u0259r verir ki, gec\u0259d\u0259n ba\u015flayan qarl\u0131 hava \u015f\u0259raiti h\u0259l\u0259 d\u0259 davam edir.<\/p>\n<p>Lerik rayonuna da g\u00fccl\u00fc qar ya\u011f\u0131b. Qar\u0131n h\u00fcnd\u00fcrl\u00fcy\u00fc da\u011fl\u0131q \u0259razid\u0259 10-15 sm-\u0259, dig\u0259r \u0259razil\u0259rd\u0259 is\u0259 3-4 sm-\u0259 b\u0259rab\u0259r olub.<\/p>\n<div id=\"AdviadNativeVideo0\" class=\"AdviadNativeVideo\"><\/div>\n<p><img src=\"https:\/\/assets.oxu.az\/uploads\/W1siZiIsIjIwMTkvMDQvMjAvMTEvMDUvNTEvMzAwNjY4ZmQtYTkxNS00NjIxLWJhNjctMDQ3NzJlNDMwMThlL1FBUjIuanBnIl0sWyJwIiwiZW5jb2RlIiwianBnIiwiLXF1YWxpdHkgODAiXSxbInAiLCJ0aHVtYiIsIjU5MHg1OTBcdTAwM2UiXV0?sha=beccb6470030093a\" alt=\"\" \/><img src=\"https:\/\/assets.oxu.az\/uploads\/W1siZiIsIjIwMTkvMDQvMjAvMTEvMDUvNTEvYjA2ZTg2ZjAtMjEyYi00ZjgxLTlhNmEtM2QyNmM4ZWRjY2NmL1FBUjEuanBnIl0sWyJwIiwiZW5jb2RlIiwianBnIiwiLXF1YWxpdHkgODAiXSxbInAiLCJ0aHVtYiIsIjU5MHg1OTBcdTAwM2UiXV0?sha=bad2830cef4be85e\" alt=\"\" \/><img src=\"https:\/\/assets.oxu.az\/uploads\/W1siZiIsIjIwMTkvMDQvMjAvMTEvMDUvNTEvNDRmYjVlZDgtNTc1MC00NTNiLWI0ZTEtZTRlNzdiNDdlYWUzL1FBUi5qcGciXSxbInAiLCJlbmNvZGUiLCJqcGciLCItcXVhbGl0eSA4MCJdLFsicCIsInRodW1iIiwiNTkweDU5MFx1MDAzZSJdXQ?sha=88689674f228be00\" alt=\"\" \/><\/p>\n<p>09:26<\/p>\n<p>\u00d6t\u0259n gec\u0259d\u0259n ba\u015flayaraq Az\u0259rbaycan\u0131n \u015fimal b\u00f6lg\u0259sin\u0259 qar ya\u011f\u0131r.<\/p>\n<p><b>ARANTV.AZ<\/b>-\u0131n m\u0259lumat\u0131na g\u00f6r\u0259, Quban\u0131n bir ne\u00e7\u0259 da\u011f k\u0259ndi art\u0131q a\u011f \u00f6rp\u0259y\u0259 b\u00fcr\u00fcn\u00fcb.<\/p>\n<p>Qar meyv\u0259 a\u011faclar\u0131na z\u0259r\u0259r vurub.<\/p>\n<p>M\u0259lumata g\u00f6r\u0259, haz\u0131rda s\u00f6z\u00fcged\u0259n b\u00f6lg\u0259l\u0259rd\u0259 qar ya\u011f\u0131nt\u0131s\u0131 davam edir.<\/p>\n<p>Ekologiya v\u0259 T\u0259bii S\u0259rv\u0259tl\u0259r Nazirliyinin Milli Hidrometeorologiya Departamentinin\u00a0<a href=\"https:\/\/oxu.az\/society\/308332\" target=\"_blank\" rel=\"noopener\">m\u0259lumat\u0131na<\/a>\u00a0g\u00f6r\u0259, bu g\u00fcn, aprelin 20-d\u0259 rayonlarda \u015fim\u015f\u0259k \u00e7axaca\u011f\u0131, arabir ya\u011f\u0131\u015f ya\u011faca\u011f\u0131 g\u00f6zl\u0259nilir.<\/p>\n<p>B\u0259zi yerl\u0259rd\u0259 ya\u011f\u0131nt\u0131n\u0131n leysan xarakterli intensiv olaca\u011f\u0131, dolu d\u00fc\u015f\u0259c\u0259yi, da\u011fl\u0131q \u0259razil\u0259rd\u0259 qar ya\u011faca\u011f\u0131 ehtimal\u0131 var. Ayr\u0131-ayr\u0131 yerl\u0259rd\u0259 duman olacaq. Q\u0259rb k\u00fcl\u0259yi b\u0259zi yerl\u0259rd\u0259 arabir g\u00fccl\u0259n\u0259c\u0259k.<\/p>\n<div class=\"gallery\">\n<div class=\"gallery-i\"><img src=\"https:\/\/assets.oxu.az\/uploads\/W1siZiIsIjIwMTkvMDQvMjAvMDkvMTIvMjAvMjhmYTI2MmYtYzQzYy00MzYyLWE2YmItMDFkZWRkYTY4ZjIxL3FhcjMuanBnIl0sWyJwIiwiZW5jb2RlIiwianBnIiwiLXF1YWxpdHkgODAiXSxbInAiLCJ0aHVtYiIsIjU5MHg1OTBcdTAwM2UiXV0?sha=c4f8d3c97bbd5b8e\" alt=\"\" \/><\/p>\n<div class=\"gallery-i-caption\"><\/div>\n<\/div>\n<div class=\"gallery-i\"><img src=\"https:\/\/assets.oxu.az\/uploads\/W1siZiIsIjIwMTkvMDQvMjAvMDkvMTIvMjQvZWMwNDA3Y2UtYzlhMy00MmFkLTk4YzMtMTAxZDU3NTM4MjE2L3FhcjIuanBnIl0sWyJwIiwiZW5jb2RlIiwianBnIiwiLXF1YWxpdHkgODAiXSxbInAiLCJ0aHVtYiIsIjU5MHg1OTBcdTAwM2UiXV0?sha=094798b5e71b2649\" alt=\"\" \/><\/p>\n<div class=\"gallery-i-caption\"><\/div>\n<\/div>\n<div class=\"gallery-i\"><img src=\"https:\/\/assets.oxu.az\/uploads\/W1siZiIsIjIwMTkvMDQvMjAvMDkvMTQvMDgvMjAyYzM2MjMtMTkzZi00YjYwLWFjN2MtYjI2YTRhZDllMTllL3FhcjQuanBnIl0sWyJwIiwiZW5jb2RlIiwianBnIiwiLXF1YWxpdHkgODAiXSxbInAiLCJ0aHVtYiIsIjU5MHg1OTBcdTAwM2UiXV0?sha=d664470ab7d742bc\" alt=\"\" \/><\/p>\n<div class=\"gallery-i-caption\"><\/div>\n<\/div>\n<div class=\"gallery-i\"><img src=\"https:\/\/assets.oxu.az\/uploads\/W1siZiIsIjIwMTkvMDQvMjAvMDkvMTQvMTEvNDJmNTVjY2UtOTU4MC00Mjk5LWIyMzgtODk0NDRhMzJiYTUyL3FhcjUuanBnIl0sWyJwIiwiZW5jb2RlIiwianBnIiwiLXF1YWxpdHkgODAiXSxbInAiLCJ0aHVtYiIsIjU5MHg1OTBcdTAwM2UiXV0?sha=2dd4aa8ca79d00d4\" alt=\"\" \/><\/p>\n<div class=\"gallery-i-caption\"><\/div>\n<\/div>\n<div class=\"gallery-i\"><img src=\"https:\/\/assets.oxu.az\/uploads\/W1siZiIsIjIwMTkvMDQvMjAvMTEvMDUvNTEvMzAwNjY4ZmQtYTkxNS00NjIxLWJhNjctMDQ3NzJlNDMwMThlL1FBUjIuanBnIl0sWyJwIiwiZW5jb2RlIiwianBnIiwiLXF1YWxpdHkgODAiXSxbInAiLCJ0aHVtYiIsIjU5MHg1OTBcdTAwM2UiXV0?sha=beccb6470030093a\" alt=\"\" \/><\/p>\n<div class=\"gallery-i-caption\"><\/div>\n<\/div>\n<div class=\"gallery-i\"><img src=\"https:\/\/assets.oxu.az\/uploads\/W1siZiIsIjIwMTkvMDQvMjAvMTEvMDUvNTEvYjA2ZTg2ZjAtMjEyYi00ZjgxLTlhNmEtM2QyNmM4ZWRjY2NmL1FBUjEuanBnIl0sWyJwIiwiZW5jb2RlIiwianBnIiwiLXF1YWxpdHkgODAiXSxbInAiLCJ0aHVtYiIsIjU5MHg1OTBcdTAwM2UiXV0?sha=bad2830cef4be85e\" alt=\"\" \/><\/p>\n<div class=\"gallery-i-caption\"><\/div>\n<\/div>\n<div class=\"gallery-i\"><img src=\"https:\/\/assets.oxu.az\/uploads\/W1siZiIsIjIwMTkvMDQvMjAvMTEvMDUvNTEvNDRmYjVlZDgtNTc1MC00NTNiLWI0ZTEtZTRlNzdiNDdlYWUzL1FBUi5qcGciXSxbInAiLCJlbmNvZGUiLCJqcGciLCItcXVhbGl0eSA4MCJdLFsicCIsInRodW1iIiwiNTkweDU5MFx1MDAzZSJdXQ?sha=88689674f228be00\" alt=\"\" \/><\/div>\n<div>oxu.az<\/div>\n<\/div>\n","protected":false},"excerpt":{"rendered":"<p>\u00d6t\u0259n gec\u0259 Nax\u00e7\u0131van Muxtar Respublikas\u0131nda qarl\u0131 hava \u015f\u0259raiti m\u00fc\u015fahid\u0259 edilib. ARANTV.AZ\u00a0\u00a0x\u0259b\u0259r verir ki, gec\u0259d\u0259n ba\u015flayan qarl\u0131 hava \u015f\u0259raiti h\u0259l\u0259 d\u0259 davam edir. Lerik rayonuna da g\u00fccl\u00fc qar ya\u011f\u0131b. Qar\u0131n h\u00fcnd\u00fcrl\u00fcy\u00fc da\u011fl\u0131q \u0259razid\u0259 10-15 sm-\u0259, dig\u0259r \u0259razil\u0259rd\u0259 is\u0259 3-4 sm-\u0259 b\u0259rab\u0259r olub. 09:26 \u00d6t\u0259n gec\u0259d\u0259n ba\u015flayaraq Az\u0259rbaycan\u0131n \u015fimal b\u00f6lg\u0259sin\u0259 qar ya\u011f\u0131r. ARANTV.AZ-\u0131n m\u0259lumat\u0131na g\u00f6r\u0259, Quban\u0131n bir ne\u00e7\u0259 da\u011f k\u0259ndi art\u0131q a\u011f \u00f6rp\u0259y\u0259 b\u00fcr\u00fcn\u00fcb. Qar meyv\u0259 a\u011faclar\u0131na z\u0259r\u0259r vurub. M\u0259lumata g\u00f6r\u0259, haz\u0131rda s\u00f6z\u00fcged\u0259n b\u00f6lg\u0259l\u0259rd\u0259 qar ya\u011f\u0131nt\u0131s\u0131 davam edir. Ekologiya v\u0259 T\u0259bii S\u0259rv\u0259tl\u0259r Nazirliyinin Milli Hidrometeorologiya Departamentinin\u00a0m\u0259lumat\u0131na\u00a0g\u00f6r\u0259, bu g\u00fcn, aprelin 20-d\u0259 rayonlarda \u015fim\u015f\u0259k&hellip;<\/p>\n","protected":false},"author":2,"featured_media":51812,"comment_status":"closed","ping_status":"closed","sticky":false,"template":"","format":"standard","meta":{"om_disable_all_campaigns":false,"_monsterinsights_skip_tracking":false,"_monsterinsights_sitenote_active":false,"_monsterinsights_sitenote_note":"","_monsterinsights_sitenote_category":0},"categories":[2],"tags":[],"aioseo_notices":[],"gutentor_comment":0,"rttpg_featured_image_url":{"full":["https:\/\/arantv.az\/wp-content\/uploads\/2019\/04\/qar2-1.jpg",590,443,false],"landscape":["https:\/\/arantv.az\/wp-content\/uploads\/2019\/04\/qar2-1.jpg",590,443,false],"portraits":["https:\/\/arantv.az\/wp-content\/uploads\/2019\/04\/qar2-1.jpg",590,443,false],"thumbnail":["https:\/\/arantv.az\/wp-content\/uploads\/2019\/04\/qar2-1-150x150.jpg",150,150,true],"medium":["https:\/\/arantv.az\/wp-content\/uploads\/2019\/04\/qar2-1-300x225.jpg",300,225,true],"large":["https:\/\/arantv.az\/wp-content\/uploads\/2019\/04\/qar2-1.jpg",590,443,false],"1536x1536":["https:\/\/arantv.az\/wp-content\/uploads\/2019\/04\/qar2-1.jpg",590,443,false],"2048x2048":["https:\/\/arantv.az\/wp-content\/uploads\/2019\/04\/qar2-1.jpg",590,443,false],"post-thumbnail":["https:\/\/arantv.az\/wp-content\/uploads\/2019\/04\/qar2-1-240x172.jpg",240,172,true],"advps-thumb-one":["https:\/\/arantv.az\/wp-content\/uploads\/2019\/04\/qar2-1.jpg",590,443,false]},"rttpg_author":{"display_name":"V\u00fcsal Rafiqo\u011flu","author_link":"https:\/\/arantv.az\/?author=2"},"rttpg_comment":0,"rttpg_category":"<a href=\"https:\/\/arantv.az\/?cat=2\" rel=\"category\">Region X\u0259b\u0259rl\u0259ri<\/a>","rttpg_excerpt":"\u00d6t\u0259n gec\u0259 Nax\u00e7\u0131van Muxtar Respublikas\u0131nda qarl\u0131 hava \u015f\u0259raiti m\u00fc\u015fahid\u0259 edilib. ARANTV.AZ\u00a0\u00a0x\u0259b\u0259r verir ki, gec\u0259d\u0259n ba\u015flayan qarl\u0131 hava \u015f\u0259raiti h\u0259l\u0259 d\u0259 davam edir. Lerik rayonuna da g\u00fccl\u00fc qar ya\u011f\u0131b. Qar\u0131n h\u00fcnd\u00fcrl\u00fcy\u00fc da\u011fl\u0131q \u0259razid\u0259 10-15 sm-\u0259, dig\u0259r \u0259razil\u0259rd\u0259 is\u0259 3-4 sm-\u0259 b\u0259rab\u0259r olub. 09:26 \u00d6t\u0259n gec\u0259d\u0259n ba\u015flayaraq Az\u0259rbaycan\u0131n \u015fimal b\u00f6lg\u0259sin\u0259 qar ya\u011f\u0131r. ARANTV.AZ-\u0131n m\u0259lumat\u0131na g\u00f6r\u0259, Quban\u0131n bir&hellip;","_links":{"self":[{"href":"https:\/\/arantv.az\/index.php?rest_route=\/wp\/v2\/posts\/51811"}],"collection":[{"href":"https:\/\/arantv.az\/index.php?rest_route=\/wp\/v2\/posts"}],"about":[{"href":"https:\/\/arantv.az\/index.php?rest_route=\/wp\/v2\/types\/post"}],"author":[{"embeddable":true,"href":"https:\/\/arantv.az\/index.php?rest_route=\/wp\/v2\/users\/2"}],"replies":[{"embeddable":true,"href":"https:\/\/arantv.az\/index.php?rest_route=%2Fwp%2Fv2%2Fcomments&post=51811"}],"version-history":[{"count":0,"href":"https:\/\/arantv.az\/index.php?rest_route=\/wp\/v2\/posts\/51811\/revisions"}],"wp:featuredmedia":[{"embeddable":true,"href":"https:\/\/arantv.az\/index.php?rest_route=\/wp\/v2\/media\/51812"}],"wp:attachment":[{"href":"https:\/\/arantv.az\/index.php?rest_route=%2Fwp%2Fv2%2Fmedia&parent=51811"}],"wp:term":[{"taxonomy":"category","embeddable":true,"href":"https:\/\/arantv.az\/index.php?rest_route=%2Fwp%2Fv2%2Fcategories&post=51811"},{"taxonomy":"post_tag","embeddable":true,"href":"https:\/\/arantv.az\/index.php?rest_route=%2Fwp%2Fv2%2Ftags&post=51811"}],"curies":[{"name":"wp","href":"https:\/\/api.w.org\/{rel}","templated":true}]}}