{"id":51814,"date":"2019-04-20T10:16:20","date_gmt":"2019-04-20T07:16:20","guid":{"rendered":"http:\/\/arantv.az\/?p=51814"},"modified":"2019-04-20T10:16:20","modified_gmt":"2019-04-20T07:16:20","slug":"deputat-mur%c9%99kk%c9%99b-beyn%c9%99lxalq-v%c9%99-regional-s%c9%99rtl%c9%99r-daxilind%c9%99-olk%c9%99mizin-%c9%99ld%c9%99-etdiyi-ugurlar-anti-az%c9%99rbaycan-s%c9%99b%c9%99k%c9%99ni-ciddi-narahat","status":"publish","type":"post","link":"https:\/\/arantv.az\/?p=51814","title":{"rendered":"Deputat: &#8220;M\u00fcr\u0259kk\u0259b beyn\u0259lxalq v\u0259 regional \u015f\u0259rtl\u0259r daxilind\u0259 \u00f6lk\u0259mizin \u0259ld\u0259 etdiyi u\u011furlar anti-Az\u0259rbaycan \u015f\u0259b\u0259k\u0259ni ciddi narahat edir&#8221;"},"content":{"rendered":"<p><strong>&#8220;Beyn\u0259lxalq anti-Az\u0259rbaycan \u015f\u0259b\u0259k\u0259si son g\u00fcnl\u0259r yenid\u0259n f\u0259alla\u015faraq \u00f6lk\u0259miz\u0259 qar\u015f\u0131 qarayaxma kampaniyas\u0131na ba\u015flay\u0131b&#8221;.<\/strong><\/p>\n<p><strong>ARANTV.AZ<\/strong> x\u0259b\u0259r verir ki, bunu\u00a0<span style=\"color: #000000;\"><a style=\"color: #000000;\" href=\"https:\/\/az.trend.az\/\" target=\"_blank\" rel=\"noopener\">Trend<\/a><\/span>-\u0259 Milli M\u0259clisin deputat\u0131\u00a0<strong>Hikm\u0259t Babao\u011flu<\/strong>\u00a0deyib.<\/p>\n<p>H.Babao\u011flunun fikrinc\u0259, bu, \u0259lb\u0259tt\u0259 ki, t\u0259sad\u00fcfi deyil: &#8220;Az\u0259rbaycan 2019-cu ild\u0259 bir s\u0131ra m\u00fch\u00fcm beyn\u0259lxalq layih\u0259l\u0259rini ba\u015fa \u00e7atd\u0131racaq, m\u00fch\u00fcm sazi\u015fl\u0259r\u0259 imza atacaq, \u00f6t\u0259n ill\u0259rd\u0259 h\u0259yata ke\u00e7iril\u0259n islahatlar\u0131n bazas\u0131nda milli iqtisadiyyat\u0131n daha da artmas\u0131n\u0131 t\u0259min ed\u0259c\u0259k, beyn\u0259lxalq n\u00fcfuzundan istifad\u0259 etm\u0259kl\u0259 Erm\u0259nistan-Az\u0259rbaycan Da\u011fl\u0131q Qaraba\u011f m\u00fcnaqi\u015f\u0259sinin h\u0259llind\u0259 real n\u0259tic\u0259l\u0259r \u0259ld\u0259 etm\u0259y\u0259 \u00e7al\u0131\u015facaq, ordu quruculu\u011fu i\u015fini davam etdir\u0259c\u0259k, sosial islahatlar\u0131 davam etdirm\u0259kl\u0259, yeni, daha effektiv sosial-iqtisadi model yaratmaqla \u00f6z v\u0259t\u0259nda\u015flar\u0131n\u0131n rifah\u0131 \u00fc\u00e7\u00fcn yeni \u0259lveri\u015fli \u015f\u0259rtl\u0259r formala\u015fd\u0131racaq v\u0259 s. Haz\u0131rk\u0131 m\u00fcr\u0259kk\u0259b beyn\u0259lxalq v\u0259 regional \u015f\u0259rtl\u0259r daxilind\u0259 \u00f6lk\u0259mizin \u0259ld\u0259 etdiyi u\u011furlar he\u00e7 \u015f\u00fcbh\u0259siz ki, anti-Az\u0259rbaycan m\u00f6vqeli m\u0259rk\u0259zl\u0259ri ciddi \u015f\u0259kild\u0259 narahat edir&#8221;.<\/p>\n<p>Deputat qeyd edib ki, \u0259n \u00e7ox narahatl\u0131q ke\u00e7ir\u0259n is\u0259 i\u015f\u011fal\u00e7\u0131 Erm\u0259nistan v\u0259 onun beyn\u0259lxalq havadarlar\u0131d\u0131r:<\/p>\n<p>&#8220;Erm\u0259nil\u0259rin t\u0259r\u0259fdar\u0131 olan bu beyn\u0259lxalq \u015f\u0259b\u0259k\u0259 islamofob m\u0259rk\u0259zl\u0259ri v\u0259 \u00f6lk\u0259mizd\u0259 yaratma\u011fa \u00e7al\u0131\u015fd\u0131qlar\u0131 &#8220;5-ci kolon&#8221; \u00fczvl\u0259rini d\u0259 s\u0259f\u0259rb\u0259r ed\u0259r\u0259k Az\u0259rbaycan\u0131 g\u00f6zd\u0259n salmaq, onun beyn\u0259lxalq n\u00fcfuzuna z\u0259rb\u0259 vurmaq ist\u0259yirl\u0259r. Haz\u0131rda anti-Az\u0259rbaycan \u015f\u0259b\u0259k\u0259nin \u0259n \u00e7ox siyasi istismara m\u0259ruz qoydu\u011fu m\u00f6vzu Az\u0259rbaycan\u0131n Avropa \u0130ttifaq\u0131 il\u0259 imzalayaca\u011f\u0131 strateji t\u0259r\u0259fda\u015fl\u0131q m\u00fcqavil\u0259sidr. Bunun ba\u015fl\u0131ca s\u0259b\u0259bi odur ki, h\u0259min m\u00fcqavil\u0259d\u0259 Avropa \u0130ttifaq\u0131na \u00fczv olan \u00f6lk\u0259l\u0259rin ham\u0131s\u0131 t\u0259r\u0259find\u0259n bir daha Az\u0259rbaycan\u0131n \u0259razi b\u00fct\u00f6vl\u00fcy\u00fcn\u00fcn d\u0259st\u0259kl\u0259ndiyi \u00f6z \u0259ksini tapacaq. Bu is\u0259 i\u015f\u011falc\u0131 Erm\u0259nistan v\u0259 onun lobbisi il\u0259 \u0259laq\u0259dar olan \u015f\u0259b\u0259k\u0259ni ciddi \u015f\u0259kild\u0259 narahat edir. \u00c7ox maraql\u0131d\u0131r ki, \u00f6lk\u0259mizd\u0259ki b\u0259zi radikal m\u00fcxalif marginallar da Az\u0259rbaycan\u0131 m\u0259hz bu m\u0259s\u0259l\u0259d\u0259 t\u0259nqid etm\u0259kl\u0259 \u0259slind\u0259 erm\u0259nil\u0259rl\u0259 sinxron h\u0259r\u0259k\u0259t etdikl\u0259rini g\u00f6st\u0259rirl\u0259r. Bunu is\u0259 Az\u0259rbaycan c\u0259miyy\u0259tin\u0259 Avropa \u0130ttifaq\u0131 il\u0259 imzalanacaq sazi\u015fin guya milli maraqlar\u0131m\u0131za cavab verm\u0259m\u0259si il\u0259 izah etm\u0259y\u0259 \u00e7al\u0131\u015f\u0131rlar. Ancaq \u00f6lk\u0259mizd\u0259 h\u0259r k\u0259s ba\u015fa d\u00fc\u015f\u00fcr ki, radikallar eyni m\u0259rk\u0259zd\u0259n sifari\u015f almaqla \u0259slind\u0259 milli maraqlar\u0131m\u0131za qar\u015f\u0131 olanlarla birg\u0259 \u00e7al\u0131\u015f\u0131rlar&#8221;.<\/p>\n<p>Onun s\u00f6zl\u0259rin\u0259 g\u00f6r\u0259, ba\u015fqa bir m\u00fch\u00fcm m\u0259s\u0259l\u0259 ondan ibar\u0259tdir ki, 2020-ci ild\u0259 C\u0259nub Qaz D\u0259hlizi layih\u0259si tamamlanacaq v\u0259 bel\u0259likl\u0259, \u00f6lk\u0259miz h\u0259m iqtisadi bax\u0131mdan daha da g\u00fccl\u0259n\u0259c\u0259k, h\u0259m d\u0259 siyasi bax\u0131mdan beyn\u0259lxalq m\u00fcnasib\u0259tl\u0259r sistemind\u0259 \u00f6z n\u00fcfuzunu bir q\u0259d\u0259r d\u0259 art\u0131racaq:<\/p>\n<p>&#8220;Bu faktor is\u0259 Da\u011fl\u0131q Qaraba\u011f probleminin h\u0259llind\u0259 r\u0259smi Bak\u0131n\u0131 daha da g\u00fccl\u00fc ed\u0259c\u0259k. Y\u0259ni bu v\u0259ziyy\u0259t i\u015f\u011fal\u00e7\u0131 Erm\u0259nistan\u0131n lehin\u0259 deyil. N\u0259hay\u0259t, \u0259n \u00fcmd\u0259 m\u0259s\u0259l\u0259l\u0259rd\u0259n biri Az\u0259rbaycanda h\u0259yata ke\u00e7iril\u0259n kompleks islahatlar v\u0259 onun xalq t\u0259r\u0259find\u0259n d\u0259st\u0259kl\u0259nm\u0259sidir. &#8220;Opinion Way&#8221; \u015firk\u0259tinin r\u0259y sor\u011fusunun n\u0259tic\u0259sind\u0259 \u0259ksini tapan xalq-iqtidar birliyi n\u00fcmun\u0259si d\u0259 anti-Az\u0259rbaycan m\u0259rk\u0259zl\u0259rin ciddi narahatl\u0131\u011f\u0131na s\u0259b\u0259b olub. M\u0259s\u0259l\u0259 ondad\u0131r ki, Az\u0259rbaycan\u0131n inki\u015faf\u0131na v\u0259 onun m\u00fcst\u0259qil siyas\u0259tin\u0259 mane ola bilm\u0259y\u0259n g\u00fcc m\u0259rk\u0259zl\u0259ri onu daxild\u0259n par\u00e7alamaqla z\u0259ifl\u0259tm\u0259k v\u0259 bel\u0259likl\u0259 d\u0259 Qaraba\u011f problemini bird\u0259f\u0259lik yaddan \u00e7\u0131xarmaq ist\u0259yirl\u0259r. Diqq\u0259t ets\u0259k g\u00f6r\u0259c\u0259yik ki, h\u0259m xaricd\u0259 biz\u0259 qar\u015f\u0131 f\u0259aliyy\u0259t g\u00f6st\u0259r\u0259n m\u00fchacir\u0259t m\u00fcxalif\u0259ti, h\u0259m d\u0259 Az\u0259rbaycanda olan marginalla\u015fm\u0131\u015f m\u00fcxalif qrup probleml\u0259rd\u0259n dan\u0131\u015fan zaman bir d\u0259f\u0259 d\u0259 olsun Qaraba\u011f m\u0259s\u0259l\u0259sin\u0259 toxunmurlar. \u00c7\u00fcnki onlar sad\u0259c\u0259 anti-Az\u0259rbaycan m\u0259rk\u0259zl\u0259rd\u0259n ald\u0131qlar\u0131 t\u0259limatla h\u0259r\u0259k\u0259t edirl\u0259r. B\u00fct\u00fcn bunlar is\u0259 Az\u0259rbaycan xalq\u0131n\u0131n diqq\u0259tind\u0259n \u0259sla yay\u0131nm\u0131r v\u0259 xalq\u0131m\u0131z\u0131 \u00f6z liderinin \u0259traf\u0131nda daha s\u0131x birl\u0259\u015fm\u0259y\u0259 s\u00f6vq edir&#8221;.<\/p>\n","protected":false},"excerpt":{"rendered":"<p>&#8220;Beyn\u0259lxalq anti-Az\u0259rbaycan \u015f\u0259b\u0259k\u0259si son g\u00fcnl\u0259r yenid\u0259n f\u0259alla\u015faraq \u00f6lk\u0259miz\u0259 qar\u015f\u0131 qarayaxma kampaniyas\u0131na ba\u015flay\u0131b&#8221;. ARANTV.AZ x\u0259b\u0259r verir ki, bunu\u00a0Trend-\u0259 Milli M\u0259clisin deputat\u0131\u00a0Hikm\u0259t Babao\u011flu\u00a0deyib. H.Babao\u011flunun fikrinc\u0259, bu, \u0259lb\u0259tt\u0259 ki, t\u0259sad\u00fcfi deyil: &#8220;Az\u0259rbaycan 2019-cu ild\u0259 bir s\u0131ra m\u00fch\u00fcm beyn\u0259lxalq layih\u0259l\u0259rini ba\u015fa \u00e7atd\u0131racaq, m\u00fch\u00fcm sazi\u015fl\u0259r\u0259 imza atacaq, \u00f6t\u0259n ill\u0259rd\u0259 h\u0259yata ke\u00e7iril\u0259n islahatlar\u0131n bazas\u0131nda milli iqtisadiyyat\u0131n daha da artmas\u0131n\u0131 t\u0259min ed\u0259c\u0259k, beyn\u0259lxalq n\u00fcfuzundan istifad\u0259 etm\u0259kl\u0259 Erm\u0259nistan-Az\u0259rbaycan Da\u011fl\u0131q Qaraba\u011f m\u00fcnaqi\u015f\u0259sinin h\u0259llind\u0259 real n\u0259tic\u0259l\u0259r \u0259ld\u0259 etm\u0259y\u0259 \u00e7al\u0131\u015facaq, ordu quruculu\u011fu i\u015fini davam etdir\u0259c\u0259k, sosial islahatlar\u0131 davam etdirm\u0259kl\u0259, yeni, daha effektiv sosial-iqtisadi model yaratmaqla \u00f6z v\u0259t\u0259nda\u015flar\u0131n\u0131n rifah\u0131 \u00fc\u00e7\u00fcn yeni \u0259lveri\u015fli&hellip;<\/p>\n","protected":false},"author":2,"featured_media":51815,"comment_status":"closed","ping_status":"closed","sticky":false,"template":"","format":"standard","meta":{"om_disable_all_campaigns":false,"_monsterinsights_skip_tracking":false,"_monsterinsights_sitenote_active":false,"_monsterinsights_sitenote_note":"","_monsterinsights_sitenote_category":0},"categories":[4],"tags":[],"aioseo_notices":[],"gutentor_comment":0,"rttpg_featured_image_url":{"full":["https:\/\/arantv.az\/wp-content\/uploads\/2019\/04\/748397.jpg",800,600,false],"landscape":["https:\/\/arantv.az\/wp-content\/uploads\/2019\/04\/748397.jpg",800,600,false],"portraits":["https:\/\/arantv.az\/wp-content\/uploads\/2019\/04\/748397.jpg",800,600,false],"thumbnail":["https:\/\/arantv.az\/wp-content\/uploads\/2019\/04\/748397-150x150.jpg",150,150,true],"medium":["https:\/\/arantv.az\/wp-content\/uploads\/2019\/04\/748397-300x225.jpg",300,225,true],"large":["https:\/\/arantv.az\/wp-content\/uploads\/2019\/04\/748397.jpg",640,480,false],"1536x1536":["https:\/\/arantv.az\/wp-content\/uploads\/2019\/04\/748397.jpg",800,600,false],"2048x2048":["https:\/\/arantv.az\/wp-content\/uploads\/2019\/04\/748397.jpg",800,600,false],"post-thumbnail":["https:\/\/arantv.az\/wp-content\/uploads\/2019\/04\/748397-240x172.jpg",240,172,true],"advps-thumb-one":["https:\/\/arantv.az\/wp-content\/uploads\/2019\/04\/748397.jpg",800,600,false]},"rttpg_author":{"display_name":"V\u00fcsal Rafiqo\u011flu","author_link":"https:\/\/arantv.az\/?author=2"},"rttpg_comment":0,"rttpg_category":"<a href=\"https:\/\/arantv.az\/?cat=4\" rel=\"category\">Siyas\u0259t<\/a>","rttpg_excerpt":"&#8220;Beyn\u0259lxalq anti-Az\u0259rbaycan \u015f\u0259b\u0259k\u0259si son g\u00fcnl\u0259r yenid\u0259n f\u0259alla\u015faraq \u00f6lk\u0259miz\u0259 qar\u015f\u0131 qarayaxma kampaniyas\u0131na ba\u015flay\u0131b&#8221;. ARANTV.AZ x\u0259b\u0259r verir ki, bunu\u00a0Trend-\u0259 Milli M\u0259clisin deputat\u0131\u00a0Hikm\u0259t Babao\u011flu\u00a0deyib. H.Babao\u011flunun fikrinc\u0259, bu, \u0259lb\u0259tt\u0259 ki, t\u0259sad\u00fcfi deyil: &#8220;Az\u0259rbaycan 2019-cu ild\u0259 bir s\u0131ra m\u00fch\u00fcm beyn\u0259lxalq layih\u0259l\u0259rini ba\u015fa \u00e7atd\u0131racaq, m\u00fch\u00fcm sazi\u015fl\u0259r\u0259 imza atacaq, \u00f6t\u0259n ill\u0259rd\u0259 h\u0259yata ke\u00e7iril\u0259n islahatlar\u0131n bazas\u0131nda milli iqtisadiyyat\u0131n daha da artmas\u0131n\u0131 t\u0259min ed\u0259c\u0259k,&hellip;","_links":{"self":[{"href":"https:\/\/arantv.az\/index.php?rest_route=\/wp\/v2\/posts\/51814"}],"collection":[{"href":"https:\/\/arantv.az\/index.php?rest_route=\/wp\/v2\/posts"}],"about":[{"href":"https:\/\/arantv.az\/index.php?rest_route=\/wp\/v2\/types\/post"}],"author":[{"embeddable":true,"href":"https:\/\/arantv.az\/index.php?rest_route=\/wp\/v2\/users\/2"}],"replies":[{"embeddable":true,"href":"https:\/\/arantv.az\/index.php?rest_route=%2Fwp%2Fv2%2Fcomments&post=51814"}],"version-history":[{"count":0,"href":"https:\/\/arantv.az\/index.php?rest_route=\/wp\/v2\/posts\/51814\/revisions"}],"wp:featuredmedia":[{"embeddable":true,"href":"https:\/\/arantv.az\/index.php?rest_route=\/wp\/v2\/media\/51815"}],"wp:attachment":[{"href":"https:\/\/arantv.az\/index.php?rest_route=%2Fwp%2Fv2%2Fmedia&parent=51814"}],"wp:term":[{"taxonomy":"category","embeddable":true,"href":"https:\/\/arantv.az\/index.php?rest_route=%2Fwp%2Fv2%2Fcategories&post=51814"},{"taxonomy":"post_tag","embeddable":true,"href":"https:\/\/arantv.az\/index.php?rest_route=%2Fwp%2Fv2%2Ftags&post=51814"}],"curies":[{"name":"wp","href":"https:\/\/api.w.org\/{rel}","templated":true}]}}