{"id":518325,"date":"2022-09-29T07:11:21","date_gmt":"2022-09-29T04:11:21","guid":{"rendered":"https:\/\/arantv.az\/?p=518325"},"modified":"2022-09-29T07:11:21","modified_gmt":"2022-09-29T04:11:21","slug":"usaq-vaxti-m%c9%99cburi-t%c9%99rk-etdiyi-torpaqda-s%c9%99hid-oldu-video","status":"publish","type":"post","link":"https:\/\/arantv.az\/?p=518325","title":{"rendered":"U\u015faq vaxt\u0131 m\u0259cburi t\u0259rk etdiyi torpaqda \u015f\u0259hid oldu &#8211; V\u0130DEO"},"content":{"rendered":"<div class=\"content lead font-weight-normal\">\n<p>V\u0259t\u0259n m\u00fcharib\u0259sind\u0259 \u015f\u0259hidlik zirv\u0259sin\u0259 ucalan q\u0259hr\u0259man h\u0259rb\u00e7il\u0259rimizd\u0259n biri d\u0259 &#8221;Az\u0259rbaycan bayra\u011f\u0131&#8221; ordenli mayor S\u0259yavu\u015f K\u0259lbal\u0131yev olub.<\/p>\n<p><strong>ARANTV.AZ\u00a0 x\u0259b\u0259r verir ki,<\/strong>\u00a0S\u0259yavu\u015f g\u00fccl\u00fc v\u0259 t\u0259cr\u00fcb\u0259li k\u0259\u015ffiyyat r\u0259isi olub. O, 6 ya\u015f\u0131nda m\u0259cburi t\u0259rk etdiyi C\u0259bray\u0131la V\u0259t\u0259n m\u00fcharib\u0259sind\u0259 d\u00f6y\u00fc\u015f\u00e7\u00fc kimi qay\u0131d\u0131b v\u0259 sava\u015f\u0131n ilk g\u00fcnl\u0259rind\u0259 \u015f\u0259hid olub.\u00a0&#8220;X\u0259z\u0259r X\u0259b\u0259r&#8221; bu g\u00fcn onun ail\u0259sind\u0259 olub. X\u0259z\u0259r Televiziyas\u0131n\u0131n \u0259m\u0259kda\u015f\u0131 olan h\u0259yat yolda\u015f\u0131 P\u0259rvan\u0259 K\u0259lbal\u0131yeva S\u0259yavu\u015f haqq\u0131nda fikirl\u0259rini b\u00f6l\u00fc\u015f\u00fcb.<\/p>\n<p>Bu g\u00fcn an\u0131m g\u00fcn\u00fc ke\u00e7iril\u0259n \u015f\u0259hid mayor S\u0259yavu\u015f K\u0259lbal\u0131yev V\u0259t\u0259n m\u00fcharib\u0259sinin ilk g\u00fcnl\u0259rind\u0259 \u015f\u0259had\u0259t\u0259 ucal\u0131b. O, 29 sentyabr 2020-ci ild\u0259 C\u0259bray\u0131l-F\u00fczuli istiqam\u0259tind\u0259 ged\u0259n d\u00f6y\u00fc\u015fl\u0259rd\u0259 d\u00f6y\u00fc\u015f tap\u015f\u0131r\u0131\u011f\u0131n\u0131n yerin\u0259 yetirilm\u0259si zaman\u0131 \u015f\u0259hidlik zirv\u0259sin\u0259 ucal\u0131b.<\/p>\n<p>D\u00f6y\u00fc\u015f yolda\u015flar\u0131 da S\u0259yavu\u015fun \u015f\u00fcca\u0259tl\u0259rind\u0259n dan\u0131\u015f\u0131b. Deyibl\u0259r ki, 16 illik xidm\u0259ti d\u00f6vr\u00fcnd\u0259 onun t\u0259k amal\u0131 torpaqlar\u0131m\u0131z\u0131n i\u015f\u011faldan azad edilm\u0259si olub.<\/p>\n<p>\u015e\u0259hid S\u0259yavu\u015f K\u0259lbal\u0131yevin iki \u00f6vlad\u0131 yadigar qal\u0131b. Onlar indi analar\u0131n\u0131n t\u0259s\u0259llisin\u0259, baba v\u0259 n\u0259n\u0259sinin \u00f6vladlar\u0131ndan qalan ni\u015fan\u0259sin\u0259 \u00e7evrilibl\u0259r.<\/p>\n<p>Qeyd ed\u0259k ki, S\u0259yavu\u015f K\u0259lbal\u0131yev \u00f6l\u00fcm\u00fcnd\u0259n sonra Prezident \u0130lham \u018fliyevin s\u0259r\u0259ncamlar\u0131 il\u0259 &#8220;Az\u0259rbaycan Bayra\u011f\u0131&#8221; ordeni, &#8220;\u0130gidliy\u0259 g\u00f6r\u0259&#8221;,\u00a0 &#8220;V\u0259t\u0259n u\u011frunda&#8221;, &#8220;F\u00fczulinin azad olunmas\u0131na g\u00f6r\u0259&#8221; medallar\u0131 il\u0259 t\u0259ltif edilib. S\u0259yavu\u015f K\u0259lbal\u0131yevin timsal\u0131nda b\u00fct\u00fcn \u015f\u0259hidl\u0259rimizi r\u0259hm\u0259tl\u0259 an\u0131r\u0131q.<\/p>\n<p><em>M\u00f6vzu il\u0259 ba\u011fl\u0131 daha \u0259trafl\u0131 videomaterial\u0131 t\u0259qdim edirik:<\/em><\/p>\n<p><iframe loading=\"lazy\" src=\"https:\/\/daytube.az\/az\/embed\/136964\" width=\"670\" height=\"400\" frameborder=\"0\" allowfullscreen=\"allowfullscreen\" data-mce-fragment=\"1\"><\/iframe><\/p>\n<div class=\"clearfix\"><\/div>\n<\/div>\n<div class=\"sharing my-2 row no-gutters d-print-none\">\n<div class=\"col-md-3\"><\/div>\n<\/div>\n","protected":false},"excerpt":{"rendered":"<p>V\u0259t\u0259n m\u00fcharib\u0259sind\u0259 \u015f\u0259hidlik zirv\u0259sin\u0259 ucalan q\u0259hr\u0259man h\u0259rb\u00e7il\u0259rimizd\u0259n biri d\u0259 &#8221;Az\u0259rbaycan bayra\u011f\u0131&#8221; ordenli mayor S\u0259yavu\u015f K\u0259lbal\u0131yev olub. ARANTV.AZ\u00a0 x\u0259b\u0259r verir ki,\u00a0S\u0259yavu\u015f g\u00fccl\u00fc v\u0259 t\u0259cr\u00fcb\u0259li k\u0259\u015ffiyyat r\u0259isi olub. O, 6 ya\u015f\u0131nda m\u0259cburi t\u0259rk etdiyi C\u0259bray\u0131la V\u0259t\u0259n m\u00fcharib\u0259sind\u0259 d\u00f6y\u00fc\u015f\u00e7\u00fc kimi qay\u0131d\u0131b v\u0259 sava\u015f\u0131n ilk g\u00fcnl\u0259rind\u0259 \u015f\u0259hid olub.\u00a0&#8220;X\u0259z\u0259r X\u0259b\u0259r&#8221; bu g\u00fcn onun ail\u0259sind\u0259 olub. X\u0259z\u0259r Televiziyas\u0131n\u0131n \u0259m\u0259kda\u015f\u0131 olan h\u0259yat yolda\u015f\u0131 P\u0259rvan\u0259 K\u0259lbal\u0131yeva S\u0259yavu\u015f haqq\u0131nda fikirl\u0259rini b\u00f6l\u00fc\u015f\u00fcb. Bu g\u00fcn an\u0131m g\u00fcn\u00fc ke\u00e7iril\u0259n \u015f\u0259hid mayor S\u0259yavu\u015f K\u0259lbal\u0131yev V\u0259t\u0259n m\u00fcharib\u0259sinin ilk g\u00fcnl\u0259rind\u0259 \u015f\u0259had\u0259t\u0259 ucal\u0131b. O, 29 sentyabr 2020-ci ild\u0259 C\u0259bray\u0131l-F\u00fczuli istiqam\u0259tind\u0259 ged\u0259n d\u00f6y\u00fc\u015fl\u0259rd\u0259 d\u00f6y\u00fc\u015f tap\u015f\u0131r\u0131\u011f\u0131n\u0131n yerin\u0259 yetirilm\u0259si&hellip;<\/p>\n","protected":false},"author":2,"featured_media":518326,"comment_status":"closed","ping_status":"closed","sticky":false,"template":"","format":"standard","meta":{"om_disable_all_campaigns":false,"_monsterinsights_skip_tracking":false,"_monsterinsights_sitenote_active":false,"_monsterinsights_sitenote_note":"","_monsterinsights_sitenote_category":0},"categories":[1],"tags":[],"aioseo_notices":[],"gutentor_comment":0,"rttpg_featured_image_url":{"full":["https:\/\/arantv.az\/wp-content\/uploads\/2022\/09\/fb642b78166437974163958698410407968.jpg",975,540,false],"landscape":["https:\/\/arantv.az\/wp-content\/uploads\/2022\/09\/fb642b78166437974163958698410407968.jpg",975,540,false],"portraits":["https:\/\/arantv.az\/wp-content\/uploads\/2022\/09\/fb642b78166437974163958698410407968.jpg",975,540,false],"thumbnail":["https:\/\/arantv.az\/wp-content\/uploads\/2022\/09\/fb642b78166437974163958698410407968-500x280.jpg",500,280,true],"medium":["https:\/\/arantv.az\/wp-content\/uploads\/2022\/09\/fb642b78166437974163958698410407968-660x365.jpg",660,365,true],"large":["https:\/\/arantv.az\/wp-content\/uploads\/2022\/09\/fb642b78166437974163958698410407968-840x465.jpg",640,354,true],"1536x1536":["https:\/\/arantv.az\/wp-content\/uploads\/2022\/09\/fb642b78166437974163958698410407968.jpg",975,540,false],"2048x2048":["https:\/\/arantv.az\/wp-content\/uploads\/2022\/09\/fb642b78166437974163958698410407968.jpg",975,540,false],"post-thumbnail":["https:\/\/arantv.az\/wp-content\/uploads\/2022\/09\/fb642b78166437974163958698410407968-240x172.jpg",240,172,true],"advps-thumb-one":["https:\/\/arantv.az\/wp-content\/uploads\/2022\/09\/fb642b78166437974163958698410407968.jpg",975,540,false]},"rttpg_author":{"display_name":"V\u00fcsal Rafiqo\u011flu","author_link":"https:\/\/arantv.az\/?author=2"},"rttpg_comment":0,"rttpg_category":"<a href=\"https:\/\/arantv.az\/?cat=1\" rel=\"category\">C\u0259miyy\u0259t<\/a>","rttpg_excerpt":"V\u0259t\u0259n m\u00fcharib\u0259sind\u0259 \u015f\u0259hidlik zirv\u0259sin\u0259 ucalan q\u0259hr\u0259man h\u0259rb\u00e7il\u0259rimizd\u0259n biri d\u0259 &#8221;Az\u0259rbaycan bayra\u011f\u0131&#8221; ordenli mayor S\u0259yavu\u015f K\u0259lbal\u0131yev olub. ARANTV.AZ\u00a0 x\u0259b\u0259r verir ki,\u00a0S\u0259yavu\u015f g\u00fccl\u00fc v\u0259 t\u0259cr\u00fcb\u0259li k\u0259\u015ffiyyat r\u0259isi olub. O, 6 ya\u015f\u0131nda m\u0259cburi t\u0259rk etdiyi C\u0259bray\u0131la V\u0259t\u0259n m\u00fcharib\u0259sind\u0259 d\u00f6y\u00fc\u015f\u00e7\u00fc kimi qay\u0131d\u0131b v\u0259 sava\u015f\u0131n ilk g\u00fcnl\u0259rind\u0259 \u015f\u0259hid olub.\u00a0&#8220;X\u0259z\u0259r X\u0259b\u0259r&#8221; bu g\u00fcn onun ail\u0259sind\u0259 olub. X\u0259z\u0259r Televiziyas\u0131n\u0131n \u0259m\u0259kda\u015f\u0131 olan h\u0259yat&hellip;","_links":{"self":[{"href":"https:\/\/arantv.az\/index.php?rest_route=\/wp\/v2\/posts\/518325"}],"collection":[{"href":"https:\/\/arantv.az\/index.php?rest_route=\/wp\/v2\/posts"}],"about":[{"href":"https:\/\/arantv.az\/index.php?rest_route=\/wp\/v2\/types\/post"}],"author":[{"embeddable":true,"href":"https:\/\/arantv.az\/index.php?rest_route=\/wp\/v2\/users\/2"}],"replies":[{"embeddable":true,"href":"https:\/\/arantv.az\/index.php?rest_route=%2Fwp%2Fv2%2Fcomments&post=518325"}],"version-history":[{"count":0,"href":"https:\/\/arantv.az\/index.php?rest_route=\/wp\/v2\/posts\/518325\/revisions"}],"wp:featuredmedia":[{"embeddable":true,"href":"https:\/\/arantv.az\/index.php?rest_route=\/wp\/v2\/media\/518326"}],"wp:attachment":[{"href":"https:\/\/arantv.az\/index.php?rest_route=%2Fwp%2Fv2%2Fmedia&parent=518325"}],"wp:term":[{"taxonomy":"category","embeddable":true,"href":"https:\/\/arantv.az\/index.php?rest_route=%2Fwp%2Fv2%2Fcategories&post=518325"},{"taxonomy":"post_tag","embeddable":true,"href":"https:\/\/arantv.az\/index.php?rest_route=%2Fwp%2Fv2%2Ftags&post=518325"}],"curies":[{"name":"wp","href":"https:\/\/api.w.org\/{rel}","templated":true}]}}