{"id":518328,"date":"2022-09-29T07:13:05","date_gmt":"2022-09-29T04:13:05","guid":{"rendered":"https:\/\/arantv.az\/?p=518328"},"modified":"2022-09-29T07:13:05","modified_gmt":"2022-09-29T04:13:05","slug":"erm%c9%99nistanin-ktmt-hikk%c9%99si-ir%c9%99vandan-rusiyaya-t%c9%99pik-q%c9%99rb%c9%99-qucaq-mesaji","status":"publish","type":"post","link":"https:\/\/arantv.az\/?p=518328","title":{"rendered":"Erm\u0259nistan\u0131n KTMT hikk\u0259si &#8211; \u0130r\u0259vandan \u201cRusiyaya t\u0259pik, Q\u0259rb\u0259 qucaq\u201d mesaj\u0131"},"content":{"rendered":"<p><strong>Erm\u0259nistan 12-13 sentyabr t\u0259xribatlar\u0131n\u0131 t\u00f6r\u0259d\u0259nd\u0259n v\u0259 s\u0259rh\u0259d boyunca y\u0131\u011fd\u0131\u011f\u0131 texnikas\u0131, canl\u0131 q\u00fcvv\u0259si m\u0259hv edildikd\u0259n sonra Az\u0259rbaycana qar\u015f\u0131 \u201ct\u0259cav\u00fcz\u201d iddialar\u0131n\u0131 ortaya atmaqla, KTMT-ni prosesl\u0259r\u0259 c\u0259lb etm\u0259k \u00fc\u00e7\u00fcn \u00e7al\u0131\u015fd\u0131. Lakin buna nail ola bilm\u0259di, \u00e7\u00fcnki d\u00fcnya da, KTMT \u00f6lk\u0259l\u0259ri d\u0259 reall\u0131qlar\u0131 yax\u015f\u0131 bilirl\u0259r. Onlar Az\u0259rbaycan\u0131n u\u011furlu siyasi-diplomatik gedi\u015fi n\u0259tic\u0259sind\u0259 Erm\u0259nistan\u0131n t\u0259xribat\u0131na d\u0259st\u0259k verm\u0259dil\u0259r. Bundan sonra Erm\u0259nistan h\u0259m Rusiyan\u0131, h\u0259m d\u0259 KTMT-ni Q\u0259rb\u0259 \u00fcz tutaca\u011f\u0131 il\u0259 \u015fantaj edir. H\u0259tta haz\u0131rda KTMT-nin rotasiya qaydas\u0131nda s\u0259dri olmas\u0131na baxmayaraq, Erm\u0259nistan qurumun son t\u0259liml\u0259rind\u0259 i\u015ftirakdan imtina edib.<\/strong><\/p>\n<p>Qazax\u0131stan M\u00fcdafi\u0259 Nazirliyi (MN) Erm\u0259nistan\u0131n Kollektiv T\u0259hl\u00fck\u0259sizlik M\u00fcqavil\u0259si T\u0259\u015fkilat\u0131n\u0131n (KTMT) \u00f6lk\u0259d\u0259 ke\u00e7iril\u0259c\u0259k t\u0259liml\u0259rind\u0259 i\u015ftirakdan imtina etdiyini r\u0259smi \u015f\u0259kild\u0259 t\u0259sdiql\u0259yib: \u201cErm\u0259nistan M\u00fcdafi\u0259 Nazirliyind\u0259n KTMT-nin t\u0259liml\u0259rind\u0259 i\u015ftirak etm\u0259m\u0259kl\u0259 ba\u011fl\u0131 q\u0259rar\u0131na dair r\u0259smi m\u0259lumat alm\u0131\u015f\u0131q. T\u0259sdiql\u0259yirik\u201d.<\/p>\n<p><strong>Bel\u0259 \u00e7\u0131x\u0131r ki, Erm\u0259nistan \u201cKTMT-y\u0259 t\u0259pik, Q\u0259rb\u0259 qucaq\u201d \u015fantaj\u0131n\u0131 davam etdirir. Bu, \u0130r\u0259vana n\u0259 v\u0259d edir?<\/strong><\/p>\n<p><strong><img src=\"https:\/\/ovqat.com\/uploads\/posts\/2020-07\/1594638072_1579290479_dsc00752.jpg\" alt=\"R\u0259\u015fad Bayramov: \u201cRusiyan\u0131n bu d\u0259f\u0259 aprel d\u00f6y\u00fc\u015fl\u0259rind\u0259 oldu\u011fu q\u0259d\u0259r inadc\u0131l  davranmayaca\u011f\u0131n\u0131 d\u00fc\u015f\u00fcn\u00fcr\u0259m\u201d \u00bb Ovqat.com\" \/><\/strong><\/p>\n<p><strong>R\u0259\u015fad Bayramov: \u201cPa\u015finyan \u201dm\u0259n sizinl\u0259y\u0259m&#8221; mesaj\u0131 verir&#8221;<\/strong><\/p>\n<p>AM\u0130P M\u0259rk\u0259zi \u015euras\u0131n\u0131n s\u0259dri, politoloq R\u0259\u015fad Bayramov Pa\u015finyan \u00fc\u00e7\u00fcn g\u00f6zl\u0259diyi prosesl\u0259rin ba\u015f verdiyini d\u00fc\u015f\u00fcn\u00fcr: \u201c\u018fslin\u0259 baxsaq, Pa\u015finyan KTMT-y\u0259 m\u00fcraci\u0259t ed\u0259rk\u0259n onlardan m\u00fcsb\u0259t cavab g\u0259lm\u0259y\u0259c\u0259yini kifay\u0259t q\u0259d\u0259r yax\u015f\u0131 bilirdi. M\u00fcraci\u0259t etm\u0259kd\u0259 m\u0259qs\u0259d is\u0259 r\u0259smi \u015f\u0259kild\u0259 yox cavab\u0131n\u0131 almaq v\u0259 bununla da Erm\u0259nistan daxilind\u0259 Rusiya t\u0259r\u0259fdarlar\u0131 olan m\u00fcxalif\u0259tin m\u00f6vqel\u0259rini z\u0259ifl\u0259tm\u0259kd\u0259n ibar\u0259t idi. Bununla Pa\u015finyan \u00f6lk\u0259 daxilind\u0259ki anti-Rusiya ovqat\u0131n\u0131 daha da g\u00fccl\u0259ndirm\u0259kl\u0259 hakimiyy\u0259t\u0259 g\u0259ldiyi vaxt AB\u015e v\u0259 ayr\u0131-ayr\u0131 Q\u0259rb d\u00f6vl\u0259tl\u0259ri qar\u015f\u0131s\u0131nda g\u00f6t\u00fcrd\u00fcy\u00fc \u00f6hd\u0259likl\u0259ri yerin\u0259 yetirm\u0259y\u0259 \u00e7al\u0131\u015fmas\u0131 il\u0259 ba\u011fl\u0131 g\u00f6r\u00fcnt\u00fc yaratma\u011fa \u00e7al\u0131\u015f\u0131r. Y\u0259ni ba\u015fqa s\u00f6zl\u0259, bir t\u0259r\u0259fd\u0259n ictimai r\u0259yd\u0259 \u00f6z m\u00f6vqel\u0259rini g\u00fccl\u0259ndirir, ikinci bir t\u0259r\u0259fd\u0259n is\u0259 AB\u015e v\u0259 Q\u0259rbd\u0259ki havadarlar\u0131na m\u0259n sizinl\u0259y\u0259m mesaj\u0131n\u0131 verir.<\/p>\n<p>Haz\u0131rda KTMT-y\u0259 rotasiya qaydas\u0131nda s\u0259drlik etm\u0259sin\u0259 baxmayaraq, qurumun n\u00f6vb\u0259ti t\u0259liml\u0259rind\u0259 i\u015ftirakdan imtina etm\u0259si, el\u0259c\u0259 d\u0259 KTMT-nin Erm\u0259nistana s\u0259f\u0259rd\u0259 olan n\u00fcmay\u0259nd\u0259 hey\u0259ti il\u0259 g\u00f6r\u00fc\u015fd\u0259n imtinas\u0131 da m\u0259hz yuxar\u0131da dediyim fonu yaratmaq m\u0259qs\u0259di da\u015f\u0131y\u0131r.<\/p>\n<p>Pa\u015finyan\u0131 bu c\u00fcr davran\u0131\u015f s\u0259rgil\u0259m\u0259y\u0259 vadar ed\u0259n is\u0259 ist\u0259r Rusiya, ist\u0259rs\u0259 d\u0259 Avropa \u0130ttifaq\u0131n\u0131n vasit\u0259\u00e7iliyi il\u0259 apar\u0131lan dan\u0131\u015f\u0131qlarda art\u0131q dalana dir\u0259nm\u0259si v\u0259 h\u0259r iki vasit\u0259\u00e7inin Erm\u0259nistan\u0131n \u00fcz\u0259rin\u0259 g\u00f6t\u00fcrd\u00fcy\u00fc \u00f6hd\u0259likl\u0259ri yerin\u0259 yetirm\u0259sinin vacibliyini vur\u011fulamas\u0131 il\u0259 \u0259laq\u0259dard\u0131r. Bir il \u0259vv\u0259l b\u00fct\u00fcn imkanlar\u0131ndan istifad\u0259 ed\u0259r\u0259k dan\u0131\u015f\u0131qlar prosesin\u0259 h\u0259m d\u0259 Avropa \u0130ttifaq\u0131n\u0131 c\u0259lb etm\u0259y\u0259 nail olan Erm\u0259nistan indi h\u0259min qurumun da vasit\u0259\u00e7iliyind\u0259 \u00f6hd\u0259likl\u0259rd\u0259n qa\u00e7ma\u011f\u0131n m\u00fcmk\u00fcns\u00fczl\u00fcy\u00fcn\u00fc anlad\u0131\u011f\u0131 \u00fc\u00e7\u00fcn AB\u015e v\u0259 Fransan\u0131 da prosesl\u0259r\u0259 c\u0259lb etm\u0259k ist\u0259yir. AB\u015e is\u0259 \u00f6z n\u00f6vb\u0259sind\u0259 bununla ba\u011fl\u0131 Erm\u0259nistana konkret \u015f\u0259rtl\u0259r ir\u0259li s\u00fcr\u00fcr. Bu \u015f\u0259rtl\u0259rd\u0259n biri \u0130ranla olan m\u00fcnasib\u0259tl\u0259rdirs\u0259, dig\u0259ri d\u0259 Rusiya il\u0259 ba\u011fl\u0131d\u0131r. AB\u015e t\u0259l\u0259b edir ki, Erm\u0259nistan Rusiyan\u0131n t\u0259sir dair\u0259sind\u0259n \u00e7\u0131xmaq \u00fc\u00e7\u00fcn konkret add\u0131mlar ats\u0131n. Pa\u015finyan is\u0259 Erm\u0259nistan\u0131n ist\u0259r h\u0259rbi, ist\u0259r siyasi, ist\u0259r iqtisadi, ist\u0259r enerji t\u0259hl\u00fck\u0259sizliyi, ist\u0259r n\u0259qliyyat sah\u0259sind\u0259, ist\u0259rs\u0259 d\u0259 \u0259ks\u0259r d\u00f6vl\u0259t s\u0259rh\u0259dl\u0259rinin Rusiya t\u0259r\u0259find\u0259n qorunmas\u0131 bax\u0131m\u0131ndan Rusiyadan o d\u0259r\u0259c\u0259d\u0259 as\u0131l\u0131d\u0131r ki, konkret hans\u0131sa add\u0131mlar ata bilmir. M\u0259s\u0259l\u0259n, Pa\u015finyan ba\u015fa d\u00fc\u015f\u00fcr ki, KTMT-d\u0259n \u00e7\u0131xmaq v\u0259 ya Rusiyan\u0131n 102-ci h\u0259rbi bazas\u0131n\u0131n Erm\u0259nistandan \u00e7\u0131xar\u0131lmas\u0131n\u0131 t\u0259l\u0259b etm\u0259k Erm\u0259nistan \u00fc\u00e7\u00fcn hans\u0131 a\u011f\u0131r n\u0259tic\u0259l\u0259r\u0259 s\u0259b\u0259b ola bil\u0259r. Odur ki, indi atd\u0131\u011f\u0131 add\u0131mlarla sad\u0259c\u0259 guya ki, incikliyini g\u00f6st\u0259rir v\u0259 AB\u015e-\u0131n timsal\u0131nda Q\u0259rbd\u0259n d\u0259st\u0259k almaq ist\u0259yir.<\/p>\n<p>Amma h\u0259m Pa\u015finyan, h\u0259m d\u0259 AB\u015e-\u0131n vasit\u0259\u00e7iliyinin Erm\u0259nistan \u00fc\u00e7\u00fcn u\u011furlu olaca\u011f\u0131n\u0131 d\u00fc\u015f\u00fcn\u0259n dig\u0259rl\u0259ri ba\u015fa d\u00fc\u015fm\u00fcrl\u0259r ki, dan\u0131\u015f\u0131qlar\u0131n kimin vasit\u0259\u00e7iliyi il\u0259 apar\u0131lmas\u0131ndan as\u0131l\u0131 olmayaraq prosesi s\u0131f\u0131r n\u00f6qt\u0259sin\u0259 qaytarmaq m\u00fcmk\u00fcn deyil. Nec\u0259 ki, Avropa \u0130ttifaq\u0131n\u0131n vasit\u0259\u00e7iliyi il\u0259 apar\u0131lan dan\u0131\u015f\u0131qlarda \u0259sas s\u0259n\u0259d kimi 10 noyabr v\u0259 11 yanvar b\u0259yanatlar\u0131 \u0259sas g\u00f6t\u00fcr\u00fcl\u0259r\u0259k daha da inki\u015faf etdirildi, indi d\u0259 kimin vasit\u0259\u00e7i olmas\u0131ndan as\u0131l\u0131 olmayaraq dan\u0131\u015f\u0131qlar prosesi \u0259vv\u0259l Rusiyada v\u0259 Br\u00fcsseld\u0259 q\u0259bul olunmu\u015f \u00f6hd\u0259likl\u0259r \u0259sas\u0131nda davam etdiril\u0259c\u0259k. Bu s\u0259n\u0259dl\u0259rd\u0259 n\u0259z\u0259rd\u0259 tutulmu\u015f \u00f6hd\u0259likl\u0259r is\u0259 m\u0259lumdur, erm\u0259ni h\u0259rbi birl\u0259\u015fm\u0259l\u0259ri \u0259razil\u0259rimizd\u0259n \u00e7\u0131xar\u0131l\u0131r, s\u0259rh\u0259dl\u0259r delimitasiya edilir, n\u0259qliyyat d\u0259hlizl\u0259ri a\u00e7\u0131l\u0131r, \u00f6lk\u0259l\u0259r bir-birinin \u0259razi b\u00fct\u00f6vl\u00fcy\u00fcn\u00fc tan\u0131y\u0131r v\u0259 s\u00fclh sazi\u015fi imzalan\u0131r. Bunun ba\u015fqa yolu yoxdur.<\/p>\n<p>Erm\u0259nistan v\u0259 onu Rusiyan\u0131n t\u0259sir dair\u0259sind\u0259n \u00e7\u0131xarmaq ist\u0259y\u0259n q\u00fcvv\u0259l\u0259r d\u0259 ba\u015fa d\u00fc\u015fm\u0259lidirl\u0259r ki, bunun t\u0259k yolu Az\u0259rbaycanla s\u00fclh sazi\u015finin imzalanmas\u0131ndan ke\u00e7ir. \u00c7\u00fcnki m\u0259hz Az\u0259rbaycanla s\u00fclh sazi\u015fi Erm\u0259nistan \u00fc\u00e7\u00fcn T\u00fcrkiy\u0259nin d\u0259 qap\u0131lar\u0131n\u0131 a\u00e7\u0131r. Bu qap\u0131 is\u0259 Rusiya il\u0259 probleml\u0259r hal\u0131nda Erm\u0259nistan\u0131 ayaqda saxlaya bil\u0259c\u0259k yegan\u0259 qap\u0131d\u0131r. N\u0259 q\u0259d\u0259r ki, gec deyil, bunu h\u0259m Pa\u015finyan, h\u0259m d\u0259 xaricd\u0259ki havadarlar\u0131 ba\u015fa d\u00fc\u015fm\u0259li v\u0259 f\u0259aliyy\u0259tl\u0259rini d\u0259 m\u0259hz bu istiqam\u0259td\u0259 qurmal\u0131d\u0131rlar&#8221;.<\/p>\n<p><img src=\"https:\/\/i.postimg.cc\/76Nm6whM\/2a03d31e-31e2-40b3-a881-3dd6d8c73ae5.jpg\" \/><\/p>\n<p><strong>M\u0259tl\u0259b Aslanov: \u201c\u0130ki od aras\u0131nda\u201d qalma\u011fa davam ed\u0259c\u0259kl\u0259r&#8221;<\/strong><\/p>\n<p><strong>A\u011e Partiya ba\u015fqan\u0131n\u0131n k\u00f6m\u0259k\u00e7isi, siyasi \u015f\u0259rh\u00e7i M\u0259tl\u0259b Aslanov qeyd etdi ki, Pa\u015finyan h\u00f6kum\u0259tinin KTMT il\u0259 ba\u011fl\u0131 siyas\u0259tinin d\u0259yi\u015fm\u0259si g\u00f6zl\u0259nil\u0259n idi:<\/strong>\u00a0\u201cBu siyas\u0259t \u0259n \u00e7ox da II Qaraba\u011f sava\u015f\u0131 il\u0259 d\u0259yi\u015fdi. H\u0259min 44 g\u00fcnl\u00fck sava\u015fda Erm\u0259nistan &#8220;rus-NATO&#8221;sundan ist\u0259diyini ala bilm\u0259di. Ondan sonrak\u0131 m\u0259rh\u0259l\u0259d\u0259 bu g\u00fcn\u0259 q\u0259d\u0259r davam ed\u0259n prosesl\u0259rd\u0259 d\u0259 analoji v\u0259ziyy\u0259tl\u0259 r\u0259smi \u0130r\u0259van \u00fczl\u0259\u015fdi. Son olaraq, erm\u0259nil\u0259rin s\u0259rh\u0259d t\u0259xtibatlar\u0131ndak\u0131 KTMT-nin m\u00f6vqeyi bu qurumla dey\u0259rdim ki, Pa\u015finyan iqtidar\u0131 aras\u0131ndak\u0131 ba\u011flar\u0131 qoparmaq h\u0259ddin\u0259 \u00e7atd\u0131rd\u0131. Art\u0131q bu v\u0259ziyy\u0259td\u0259n Q\u0259rb dair\u0259l\u0259ri istifad\u0259 etm\u0259k \u00fc\u00e7\u00fcn h\u0259r\u0259k\u0259t\u0259 ke\u00e7m\u0259kd\u0259dir. Erm\u0259nistan\u0131 rus cayna\u011f\u0131ndan qoparma\u011fa \u00e7al\u0131\u015f\u0131rlar. D\u00fc\u015f\u00fcn\u00fcr\u0259m ki, bu durum Erm\u0259nistan\u0131n v\u0259ziyy\u0259tini daha da a\u011f\u0131rla\u015fd\u0131r\u0131r. Onlar\u0131n yegan\u0259 xilas yollar\u0131 Az\u0259rbaycanla s\u00fclh sazi\u015fini ba\u011flamaqdan ke\u00e7ir. \u018fks t\u0259qdird\u0259, \u201ciki od aras\u0131nda\u201d qalma\u011fa davam ed\u0259c\u0259kl\u0259r&#8221;.<\/p>\n<p><img src=\"https:\/\/moderator.az\/file\/articles\/2021\/10\/05\/1633430456_niyameddin.jpg\" alt=\"Niyam\u0259ddin Orduxanl\u0131 AXC TV-nin ba\u015f redaktoru t\u0259yin olunub\" \/><\/p>\n<p><strong>Niyam\u0259ddin Orduxanl\u0131: \u201cPa\u015finyan\u0131n bu hiyl\u0259sini Putin d\u0259 \u00e7ox yax\u015f\u0131 ba\u015fa d\u00fc\u015f\u00fcr\u201d<\/strong><\/p>\n<p><strong>BAXCP s\u0259drinin m\u00fcavini, siyasi ekspert Niyam\u0259ddin Orduxanl\u0131 Erm\u0259nistan\u0131n bu siyas\u0259tind\u0259n Putinin x\u0259b\u0259rdar oldu\u011funu bildirdi:<\/strong>\u00a0\u201cBu g\u00fcn Pa\u015finyan rejimi konkret olaraq Kollektiv T\u0259hl\u00fck\u0259sizlik M\u00fcqavil\u0259si T\u0259\u015fkilat\u0131n\u0131n (KTMT) imkanlar\u0131ndan istifad\u0259 etm\u0259k niyy\u0259tind\u0259dir. 13 sentyabr hadis\u0259l\u0259rind\u0259 Erm\u0259nistan Az\u0259rbaycan\u0131 KTMT il\u0259 \u00fczb\u0259\u00fcz qoymaq ist\u0259di. Az\u0259rbaycan\u0131n &#8220;t\u0259cav\u00fcz&#8221; t\u00f6r\u0259tm\u0259kl\u0259 ba\u011fl\u0131 r\u0259smi qurumlara m\u00fcraci\u0259t etdi. Erm\u0259nistan\u0131n bu iddialar\u0131 ke\u00e7\u0259rli olmad\u0131. \u00c7\u00fcnki Prezident \u0130lham \u018fliyev Az\u0259rbaycan\u0131n r\u0259smi m\u00f6vqeyini h\u0259r k\u0259s\u0259 \u00e7atd\u0131rd\u0131 ki, son 30 ild\u0259 Az\u0259rbaycanla Erm\u0259nistan aras\u0131nda delimitas\u0131ya apar\u0131lmay\u0131b v\u0259 s\u0259rhd\u0259l\u0259rin m\u00fc\u0259yy\u0259n olunmas\u0131 ba\u015f tutmay\u0131b. Erm\u0259nistan Az\u0259rbaycan \u0259razil\u0259rini i\u015f\u011fal etdikd\u0259n sonra SSR\u0130 d\u00f6vr\u00fcnd\u0259 olan s\u0259rh\u0259dl\u0259rd\u0259 bel\u0259 ni\u015fanlanman\u0131 h\u0259yata ke\u00e7irm\u0259yib. He\u00e7 kims\u0259d\u0259 Az\u0259rbaycan\u0131 Erm\u0259nistan torpa\u011f\u0131n\u0131 tutmaqda ittiham ed\u0259 bilm\u0259z. Erm\u0259nistan faktiki Az\u0259rbaycan\u0131n delimitasiya t\u0259klifini d\u0259 q\u0259bul etmir. Bel\u0259 olan v\u0259ziyy\u0259td\u0259 bir kims\u0259 Az\u0259rbaycan\u0131 \u201ct\u0259cav\u00fczkar\u201d adland\u0131ra bilm\u0259z! \u0130lham \u018fliyevin bu \u00e7\u0131x\u0131\u015f\u0131ndan sonra h\u0259m KTMT, h\u0259m d\u0259 Q\u0259rb, Amerika v\u0259 Avropa \u00f6lk\u0259l\u0259ri he\u00e7 bir s\u00f6z dey\u0259 bilm\u0259dil\u0259r. Onlar Az\u0259rbaycan\u0131n u\u011furlu siyasi-diplomatik gedi\u015fat\u0131 n\u0259tic\u0259sind\u0259 Erm\u0259nistan\u0131n t\u0259xribat\u0131na d\u0259st\u0259k verm\u0259dil\u0259r. \u018fslind\u0259 Prezidentin turarl\u0131 arqumenti qar\u015f\u0131s\u0131nda n\u0259 Q\u0259rb, n\u0259 d\u0259 KTMT bir s\u00f6z dey\u0259 bilm\u0259di. Pa\u015finyan ikili siyas\u0259t y\u00fcr\u00fcd\u00fcr. H\u0259m Rusiyan\u0131, h\u0259m d\u0259 KTMT-ni Q\u0259rb\u0259 \u00fcz tutaca\u011f\u0131 il\u0259 \u015fantaj edir. Niy\u0259 KTMT-nin t\u0259liml\u0259rin\u0259 Erm\u0259nistan qat\u0131lm\u0131r?! Bununla \u00f6z\u00fcn\u00fc Q\u0259rb\u0259 yax\u0131n g\u00f6st\u0259rm\u0259k ist\u0259yir. Qazax\u0131stan M\u00fcdafi\u0259 Nazirliyi Erm\u0259nistan\u0131n KTMT-nin \u00f6lk\u0259d\u0259 ke\u00e7iril\u0259c\u0259k t\u0259liml\u0259rind\u0259 i\u015ftirakdan imtina etdiyini r\u0259smi \u015f\u0259kild\u0259 t\u0259sdiql\u0259di d\u0259. Erm\u0259nistan \u201cKTMT-y\u0259 t\u0259pik, Q\u0259rb\u0259 qucaq\u201d \u015fantaj\u0131n\u0131 siz d\u0259 dediyiniz kimi davam etdirir. Uzun m\u00fcdd\u0259t bu siyas\u0259t davam ed\u0259 bilm\u0259z. Pa\u015finyan\u0131n bu hiyl\u0259sini Putin d\u0259 \u00e7ox yax\u015f\u0131 ba\u015fa d\u00fc\u015f\u00fcr. Onun m\u0259qs\u0259di n\u0259yin bahas\u0131na olursa-olsun, Az\u0259rbaycan-Erm\u0259nistan aras\u0131nda ba\u015f tuta bil\u0259c\u0259k s\u00fclh sazi\u015fini yubatmaqd\u0131r. Yeri g\u0259lmi\u015fk\u0259n, iki g\u00fcn qabaq Pa\u015finyan\u0131n Fransaya s\u0259f\u0259rind\u0259n d\u0259rhal sonra Makronun c\u0259nab Prezident\u0259 telefon a\u00e7ma\u011f\u0131 v\u0259 m\u00fc\u0259yy\u0259n xahi\u015fl\u0259ri etm\u0259si d\u0259 t\u0259sad\u00fcfi deyil. Fransa b\u00fct\u00fcn imkanlar\u0131 il\u0259 Pa\u015finyan\u0131 d\u0259st\u0259kl\u0259yir&#8230;&#8221;<\/p>\n","protected":false},"excerpt":{"rendered":"<p>Erm\u0259nistan 12-13 sentyabr t\u0259xribatlar\u0131n\u0131 t\u00f6r\u0259d\u0259nd\u0259n v\u0259 s\u0259rh\u0259d boyunca y\u0131\u011fd\u0131\u011f\u0131 texnikas\u0131, canl\u0131 q\u00fcvv\u0259si m\u0259hv edildikd\u0259n sonra Az\u0259rbaycana qar\u015f\u0131 \u201ct\u0259cav\u00fcz\u201d iddialar\u0131n\u0131 ortaya atmaqla, KTMT-ni prosesl\u0259r\u0259 c\u0259lb etm\u0259k \u00fc\u00e7\u00fcn \u00e7al\u0131\u015fd\u0131. Lakin buna nail ola bilm\u0259di, \u00e7\u00fcnki d\u00fcnya da, KTMT \u00f6lk\u0259l\u0259ri d\u0259 reall\u0131qlar\u0131 yax\u015f\u0131 bilirl\u0259r. Onlar Az\u0259rbaycan\u0131n u\u011furlu siyasi-diplomatik gedi\u015fi n\u0259tic\u0259sind\u0259 Erm\u0259nistan\u0131n t\u0259xribat\u0131na d\u0259st\u0259k verm\u0259dil\u0259r. Bundan sonra Erm\u0259nistan h\u0259m Rusiyan\u0131, h\u0259m d\u0259 KTMT-ni Q\u0259rb\u0259 \u00fcz tutaca\u011f\u0131 il\u0259 \u015fantaj edir. H\u0259tta haz\u0131rda KTMT-nin rotasiya qaydas\u0131nda s\u0259dri olmas\u0131na baxmayaraq, Erm\u0259nistan qurumun son t\u0259liml\u0259rind\u0259 i\u015ftirakdan imtina edib. Qazax\u0131stan M\u00fcdafi\u0259 Nazirliyi (MN) Erm\u0259nistan\u0131n Kollektiv T\u0259hl\u00fck\u0259sizlik M\u00fcqavil\u0259si T\u0259\u015fkilat\u0131n\u0131n (KTMT)&hellip;<\/p>\n","protected":false},"author":2,"featured_media":518329,"comment_status":"closed","ping_status":"closed","sticky":false,"template":"","format":"standard","meta":{"om_disable_all_campaigns":false,"_monsterinsights_skip_tracking":false,"_monsterinsights_sitenote_active":false,"_monsterinsights_sitenote_note":"","_monsterinsights_sitenote_category":0},"categories":[4],"tags":[],"aioseo_notices":[],"gutentor_comment":0,"rttpg_featured_image_url":{"full":["https:\/\/arantv.az\/wp-content\/uploads\/2022\/09\/fb22ffe178320cc7839ea5ea2302bfd7.jpg",870,500,false],"landscape":["https:\/\/arantv.az\/wp-content\/uploads\/2022\/09\/fb22ffe178320cc7839ea5ea2302bfd7.jpg",870,500,false],"portraits":["https:\/\/arantv.az\/wp-content\/uploads\/2022\/09\/fb22ffe178320cc7839ea5ea2302bfd7.jpg",870,500,false],"thumbnail":["https:\/\/arantv.az\/wp-content\/uploads\/2022\/09\/fb22ffe178320cc7839ea5ea2302bfd7-500x280.jpg",500,280,true],"medium":["https:\/\/arantv.az\/wp-content\/uploads\/2022\/09\/fb22ffe178320cc7839ea5ea2302bfd7-635x365.jpg",635,365,true],"large":["https:\/\/arantv.az\/wp-content\/uploads\/2022\/09\/fb22ffe178320cc7839ea5ea2302bfd7-840x483.jpg",640,368,true],"1536x1536":["https:\/\/arantv.az\/wp-content\/uploads\/2022\/09\/fb22ffe178320cc7839ea5ea2302bfd7.jpg",870,500,false],"2048x2048":["https:\/\/arantv.az\/wp-content\/uploads\/2022\/09\/fb22ffe178320cc7839ea5ea2302bfd7.jpg",870,500,false],"post-thumbnail":["https:\/\/arantv.az\/wp-content\/uploads\/2022\/09\/fb22ffe178320cc7839ea5ea2302bfd7-240x172.jpg",240,172,true],"advps-thumb-one":["https:\/\/arantv.az\/wp-content\/uploads\/2022\/09\/fb22ffe178320cc7839ea5ea2302bfd7.jpg",870,500,false]},"rttpg_author":{"display_name":"V\u00fcsal Rafiqo\u011flu","author_link":"https:\/\/arantv.az\/?author=2"},"rttpg_comment":0,"rttpg_category":"<a href=\"https:\/\/arantv.az\/?cat=4\" rel=\"category\">Siyas\u0259t<\/a>","rttpg_excerpt":"Erm\u0259nistan 12-13 sentyabr t\u0259xribatlar\u0131n\u0131 t\u00f6r\u0259d\u0259nd\u0259n v\u0259 s\u0259rh\u0259d boyunca y\u0131\u011fd\u0131\u011f\u0131 texnikas\u0131, canl\u0131 q\u00fcvv\u0259si m\u0259hv edildikd\u0259n sonra Az\u0259rbaycana qar\u015f\u0131 \u201ct\u0259cav\u00fcz\u201d iddialar\u0131n\u0131 ortaya atmaqla, KTMT-ni prosesl\u0259r\u0259 c\u0259lb etm\u0259k \u00fc\u00e7\u00fcn \u00e7al\u0131\u015fd\u0131. Lakin buna nail ola bilm\u0259di, \u00e7\u00fcnki d\u00fcnya da, KTMT \u00f6lk\u0259l\u0259ri d\u0259 reall\u0131qlar\u0131 yax\u015f\u0131 bilirl\u0259r. Onlar Az\u0259rbaycan\u0131n u\u011furlu siyasi-diplomatik gedi\u015fi n\u0259tic\u0259sind\u0259 Erm\u0259nistan\u0131n t\u0259xribat\u0131na d\u0259st\u0259k verm\u0259dil\u0259r. Bundan sonra Erm\u0259nistan h\u0259m&hellip;","_links":{"self":[{"href":"https:\/\/arantv.az\/index.php?rest_route=\/wp\/v2\/posts\/518328"}],"collection":[{"href":"https:\/\/arantv.az\/index.php?rest_route=\/wp\/v2\/posts"}],"about":[{"href":"https:\/\/arantv.az\/index.php?rest_route=\/wp\/v2\/types\/post"}],"author":[{"embeddable":true,"href":"https:\/\/arantv.az\/index.php?rest_route=\/wp\/v2\/users\/2"}],"replies":[{"embeddable":true,"href":"https:\/\/arantv.az\/index.php?rest_route=%2Fwp%2Fv2%2Fcomments&post=518328"}],"version-history":[{"count":0,"href":"https:\/\/arantv.az\/index.php?rest_route=\/wp\/v2\/posts\/518328\/revisions"}],"wp:featuredmedia":[{"embeddable":true,"href":"https:\/\/arantv.az\/index.php?rest_route=\/wp\/v2\/media\/518329"}],"wp:attachment":[{"href":"https:\/\/arantv.az\/index.php?rest_route=%2Fwp%2Fv2%2Fmedia&parent=518328"}],"wp:term":[{"taxonomy":"category","embeddable":true,"href":"https:\/\/arantv.az\/index.php?rest_route=%2Fwp%2Fv2%2Fcategories&post=518328"},{"taxonomy":"post_tag","embeddable":true,"href":"https:\/\/arantv.az\/index.php?rest_route=%2Fwp%2Fv2%2Ftags&post=518328"}],"curies":[{"name":"wp","href":"https:\/\/api.w.org\/{rel}","templated":true}]}}