{"id":518332,"date":"2022-09-29T07:48:55","date_gmt":"2022-09-29T04:48:55","guid":{"rendered":"https:\/\/arantv.az\/?p=518332"},"modified":"2022-09-29T07:48:55","modified_gmt":"2022-09-29T04:48:55","slug":"n%c9%99qliyyatda-qiym%c9%99t-artir-keyfiyy%c9%99t-azalir-bunun-sirri-uz%c9%99-cixdi","status":"publish","type":"post","link":"https:\/\/arantv.az\/?p=518332","title":{"rendered":"N\u0259qliyyatda qiym\u0259t art\u0131r, keyfiyy\u0259t azal\u0131r &#8211; bunun sirri \u00fcz\u0259 \u00e7\u0131xd\u0131&#8230;"},"content":{"rendered":"<h3><strong>S\u0259rni\u015finda\u015f\u0131mada t\u0259kc\u0259 iqtisadi yox, ciddi t\u0259\u015fkilati probleml\u0259r d\u0259 var<\/strong><\/h3>\n<p><strong>Son bir ne\u00e7\u0259 ayda Bak\u0131da n\u0259qliyyat xaosu ya\u015fan\u0131r. Avtobuslar normal qrafikl\u0259 i\u015fl\u0259mir, insanlar saatlarla k\u00fc\u00e7\u0259l\u0259rd\u0259 qal\u0131r. N\u0259hay\u0259t, bu prosesin \u00fcz\u0259rind\u0259n \u201csirr p\u0259rd\u0259si\u201d g\u00f6t\u00fcr\u00fcld\u00fc. B\u0259lli oldu ki, da\u015f\u0131y\u0131c\u0131 \u015firk\u0259tl\u0259r qiym\u0259tl\u0259rin art\u0131r\u0131lmas\u0131n\u0131 ist\u0259yir. Bununla da son vaxtlar \u015f\u0259h\u0259rd\u0259 ba\u015f ver\u0259n xaos da bir n\u00f6v q\u0259sd\u0259n h\u0259yata ke\u00e7iril\u0259n t\u0259zyiq kimi anla\u015f\u0131ld\u0131.<\/strong><\/p>\n<p><em>N\u0259z\u0259r\u0259 \u00e7atd\u0131raq ki, iki g\u00fcn \u00f6nc\u0259 Bak\u0131 \u015f\u0259h\u0259rind\u0259 v\u0259 \u0259traf q\u0259s\u0259b\u0259l\u0259rd\u0259 s\u0259rni\u015finda\u015f\u0131man\u0131n b\u00f6y\u00fck hiss\u0259sini h\u0259yata ke\u00e7ir\u0259n \u00f6z\u0259l da\u015f\u0131y\u0131c\u0131 \u015firk\u0259tl\u0259r d\u00f6vl\u0259t r\u0259hb\u0259rliyin\u0259 yenid\u0259n kollektiv m\u00fcraci\u0259t \u00fcnvanlay\u0131blar. Onlar avtobus n\u0259qliyyat vasit\u0259sin\u0259 z\u0259ruri olan dizel yanaca\u011f\u0131n\u0131n, s\u00fcrtk\u00fc ya\u011flar\u0131, \u015fin v\u0259 sair b\u00fct\u00fcn n\u00f6v ehtiyat hiss\u0259l\u0259rinin qiym\u0259tl\u0259rinin bahala\u015fmas\u0131ndan, gedi\u015f haqq\u0131n\u0131n a\u015fa\u011f\u0131 olmas\u0131ndan \u015fikay\u0259tl\u0259nibl\u0259r. \u015eirk\u0259tl\u0259r h\u0259r g\u00fcn da\u015f\u0131d\u0131qlar\u0131 s\u0259rni\u015fin say\u0131na g\u00f6r\u0259 toplanan v\u0259saitin 5 faizini \u201cBak\u0131Kart\u201da \u00f6d\u0259dikl\u0259rini qeyd edibl\u0259r.<\/em><\/p>\n<p>Ekspertl\u0259r bildirirl\u0259r ki, b\u00f6y\u00fck ehtimalla ictimai n\u0259qliyyatda gedi\u015f haqq\u0131 qald\u0131r\u0131lacaq, 40 v\u0259 ya 50 q\u0259piy\u0259 \u00e7atd\u0131r\u0131lacaq.\u00a0 Dig\u0259r bir alternativ kimi, \u015firk\u0259tl\u0259r\u0259 dizeli d\u00f6vl\u0259tin dotasiyas\u0131 hesab\u0131na daha ucuz satmaq t\u0259klifi d\u0259 var. Ancaq ekspertl\u0259r bunu real saym\u0131rlar.<\/p>\n<p><strong>N\u0259z\u0259r\u0259 \u00e7atd\u0131raq ki, daha \u0259vv\u0259l &#8211; 2 il \u00f6nc\u0259 ictimai n\u0259qliyyatda gedi\u015f haqq\u0131 30 faiz art\u0131r\u0131landa \u015firk\u0259tl\u0259r v\u0259 Tarif \u015euras\u0131 bunu bel\u0259 \u0259sasland\u0131rm\u0131\u015fd\u0131 ki, qiym\u0259t art\u0131m\u0131ndan sonra avtobuslar yenil\u0259n\u0259c\u0259k, keyfiyy\u0259t artacaq, qrafik daha m\u00fcnt\u0259z\u0259m v\u0259 az zamanl\u0131 olacaq. Ancaq bunlar\u0131n he\u00e7 biri ba\u015f verm\u0259di. Faktiki olaraq ictimai n\u0259qliyyatda qiym\u0259tl\u0259r artsa da, keyfiyy\u0259tin y\u00fcks\u0259lm\u0259si yox, \u0259ksi m\u00fc\u015fahid\u0259 olunur. Bunun s\u0259b\u0259bi n\u0259dir? Korrupsiya, yoxsa s\u0259ri\u015ft\u0259sizlik?<\/strong><\/p>\n<p><strong><img loading=\"lazy\" src=\"https:\/\/interview.az\/assets\/images\/interview\/folder\/interview.az-2017060816233447932.jpg\" alt=\"interview.az - N\u0259qliyyat eksperti \u018fr\u015fad H\u00fcseynov: &quot;Az\u0259rbaycanda s\u00fcr\u00fcc\u00fcl\u0259r  70-ci ill\u0259rin t\u0259f\u0259kk\u00fcr\u00fc il\u0259 d\u00fc\u015f\u00fcn\u00fcr, buna g\u00f6r\u0259 q\u0259zalar qa\u00e7\u0131lmaz olur&quot;\" width=\"777\" height=\"518\" \/><\/strong><\/p>\n<p><strong>\u018fr\u015fad H\u00fcseynov\u00a0<\/strong><\/p>\n<p>H\u00fcquq\u015f\u00fcnas \u018fr\u015fad H\u00fcseynov \u201cYeni M\u00fcsavat\u201da bildirdi ki, Bak\u0131 \u015f\u0259h\u0259rind\u0259 ictimai n\u0259qliyyat\u0131n idar\u0259 olunmas\u0131nda, t\u0259\u015fkilind\u0259 \u00e7ox ciddi probleml\u0259r var: \u201cDa\u015f\u0131y\u0131c\u0131lar son bir ild\u0259 d\u0259f\u0259l\u0259rl\u0259 narahatl\u0131qlar\u0131n\u0131 bildiribl\u0259r. Onlar iqtisadi probleml\u0259rin oldu\u011funu &#8211; yanaca\u011f\u0131n, ehtiyat hiss\u0259l\u0259rinin qiym\u0259tinin artd\u0131\u011f\u0131n\u0131, pandemiya d\u00f6vr\u00fcnd\u0259 m\u00fcvafiq yard\u0131mlar\u0131n edilm\u0259diyini bildirirl\u0259r. Yegan\u0259 maliyy\u0259 m\u0259nb\u0259yi gedi\u015f haqq\u0131d\u0131r. \u0130qtisadi probleml\u0259rin qabard\u0131lmas\u0131 normald\u0131r. Bak\u0131 N\u0259qliyyat Agentliyi d\u00f6vl\u0259t qurumudur. Sumqay\u0131t v\u0259 \u00f6lk\u0259nin regionlar\u0131nda f\u0259aliyy\u0259t g\u00f6st\u0259r\u0259n da\u015f\u0131y\u0131c\u0131lar, \u015f\u0259h\u0259rl\u0259raras\u0131 s\u0259rni\u015finda\u015f\u0131malar, y\u00fckda\u015f\u0131malarla ba\u011fl\u0131 b\u00fct\u00fcn m\u0259s\u0259l\u0259l\u0259r is\u0259 R\u0259q\u0259msal \u0130nki\u015faf v\u0259 N\u0259qliyyat Nazirliyi vasit\u0259sil\u0259 t\u0259nziml\u0259nir. Lakin bu iki qurum qal\u0131b bir arada, da\u015f\u0131y\u0131c\u0131lar \u00f6zl\u0259ri m\u00fcraci\u0259t \u00fcnvanlay\u0131rlar. Bu onu g\u00f6st\u0259rir ki, d\u00f6vl\u0259t orqanlar\u0131 bu sah\u0259y\u0259 o q\u0259d\u0259r d\u0259 diqq\u0259t yetirmirl\u0259r. Bel\u0259 bir m\u00fcraci\u0259tin yay\u0131lmas\u0131 d\u00f6vl\u0259t qurumlar\u0131 \u00fc\u00e7\u00fcn q\u0259bah\u0259tdir. \u0130qtisadi \u0259sasland\u0131rma olmal\u0131, beyn\u0259lxalq t\u0259cr\u00fcb\u0259 n\u0259z\u0259r\u0259 al\u0131nmal\u0131 idi. Y\u0259ni t\u0259kc\u0259 iqtisadi yox, ciddi t\u0259\u015fkilati probleml\u0259r var. Sonucu d\u0259f\u0259 s\u0259rni\u015finda\u015f\u0131mada gedi\u015f haqq\u0131 2018-ci ild\u0259 art\u0131r\u0131l\u0131b. Tarif \u015euras\u0131n\u0131n q\u0259rar\u0131nda yaz\u0131lm\u0131\u015fd\u0131 ki, bu qiym\u0259tl\u0259r r\u0259qab\u0259t m\u00fchitinin yax\u015f\u0131la\u015fd\u0131r\u0131lmas\u0131, sah\u0259nin inki\u015faf\u0131 \u00fc\u00e7\u00fcn art\u0131r\u0131l\u0131r. Q\u0131sa m\u00fcdd\u0259t ke\u00e7m\u0259sin\u0259 baxmayaraq, qiym\u0259t art\u0131m\u0131n\u0131n \u00e7\u0131x\u0131\u015f yolu olmad\u0131\u011f\u0131 g\u00f6r\u00fcn\u00fcr. Pandemiya da ictimai n\u0259qliyyat\u0131 \u00e7\u00f6kd\u00fcrd\u00fc. Dizel yanaca\u011f\u0131n\u0131n qiym\u0259tinin 33% art\u0131r\u0131lmas\u0131 n\u00f6vb\u0259ti z\u0259rb\u0259 oldu. Haz\u0131rda ictimai n\u0259qliyyatda son 10 ild\u0259 \u0259n pis v\u0259ziyy\u0259t m\u00fc\u015fahid\u0259 olunur. D\u00fc\u015f\u00fcn\u00fcr\u0259m ki, qiym\u0259t art\u0131m\u0131 \u00e7\u0131x\u0131\u015f yolu deyil. \u018fn yax\u015f\u0131 halda, 10-15 q\u0259pik art\u0131m olacaq, bu da bir m\u00fcdd\u0259td\u0259n sonra qaneedici olmayacaq\u201d.<\/p>\n<p>Ekspert qeyd edib ki, ictimai n\u0259qliyyatda qiym\u0259t art\u0131r\u0131larsa, s\u0259rni\u015finl\u0259r ucuz taksi xidm\u0259tl\u0259rind\u0259n istifad\u0259y\u0259 \u00fcst\u00fcnl\u00fck ver\u0259 bil\u0259rl\u0259r: \u201cBundan \u0259lav\u0259, a\u011f\u0131r kredit \u015f\u0259rtl\u0259ri il\u0259 olsa da, ucuz \u015f\u0259xsi avtomobil alma\u011f\u0131 d\u00fc\u015f\u00fcn\u0259nl\u0259r d\u0259 olacaq. N\u0259tic\u0259 etibaril\u0259 qiym\u0259tin ciddi sur\u0259td\u0259 qald\u0131r\u0131lmas\u0131 sektora m\u0259nfi t\u0259sir g\u00f6st\u0259r\u0259c\u0259k. Yana\u015fma k\u00f6k\u00fcnd\u0259n d\u0259yi\u015fm\u0259lidir.Yegan\u0259 \u00e7\u0131x\u0131\u015f yolu d\u00f6vl\u0259tin subsidiyas\u0131d\u0131r. D\u00fcnya t\u0259cr\u00fcb\u0259sin\u0259 baxsaq, birba\u015fa d\u00f6vl\u0259t d\u0259st\u0259yi olmasa da, ictimai n\u0259qliyyata b\u0259l\u0259diyy\u0259l\u0259rin, icralar\u0131n b\u00fcdc\u0259sind\u0259n subsidiyalar ayr\u0131l\u0131r, x\u0259rcl\u0259rin bir hiss\u0259si qar\u015f\u0131lan\u0131r. \u018fdal\u0259tli, \u015f\u0259ffaf, s\u0259m\u0259r\u0259li subsidiya mexanizmi yarad\u0131lmal\u0131d\u0131r\u201d.<\/p>\n<p><img loading=\"lazy\" src=\"https:\/\/modern.az\/file\/articles\/2020\/06\/22\/388158.jpg\" alt=\"Yax\u015f\u0131 m\u00fct\u0259x\u0259ssisl\u0259ri d\u0259rhal \u201co\u011furlay\u0131b\u201d apar\u0131rlar\u201d - Natiq C\u0259f\u0259rli\" width=\"909\" height=\"492\" \/><\/p>\n<p><strong>\u00a0Natiq C\u0259f\u0259rli<\/strong><\/p>\n<p><strong>\u0130qtisad\u00e7\u0131 Natiq C\u0259f\u0259rlinin fikrinc\u0259, Az\u0259rbaycanda n\u0259qliyyat\u0131n \u00fcmumi idar\u0259etm\u0259sinin m\u0259rk\u0259zl\u0259\u015fdirilmi\u015f v\u0259 eyni m\u0259ntiql\u0259 \u00e7\u0259r\u00e7iv\u0259y\u0259 sal\u0131nmas\u0131na ehtiyac var:<\/strong>\u00a0\u201cBu g\u00fcn p\u0259rak\u0259nd\u0259lik var. H\u0259tta zaman-zaman d\u00f6vl\u0259tin ay\u0131rd\u0131\u011f\u0131 subsidiyalar\u0131n da\u015f\u0131y\u0131c\u0131 \u015firk\u0259tl\u0259r\u0259 \u00e7atmad\u0131\u011f\u0131n\u0131n \u015fahidi oluruq. Bu yax\u0131nlarda bilindi ki, pandemiya d\u00f6vr\u00fcnd\u0259\u00a0 280 milyon manat ayr\u0131l\u0131b, lakin s\u0259rni\u015finda\u015f\u0131ma il\u0259 m\u0259\u015f\u011ful olan \u015firk\u0259tl\u0259r\u0259 bu m\u0259bl\u0259\u011fd\u0259n 1 q\u0259pik bel\u0259 \u00e7atmay\u0131b. M\u0259rk\u0259zl\u0259\u015fdirilmi\u015f qaydada idar\u0259etm\u0259 olmasa, n\u0259qliyyatda probleml\u0259r h\u0259llini tapmayacaq. &#8220;Yegan\u0259 \u00e7\u0131x\u0131\u015f yolunun gedi\u015fhaqq\u0131n\u0131n art\u0131r\u0131lmas\u0131d\u0131r&#8221; fikri yanl\u0131\u015fd\u0131r. Qiym\u0259t differensial olmal\u0131d\u0131r. M\u0259s\u0259l\u0259n, g\u00fcnl\u00fck, h\u0259ft\u0259lik, ayl\u0131q, yaxud illik abun\u0259liy\u0259 ke\u00e7id imkan\u0131 yarad\u0131lmal\u0131d\u0131r. G\u00fcnl\u00fck v\u0259 ya bir d\u0259f\u0259lik gedi\u015f qiym\u0259ti qalxa bil\u0259r. Lakin m\u00fcdd\u0259tli (6 ayl\u0131q, 1 illik) bilet \u00fc\u00e7\u00fcn ucuz gedi\u015f haqq\u0131n\u0131n t\u0259tbiq olunmas\u0131na ehtiyac var. \u018fn ideal\u0131 is\u0259 n\u0259qliyyat sisteminin se\u00e7ilmi\u015f b\u0259l\u0259diyy\u0259l\u0259r t\u0259r\u0259find\u0259n idar\u0259 olunmas\u0131d\u0131r.\u00a0 \u201cBakuBus\u201d la ba\u011fl\u0131 problem ondan ibar\u0259tdir ki, bir s\u0259rni\u015finin da\u015f\u0131nmas\u0131nda maya d\u0259y\u0259rinin hesablanmas\u0131 qaydas\u0131 olmal\u0131d\u0131r. Yanacaq s\u0259rfiyyat\u0131, maa\u015flar, texniki m\u0259s\u0259l\u0259l\u0259r h\u0259llini tapmal\u0131d\u0131r. Onlar avtobusun x\u0259rcl\u0259rini bel\u0259 gedi\u015f haqq\u0131n\u0131n \u00fcz\u0259rin\u0259 g\u0259lirl\u0259r. Bu is\u0259 do\u011fru deyil \u00e7\u00fcnki \u201cBakuBus\u201d avtobuslar\u0131 d\u00f6vl\u0259t hesab\u0131na al\u0131n\u0131b. Qiym\u0259t art\u0131m\u0131 g\u00f6zl\u0259nil\u0259ndir. Amma bunun yanvar ay\u0131ndan tez olaca\u011f\u0131n\u0131 g\u00fcman etmir\u0259m. Bel\u0259 olan halda, yanvara kimi avtobuslar\u0131 nec\u0259 saxlaya bil\u0259rl\u0259r? Buna g\u00f6r\u0259 d\u0259 paralel olaraq idar\u0259etm\u0259 probleml\u0259rini h\u0259ll etm\u0259k laz\u0131md\u0131r&#8221;.<\/p>\n<p>Qeyd ed\u0259k ki, Bak\u0131 \u015f\u0259h\u0259rind\u0259 v\u0259 \u0259traf q\u0259s\u0259b\u0259l\u0259rd\u0259 s\u0259rni\u015finda\u015f\u0131man\u0131n b\u00f6y\u00fck hiss\u0259sini h\u0259yata ke\u00e7ir\u0259n 19 \u00f6z\u0259l da\u015f\u0131y\u0131c\u0131 \u015firk\u0259t d\u00f6vl\u0259t r\u0259hb\u0259rliyin\u0259 kollektiv m\u00fcraci\u0259t \u00fcnvanlay\u0131b. Onlar bildiribl\u0259r ki, pandemiya il\u0259 \u0259laq\u0259dar 2020-ci ild\u0259 d\u00f6vl\u0259tin s\u0259rni\u015finda\u015f\u0131ma \u015firk\u0259tl\u0259rin\u0259 yard\u0131m m\u0259qs\u0259dil\u0259 ay\u0131rd\u0131\u011f\u0131 280 milyon manat v\u0259saitd\u0259n onlara h\u0259r hans\u0131 bir yard\u0131m verilm\u0259yib. Qeyd edilib ki, Az\u0259rbaycan Respublikas\u0131 Nazirl\u0259r Kabinetinin 04.04.2020-ci il tarixli, 135S sayl\u0131 q\u0259rar\u0131 il\u0259 \u201ch\u0259yati vacib s\u0259rni\u015finda\u015f\u0131ma sah\u0259sin\u0259\u201d maliyy\u0259 d\u0259st\u0259yinin verilm\u0259si \u00fc\u00e7\u00fcn 280 milyon manat (t\u0259dbirl\u0259r plan\u0131n\u0131n 10-cu b\u0259ndi) v\u0259sait ayr\u0131l\u0131b. Lakin t\u0259dbirl\u0259r plan\u0131n\u0131n 10-cu b\u0259ndind\u0259 n\u0259z\u0259rd\u0259 tutulmu\u015f \u201ch\u0259yati vacib s\u0259rni\u015finda\u015f\u0131ma sah\u0259si\u201d \u00fc\u00e7\u00fcn ayr\u0131lm\u0131\u015f v\u0259saitin bir hiss\u0259si Bak\u0131 \u015f\u0259h\u0259rind\u0259 f\u0259aliyy\u0259t g\u00f6st\u0259r\u0259n s\u0259rni\u015finda\u015f\u0131ma \u015firk\u0259tl\u0259rinin maliyy\u0259 dayan\u0131ql\u0131l\u0131\u011f\u0131n\u0131n t\u0259min edilm\u0259si \u00fc\u00e7\u00fcn n\u0259z\u0259rd\u0259 tutulsa da, bu v\u0259sait onlara \u00f6d\u0259nilm\u0259yib. \u015eirk\u0259tl\u0259r h\u0259m\u00e7inin \u0130qtisadiyyat Nazirliyind\u0259 m\u00f6vcud tarifl\u0259r\u0259 bax\u0131lmas\u0131, d\u00f6vl\u0259tin ictimai n\u0259qliyyata d\u0259st\u0259k verm\u0259si yollar\u0131n\u0131n n\u0259z\u0259rd\u0259n ke\u00e7irilm\u0259sini v\u0259 birg\u0259 g\u00f6r\u00fc\u015f\u00fcn ke\u00e7iril\u0259r\u0259k yaranm\u0131\u015f v\u0259ziyy\u0259tin m\u00fczakir\u0259 edilm\u0259sini xahi\u015f edibl\u0259r. Kollektiv m\u00fcraci\u0259td\u0259 qeyd edilib ki, cari ilin yanvar v\u0259 aprel aylar\u0131nda da Bak\u0131 \u015f\u0259h\u0259rind\u0259 s\u0259rni\u015finda\u015f\u0131ma xidm\u0259ti g\u00f6st\u0259r\u0259n \u015firk\u0259tl\u0259r Az\u0259rbaycan Respublikas\u0131 Tarif (qiym\u0259t) \u015euras\u0131na m\u00fcraci\u0259t edib. Lakin h\u0259min m\u00fcraci\u0259tl\u0259r cavabs\u0131z qal\u0131b: \u201c\u0130ctimai n\u0259qliyyatda m\u00f6vcud olan vahid tarifl\u0259 \u00f6lk\u0259d\u0259ki v\u0259 d\u00fcnyadak\u0131 bazar reall\u0131qlar\u0131 aras\u0131nda k\u0259skin f\u0259rql\u0259r yaran\u0131b. Bu m\u00fcraci\u0259tl\u0259 ba\u011fl\u0131 \u015firk\u0259tl\u0259rd\u0259n 2022-ci ilin proqnoz g\u00f6st\u0259ricil\u0259ri t\u0259l\u0259b olunub v\u0259 t\u0259l\u0259b icra edilib. Lakin m\u00fcraci\u0259t bu g\u00fcn\u0259d\u0259k n\u0259tic\u0259siz qal\u0131b.<\/p>\n","protected":false},"excerpt":{"rendered":"<p>S\u0259rni\u015finda\u015f\u0131mada t\u0259kc\u0259 iqtisadi yox, ciddi t\u0259\u015fkilati probleml\u0259r d\u0259 var Son bir ne\u00e7\u0259 ayda Bak\u0131da n\u0259qliyyat xaosu ya\u015fan\u0131r. Avtobuslar normal qrafikl\u0259 i\u015fl\u0259mir, insanlar saatlarla k\u00fc\u00e7\u0259l\u0259rd\u0259 qal\u0131r. N\u0259hay\u0259t, bu prosesin \u00fcz\u0259rind\u0259n \u201csirr p\u0259rd\u0259si\u201d g\u00f6t\u00fcr\u00fcld\u00fc. B\u0259lli oldu ki, da\u015f\u0131y\u0131c\u0131 \u015firk\u0259tl\u0259r qiym\u0259tl\u0259rin art\u0131r\u0131lmas\u0131n\u0131 ist\u0259yir. Bununla da son vaxtlar \u015f\u0259h\u0259rd\u0259 ba\u015f ver\u0259n xaos da bir n\u00f6v q\u0259sd\u0259n h\u0259yata ke\u00e7iril\u0259n t\u0259zyiq kimi anla\u015f\u0131ld\u0131. N\u0259z\u0259r\u0259 \u00e7atd\u0131raq ki, iki g\u00fcn \u00f6nc\u0259 Bak\u0131 \u015f\u0259h\u0259rind\u0259 v\u0259 \u0259traf q\u0259s\u0259b\u0259l\u0259rd\u0259 s\u0259rni\u015finda\u015f\u0131man\u0131n b\u00f6y\u00fck hiss\u0259sini h\u0259yata ke\u00e7ir\u0259n \u00f6z\u0259l da\u015f\u0131y\u0131c\u0131 \u015firk\u0259tl\u0259r d\u00f6vl\u0259t r\u0259hb\u0259rliyin\u0259 yenid\u0259n kollektiv m\u00fcraci\u0259t \u00fcnvanlay\u0131blar. Onlar avtobus n\u0259qliyyat vasit\u0259sin\u0259 z\u0259ruri olan dizel yanaca\u011f\u0131n\u0131n,&hellip;<\/p>\n","protected":false},"author":2,"featured_media":518333,"comment_status":"closed","ping_status":"closed","sticky":false,"template":"","format":"standard","meta":{"om_disable_all_campaigns":false,"_monsterinsights_skip_tracking":false,"_monsterinsights_sitenote_active":false,"_monsterinsights_sitenote_note":"","_monsterinsights_sitenote_category":0},"categories":[1],"tags":[],"aioseo_notices":[],"gutentor_comment":0,"rttpg_featured_image_url":{"full":["https:\/\/arantv.az\/wp-content\/uploads\/2022\/09\/2a9cc9ac7b581e3baea1f97317f22529.jpg",640,344,false],"landscape":["https:\/\/arantv.az\/wp-content\/uploads\/2022\/09\/2a9cc9ac7b581e3baea1f97317f22529.jpg",640,344,false],"portraits":["https:\/\/arantv.az\/wp-content\/uploads\/2022\/09\/2a9cc9ac7b581e3baea1f97317f22529.jpg",640,344,false],"thumbnail":["https:\/\/arantv.az\/wp-content\/uploads\/2022\/09\/2a9cc9ac7b581e3baea1f97317f22529-500x280.jpg",500,280,true],"medium":["https:\/\/arantv.az\/wp-content\/uploads\/2022\/09\/2a9cc9ac7b581e3baea1f97317f22529.jpg",640,344,false],"large":["https:\/\/arantv.az\/wp-content\/uploads\/2022\/09\/2a9cc9ac7b581e3baea1f97317f22529.jpg",640,344,false],"1536x1536":["https:\/\/arantv.az\/wp-content\/uploads\/2022\/09\/2a9cc9ac7b581e3baea1f97317f22529.jpg",640,344,false],"2048x2048":["https:\/\/arantv.az\/wp-content\/uploads\/2022\/09\/2a9cc9ac7b581e3baea1f97317f22529.jpg",640,344,false],"post-thumbnail":["https:\/\/arantv.az\/wp-content\/uploads\/2022\/09\/2a9cc9ac7b581e3baea1f97317f22529-240x172.jpg",240,172,true],"advps-thumb-one":["https:\/\/arantv.az\/wp-content\/uploads\/2022\/09\/2a9cc9ac7b581e3baea1f97317f22529.jpg",640,344,false]},"rttpg_author":{"display_name":"V\u00fcsal Rafiqo\u011flu","author_link":"https:\/\/arantv.az\/?author=2"},"rttpg_comment":0,"rttpg_category":"<a href=\"https:\/\/arantv.az\/?cat=1\" rel=\"category\">C\u0259miyy\u0259t<\/a>","rttpg_excerpt":"S\u0259rni\u015finda\u015f\u0131mada t\u0259kc\u0259 iqtisadi yox, ciddi t\u0259\u015fkilati probleml\u0259r d\u0259 var Son bir ne\u00e7\u0259 ayda Bak\u0131da n\u0259qliyyat xaosu ya\u015fan\u0131r. Avtobuslar normal qrafikl\u0259 i\u015fl\u0259mir, insanlar saatlarla k\u00fc\u00e7\u0259l\u0259rd\u0259 qal\u0131r. N\u0259hay\u0259t, bu prosesin \u00fcz\u0259rind\u0259n \u201csirr p\u0259rd\u0259si\u201d g\u00f6t\u00fcr\u00fcld\u00fc. B\u0259lli oldu ki, da\u015f\u0131y\u0131c\u0131 \u015firk\u0259tl\u0259r qiym\u0259tl\u0259rin art\u0131r\u0131lmas\u0131n\u0131 ist\u0259yir. Bununla da son vaxtlar \u015f\u0259h\u0259rd\u0259 ba\u015f ver\u0259n xaos da bir n\u00f6v q\u0259sd\u0259n h\u0259yata ke\u00e7iril\u0259n t\u0259zyiq&hellip;","_links":{"self":[{"href":"https:\/\/arantv.az\/index.php?rest_route=\/wp\/v2\/posts\/518332"}],"collection":[{"href":"https:\/\/arantv.az\/index.php?rest_route=\/wp\/v2\/posts"}],"about":[{"href":"https:\/\/arantv.az\/index.php?rest_route=\/wp\/v2\/types\/post"}],"author":[{"embeddable":true,"href":"https:\/\/arantv.az\/index.php?rest_route=\/wp\/v2\/users\/2"}],"replies":[{"embeddable":true,"href":"https:\/\/arantv.az\/index.php?rest_route=%2Fwp%2Fv2%2Fcomments&post=518332"}],"version-history":[{"count":0,"href":"https:\/\/arantv.az\/index.php?rest_route=\/wp\/v2\/posts\/518332\/revisions"}],"wp:featuredmedia":[{"embeddable":true,"href":"https:\/\/arantv.az\/index.php?rest_route=\/wp\/v2\/media\/518333"}],"wp:attachment":[{"href":"https:\/\/arantv.az\/index.php?rest_route=%2Fwp%2Fv2%2Fmedia&parent=518332"}],"wp:term":[{"taxonomy":"category","embeddable":true,"href":"https:\/\/arantv.az\/index.php?rest_route=%2Fwp%2Fv2%2Fcategories&post=518332"},{"taxonomy":"post_tag","embeddable":true,"href":"https:\/\/arantv.az\/index.php?rest_route=%2Fwp%2Fv2%2Ftags&post=518332"}],"curies":[{"name":"wp","href":"https:\/\/api.w.org\/{rel}","templated":true}]}}