{"id":518335,"date":"2022-09-29T08:00:45","date_gmt":"2022-09-29T05:00:45","guid":{"rendered":"https:\/\/arantv.az\/?p=518335"},"modified":"2022-09-29T08:00:45","modified_gmt":"2022-09-29T05:00:45","slug":"iranin-az%c9%99rbaycana-qarsi-xain-plani-uz%c9%99-cixdi-islam-respublikasinin-antimus%c9%99lman-%c9%99m%c9%99li","status":"publish","type":"post","link":"https:\/\/arantv.az\/?p=518335","title":{"rendered":"\u0130ran\u0131n Az\u0259rbaycana qar\u015f\u0131 xain plan\u0131 \u00fcz\u0259 \u00e7\u0131xd\u0131 &#8211; \u0130slam respublikas\u0131n\u0131n antim\u00fcs\u0259lman \u0259m\u0259li!"},"content":{"rendered":"<p><strong>Az\u0259rbaycan\u0131n \u00f6z soyda\u015flar\u0131na h\u0259r\u0259k\u0259t\u0259 ke\u00e7m\u0259k \u00e7a\u011f\u0131r\u0131\u015f\u0131 etm\u0259si h\u0259r an ba\u015f ver\u0259 bil\u0259r; \u201cR\u0259smi Bak\u0131 Tehran\u0131n Erm\u0259nistanla i\u015fbirliyi \u00fczr\u0259 b\u00fct\u00fcn faktlar\u0131 ictimaiyy\u0259t\u0259 a\u00e7mal\u0131, bu m\u0259s\u0259l\u0259 G\u00fcneyd\u0259 ya\u015fayan soyda\u015flar\u0131m\u0131z\u0131n diqq\u0259t m\u0259rk\u0259zin\u0259 g\u0259tirilm\u0259lidir\u201d<\/strong><\/p>\n<p><em>\u0130ran \u0130slam Respublikas\u0131n\u0131n xain plan\u0131 \u00fcz\u0259 \u00e7\u0131x\u0131b. Bu plan Az\u0259rbaycana, onun ordusuna v\u0259 xalq\u0131na qar\u015f\u0131 olaraq, erm\u0259nil\u0259rl\u0259 gizli i\u015f birliyin\u0259 \u0259saslan\u0131r. Erm\u0259nistan medias\u0131 v\u0259 Az\u0259rbaycan saytlar\u0131 \u00fcz\u0259 \u00e7\u0131xan bu x\u0259yan\u0259tin b\u0259zi detallar\u0131n\u0131 yaz\u0131blar. \u2018\u2019Yeni M\u00fcsavat\u2019\u2019 q\u0259zeti h\u0259min detallar\u0131 t\u0259qdim edir:<\/em><\/p>\n<p>\u2018\u2019\u0130kinci Qaraba\u011f m\u00fcharib\u0259si ba\u015fa \u00e7atd\u0131qdan sonra Erm\u0259nistana d\u0259st\u0259k verm\u0259y\u0259 haz\u0131rla\u015fan qon\u015fu \u0130ran\u0131n x\u0259yan\u0259tkar roluna d\u0259lal\u0259t ed\u0259n faktlar ortaya \u00e7\u0131xma\u011fa ba\u015flay\u0131r. \u0130randak\u0131 b\u0259zi q\u00fcvv\u0259l\u0259rin \u015eimali Az\u0259rbaycan\u0131n m\u00fcst\u0259qilliyini h\u0259l\u0259 d\u0259 q\u0259bul ed\u0259 bilm\u0259m\u0259si, sevincin\u0259 \u015f\u0259rik olmamas\u0131, q\u0259l\u0259b\u0259sini q\u0131sqancl\u0131qla qar\u015f\u0131lamas\u0131 biz\u0259 \u00e7oxdan b\u0259llidir.\u00a0 44 g\u00fcnl\u00fck V\u0259t\u0259n sava\u015f\u0131nda da Erm\u0259nistana gizli d\u0259st\u0259k ver\u0259n \u0130ran bug\u00fcnl\u0259rd\u0259 erm\u0259nil\u0259r\u0259 a\u00e7\u0131q \u015f\u0259kild\u0259 h\u0259rbi-siyasi d\u0259st\u0259yini d\u0259 gizl\u0259tm\u0259di. Durum t\u0259\u0259ss\u00fcfedicidir. \u018fn az\u0131ndan ona g\u00f6r\u0259 ki, bir m\u00fcs\u0259lman \u00f6lk\u0259si m\u00fcs\u0259lman qarda\u015f\u0131n\u0131n yan\u0131nda deyil, Allah\u0131n evind\u0259 donuz saxlayan, ya\u015fay\u0131\u015f yerl\u0259rini viran qoyan, m\u0259d\u0259ni abid\u0259l\u0259ri yox ed\u0259n erm\u0259ninin yan\u0131ndad\u0131r. Ancaq art\u0131q kimd\u0259n n\u0259yi g\u00f6zl\u0259diyimizi bildiyimiz \u00fc\u00e7\u00fcn bu, bizd\u0259 t\u0259\u0259cc\u00fcb d\u0259 do\u011furmur. \u0130ndi is\u0259 yeni faktlar ortaya \u00e7\u0131x\u0131b. Erm\u0259nistan m\u0259tbuat\u0131n\u0131n yazd\u0131\u011f\u0131na g\u00f6r\u0259, 44 g\u00fcnl\u00fck m\u00fcharib\u0259nin ba\u015flamas\u0131 r\u0259smi Tehran \u00fc\u00e7\u00fcn tamamil\u0259 g\u00f6zl\u0259nilm\u0259z olub.\u00a0 \u0130ran hakimiyy\u0259ti Az\u0259rbaycan Ordusunun qalibiyy\u0259tli h\u00fccumunu dayand\u0131rmaq \u00fc\u00e7\u00fcn Erm\u0259nistan hakimiyy\u0259tin\u0259 h\u0259r c\u00fcr k\u00f6m\u0259klik g\u00f6st\u0259rm\u0259y\u0259 \u00e7al\u0131\u015f\u0131b&#8221;.<\/p>\n<p><img src=\"https:\/\/konkret.az\/cloud\/uploads\/2021\/08\/Stepan_danielyan-768x403.jpg\" alt=\"T\u00fcrkiy\u0259 v\u0259 Az\u0259rbaycan\u0131n \u0130ranla m\u00fcharib\u0259sind\u0259n k\u0259narda qalmal\u0131y\u0131q\u201d -  Danielyan | KONKRET\" \/><\/p>\n<p><strong>Stepan Danielyan<\/strong><\/p>\n<p>Tan\u0131nm\u0131\u015f erm\u0259ni politoloq Stepan Danielyan bununla ba\u011fl\u0131 sensasion a\u00e7\u0131qlama verib.\u00a0 Onun s\u00f6zl\u0259rin\u0259 g\u00f6r\u0259, Erm\u0259nistan c\u0259miyy\u0259ti \u0130kinci Qaraba\u011f m\u00fcharib\u0259si zaman\u0131 \u0130ran\u0131n Erm\u0259nistan h\u00f6kum\u0259tin\u0259 t\u0259klifl\u0259rini \u00f6yr\u0259ns\u0259, \u015foka d\u00fc\u015f\u0259c\u0259k.\u00a0 Danielyan\u0131n s\u00f6zl\u0259rin\u0259 g\u00f6r\u0259, Pa\u015finyan \u0130ran\u0131n t\u0259klifl\u0259rind\u0259n imtina edib. Danielyan \u0259mindir ki, Pa\u015finyan bu t\u0259klifl\u0259ri q\u0259bul ets\u0259ydi, m\u00fcharib\u0259nin gedi\u015fat\u0131n\u0131 v\u0259 n\u0259tic\u0259sini d\u0259yi\u015f\u0259 bil\u0259rdi.<\/p>\n<p><strong>\u201cSual yaran\u0131r:<\/strong>\u00a0Pa\u015finyan niy\u0259 \u0130ran\u0131n Az\u0259rbaycana qar\u015f\u0131 t\u0259klifind\u0259n imtina etdi?\u201d, dey\u0259, &#8211; Danielyan soru\u015fur. Erm\u0259ni politoloq\u00a0 Pa\u015finyan\u0131n bu q\u0259rar\u0131n\u0131\u00a0 Amerika administrasiyas\u0131, x\u00fcsus\u0259n d\u0259 AB\u015e prezidentinin milli t\u0259hl\u00fck\u0259sizlik \u00fczr\u0259 ke\u00e7mi\u015f m\u00fc\u015faviri Con Bolton qar\u015f\u0131s\u0131nda \u00fcz\u0259rin\u0259 g\u00f6t\u00fcrd\u00fcy\u00fc m\u0259suliyy\u0259t v\u0259 \u00f6hd\u0259likl\u0259rl\u0259 izah edir. \u00c7\u00fcnki\u00a0 h\u0259min vaxt Tramp administrasiyas\u0131 Pa\u015finyandan \u0130ranla s\u0259rh\u0259di ba\u011flama\u011f\u0131 t\u0259l\u0259b etmi\u015fdi.<\/p>\n<p>Sitat: \u201c2018-ci ild\u0259 Bolton Erm\u0259nistana s\u0259f\u0259ri zaman\u0131 erm\u0259ni c\u0259miyy\u0259tini stereotipl\u0259rd\u0259n qurtulma\u011fa v\u0259 T\u00fcrkiy\u0259 il\u0259 m\u00fcnasib\u0259tl\u0259r\u0259 yenid\u0259n baxma\u011fa \u00e7a\u011f\u0131r\u0131b.\u00a0 Y\u0259ni amerikal\u0131lar \u00fc\u00e7\u00fcn bu, vacib idi.\u00a0 Bu, indiki hakim rejimin hakimiyy\u0259t\u0259 g\u0259lm\u0259si, y\u0259ni 2018-ci ild\u0259ki hakimiyy\u0259t d\u0259yi\u015fikliyi \u00fc\u00e7\u00fcn \u0259sas \u015f\u0259rt idi\u201d, &#8211; o \u0259lav\u0259 edib.<\/p>\n<p><strong>Danielyan\u0131n s\u00f6zl\u0259rin\u0259 g\u00f6r\u0259, bu g\u00fcn \u0130ran Az\u0259rbaycan\u0131n milli t\u0259hl\u00fck\u0259sizliyini t\u0259hdid edir.<\/strong><\/p>\n<p>Bunu biz erm\u0259ni politoloq olmadan da g\u00f6r\u00fcr v\u0259 bilirik. \u0130ran Az\u0259rbaycan\u0131n g\u00fccl\u00fc d\u00f6vl\u0259t kimi m\u00f6vcud olmas\u0131n\u0131 ist\u0259mir v\u0259 biz\u0259 z\u0259rb\u0259 vurmaq \u00fc\u00e7\u00fcn h\u0259r f\u00fcrs\u0259td\u0259n istifad\u0259 edir. T\u0259\u0259ss\u00fcf ki, Az\u0259rbaycan daxilind\u0259 din ad\u0131 il\u0259 beyni yuyulmu\u015f minl\u0259rl\u0259 v\u0259t\u0259nda\u015f\u0131m\u0131z xain \u0130ran rejiminin maraq v\u0259 m\u0259nafel\u0259ri \u00fc\u00e7\u00fcn \u00f6z \u00f6lk\u0259sini bel\u0259 satma\u011fa haz\u0131rd\u0131r. H\u0259r il y\u00fczl\u0259rl\u0259 soyda\u015f\u0131m\u0131z\u0131 Qum \u015f\u0259h\u0259rind\u0259ki dini m\u0259kt\u0259bl\u0259rd\u0259 oxutma ad\u0131 il\u0259 \u00f6z\u00fcn\u0259 ba\u011flayan \u0130ran rejimi anlamal\u0131d\u0131r ki, onun daxilind\u0259 Az\u0259rbaycan d\u00f6vl\u0259tinin 40 milyona yax\u0131n d\u0259st\u0259k\u00e7isi &#8211;\u00a0 t\u0259r\u0259fdar\u0131 var. Onlar \u0130ran v\u0259t\u0259nda\u015f\u0131 olan az\u0259rbaycanl\u0131lard\u0131r. \u015eimali Az\u0259rbaycan \u0259halisinin bir qismini din ad\u0131 il\u0259 \u00f6z\u00fcn\u0259 ba\u011flamaqla he\u00e7 n\u0259 \u0259ld\u0259 ed\u0259 bilm\u0259y\u0259c\u0259k &#8211; n\u0259 q\u0259d\u0259r \u00e7al\u0131\u015fsa da biz\u0259 qar\u015f\u0131 qoya bil\u0259c\u0259yi insan resursu bizim \u0130ran\u0131n xain planlar\u0131na qar\u015f\u0131 m\u00fcqavim\u0259t\u0259 qald\u0131ra bil\u0259c\u0259yimiz insan resursundan d\u0259f\u0259l\u0259rl\u0259 az olacaq. Haz\u0131rda daxili i\u011fti\u015fa\u015flardan \u0259ziyy\u0259t \u00e7\u0259k\u0259n v\u0259 \u00f6z xalq\u0131na normal g\u00fczaran yarada bilm\u0259y\u0259n teokratik \u0130ran rejimi anlamal\u0131d\u0131r ki, Bak\u0131dan veril\u0259n bir i\u015far\u0259 il\u0259 durumu daha da pisl\u0259\u015f\u0259r, qar\u0131\u015far v\u0259 sonunda m\u0259hv olar.<\/p>\n<p><strong>Az\u0259rbaycana, onun m\u00fcs\u0259lman \u0259halisin\u0259 q\u0259sd ed\u0259n, x\u0259yan\u0259t ed\u0259n \u0130ran enind\u0259-sonunda bu xainliyin qurban\u0131 olacaq. Lakin o zamana q\u0259d\u0259r bir s\u0131ra suallara cavab verilm\u0259lidir: \u0130ran ill\u0259rdir Az\u0259rbaycana qar\u015f\u0131 f\u0259aliyy\u0259t g\u00f6st\u0259rir, z\u0259rb\u0259l\u0259r vurur, \u0130slam respublikas\u0131 olmas\u0131na baxmayaraq, h\u0259r zaman Erm\u0259nistana d\u0259st\u0259k durur. Bunun bir normal izah\u0131 varm\u0131? Az\u0259rbaycan \u0130rana o q\u0259d\u0259rmi t\u0259hdid t\u0259\u015fkil edir ki, bizi Erm\u0259nistan\u0131n \u0259li il\u0259 m\u0259hv etm\u0259y\u0259 ged\u0259c\u0259k q\u0259d\u0259r x\u0259yan\u0259t ed\u0259 bilir?<\/strong><\/p>\n<p>Daha bir sual &#8211;\u00a0 bunca x\u0259yan\u0259tl\u0259ri, a\u00e7\u0131q t\u0259hdid v\u0259 h\u0259d\u0259l\u0259ri ortada oldu\u011fu halda, nec\u0259 olur ki, Az\u0259rbaycan \u0259halisinin m\u00fc\u0259yy\u0259n k\u0259simi din ad\u0131 alt\u0131nda \u0130rana xidm\u0259t edir, \u0259n az\u0131ndan, isti yana\u015f\u0131rlar. Bunun qar\u015f\u0131s\u0131n\u0131 almaq \u00fc\u00e7\u00fcn Az\u0259rbaycan n\u0259 etm\u0259lidir? \u018fn sonunda, Az\u0259rbaycan d\u00f6vl\u0259ti \u0130randa ya\u015fayan soyda\u015flar\u0131m\u0131z\u0131 n\u0259 zamansa k\u00f6m\u0259y\u0259, m\u00fcqavim\u0259t\u0259 s\u0259sl\u0259y\u0259 bil\u0259rmi? Bel\u0259 bir \u00e7a\u011f\u0131r\u0131\u015f olsa, n\u0259tic\u0259l\u0259r haqq\u0131nda hans\u0131 m\u00fclahiz\u0259l\u0259r y\u00fcr\u00fctm\u0259k m\u00fcmk\u00fcnd\u00fcr?<\/p>\n<p><img src=\"https:\/\/1news.az\/images\/2019\/01\/24\/20190124112256841\/pa__inyan_bolton.jpg?2021-02-17+09%3A23%3A32\" alt=\"Pa\u015finyan v\u0259 Bolton aras\u0131nda telefon dan\u0131\u015f\u0131\u011f\u0131 olub | 1news.az | X\u0259b\u0259rl\u0259r\" \/><\/p>\n<p><strong>Pa\u015finyan v\u0259 Con Bolton<\/strong><\/p>\n<p><strong>El\u00e7ib\u0259y \u0130nstitutunun r\u0259hb\u0259ri Oqtay Qas\u0131mov \u201cYeni M\u00fcsavat\u201da bildirdi ki, Stepan Danielyan Erm\u0259nistanda ultrafa\u015fist zehiniyy\u0259tin \u0259sas da\u015fy\u0131c\u0131lar\u0131ndan biridir. Biz onun x\u0259st\u0259 t\u0259x\u0259yy\u00fcl\u00fcn\u00fcn ifad\u0259sini 44 g\u00fcnl\u00fck V\u0259t\u0259n m\u00fcharib\u0259si zaman\u0131 d\u0259f\u0259l\u0259rl\u0259 g\u00f6rm\u00fc\u015f\u00fck:<\/strong>\u00a0\u201cO zaman bu x\u0259st\u0259 &#8220;politoloq&#8221; Erm\u0259nistan hakimiyy\u0259tini Az\u0259rbaycan \u0259razil\u0259rin\u0259 n\u00fcv\u0259 tullant\u0131lar\u0131n\u0131n at\u0131lmas\u0131 \u00e7a\u011f\u0131r\u0131\u015f\u0131n\u0131 edirdi, S\u0259rs\u0259ng su anbar\u0131n\u0131 v\u0259 dig\u0259r su h\u00f6vz\u0259l\u0259rini z\u0259h\u0259rl\u0259m\u0259kl\u0259 ekoloji terror t\u00f6r\u0259dilm\u0259sin\u0259 \u00e7a\u011f\u0131r\u0131\u015f edirdi. H\u0259m\u00e7inin fosforlu bombalardan istifad\u0259 edil\u0259r\u0259k \u0259traf m\u00fchitin, me\u015f\u0259 zolaqlar\u0131n\u0131n yand\u0131r\u0131lmas\u0131 t\u0259\u015f\u0259bb\u00fcsl\u0259ri il\u0259 \u00e7\u0131x\u0131\u015f el\u0259y\u0259n fa\u015fist d\u00fc\u015f\u00fcnc\u0259li \u015f\u0259xsdir. Onun s\u00f6yl\u0259diyi Con Boltonun Erm\u0259nistana, o c\u00fcml\u0259d\u0259n C\u0259nubi Qafqaza s\u0259f\u0259ri il\u0259 ba\u011fl\u0131 dedikl\u0259rind\u0259 yanl\u0131\u015fl\u0131q var- \u0259n az\u0131 tarix bax\u0131m\u0131ndan. Bel\u0259 ki, Con Bolton b\u00f6lg\u0259y\u0259 s\u0259f\u0259r ed\u0259rk\u0259n Nikol Pa\u015finyan art\u0131q Erm\u0259nistanda hakimiyy\u0259td\u0259 idi. Y\u0259ni Erm\u0259nistanda hakimiyy\u0259t d\u0259yi\u015fikliyi \u0259r\u0259f\u0259si deyildi. O ki qald\u0131 onun \u0130ran\u0131n planlar\u0131 il\u0259 ba\u011fl\u0131 dedikl\u0259rin\u0259, \u0259lb\u0259tt\u0259, bu, bizim \u00fc\u00e7\u00fcn sirr deyil. Orada m\u00fc\u0259yy\u0259n q\u0259d\u0259r \u015fi\u015firtm\u0259l\u0259r var. Bel\u0259 ki, \u0130ran, \u00fcmumiyy\u0259tl\u0259, Az\u0259rbaycan-Erm\u0259nistan m\u00fcnaqi\u015f\u0259si zaman\u0131 a\u00e7\u0131q v\u0259 konkret olaraq Erm\u0259nistan\u0131n t\u0259r\u0259find\u0259 durub. \u0130mkan\u0131 \u00e7atan q\u0259d\u0259r Erm\u0259nistana yard\u0131m edib. H\u0259m\u00e7inin 44 g\u00fcnl\u00fck m\u00fcharib\u0259 zaman\u0131 biz \u0130ran\u0131n b\u00fct\u00fcn vasit\u0259l\u0259rl\u0259 Erm\u0259nistana yard\u0131m etdiyini g\u00f6rd\u00fck. H\u0259m Erm\u0259nistana \u0130ran \u0259razisind\u0259n da\u015f\u0131nan silah-sursat, texnika, \u0259rzaq, yanacaq daxil olmaqla, g\u00f6nd\u0259ril\u0259n yard\u0131mlar\u0131n h\u0259r birini sosial \u015f\u0259b\u0259k\u0259l\u0259rd\u0259n, mediadan izl\u0259dik. M\u0259hz \u0130ran\u0131n bu c\u00fcr x\u0259yan\u0259tkar h\u0259r\u0259k\u0259tl\u0259rin\u0259 etirazlar\u0131n da \u015fahidi olduq, G\u00fcney Az\u0259rbaycan\u0131n \u0259ks\u0259r \u015f\u0259h\u0259rl\u0259rind\u0259, b\u00f6lg\u0259l\u0259rind\u0259 \u0130ran hakimiyy\u0259tin\u0259 qar\u015f\u0131 etiraz aksiyalar\u0131 ke\u00e7irildi. Bu b\u0259lk\u0259 d\u0259 molla rejiminin hakimiyy\u0259td\u0259 oldu\u011fu m\u00fcdd\u0259td\u0259 ilk d\u0259f\u0259 idi ki, Az\u0259rbaycan \u0259halisi \u0130ran hakimiyy\u0259tin\u0259 bu q\u0259d\u0259r k\u00fctl\u0259vi etirazlar edirdi. \u0130ran\u0131n Erm\u0259nistana h\u0259rbi d\u0259st\u0259yin\u0259 g\u0259linc\u0259, g\u00f6nd\u0259ril\u0259n y\u00fckl\u0259rd\u0259n \u0259lav\u0259 biz Az\u0259rbaycan Ordusunun Araz boyu apard\u0131\u011f\u0131 h\u0259rbi \u0259m\u0259liyyatlar zaman\u0131 \u0130ran\u0131n tutdu\u011fu xain m\u00f6vqenin \u015fahidl\u0259riyik. Bilirik ki, \u0130ran o d\u00f6vrl\u0259r Araz boyu yerl\u0259\u015fdirdiyi radioelektron vasit\u0259l\u0259rl\u0259 Az\u0259rbaycan Ordusunun h\u0259r\u0259k\u0259t istiqam\u0259tl\u0259ri, yerl\u0259\u015fdiyi m\u00f6vqel\u0259r haqq\u0131nda operativ \u015f\u0259kild\u0259 erm\u0259ni t\u0259r\u0259fin\u0259 k\u0259\u015ffiyyat m\u0259lumatlar\u0131 \u00f6t\u00fcr\u00fcrd\u00fc. Bu da Az\u0259rbaycan Ordusunun \u0259m\u0259liyyatlar\u0131na mane\u00e7ilik t\u00f6r\u0259tm\u0259kl\u0259 b\u0259rab\u0259r bizim itkil\u0259rimizin artmas\u0131na s\u0259b\u0259b olurdu. Bizim radioelektron sisteml\u0259rimizin f\u0259aliyy\u0259tin\u0259 \u0259ng\u0259ll\u0259r t\u00f6r\u0259dilm\u0259si n\u0259tic\u0259sind\u0259 d\u0259 i\u015fl\u0259rimizi \u00e7\u0259tinl\u0259\u015fdirirdil\u0259r. Bundan ba\u015fqa, Xudaf\u0259rin k\u00f6rp\u00fcs\u00fcn\u00fcn yax\u0131nl\u0131\u011f\u0131nda\u0131 yerl\u0259\u015fdirdiyi postlarda Az\u0259rbaycan Ordusunun qar\u015f\u0131s\u0131na \u0130ran h\u0259rb\u00e7il\u0259ri \u00e7\u0131xaraq ordumuzun Z\u0259ngilan istiqam\u0259tind\u0259 ir\u0259lil\u0259m\u0259sini bir sutkadan art\u0131q l\u0259ngitm\u0259si yen\u0259 d\u0259 itkil\u0259rimizin say\u0131n\u0131n artmas\u0131na v\u0259 \u0259m\u0259liyyat\u0131n s\u00fcr\u0259tinin azalmas\u0131na s\u0259b\u0259b olmu\u015fdu. 44 g\u00fcnl\u00fck sava\u015f getdiyi m\u00fcdd\u0259td\u0259 \u0130ran siyasi v\u0259 dini r\u0259hb\u0259rliyi t\u0259r\u0259find\u0259n veril\u0259n a\u00e7\u0131qlamalar\u0131 h\u0259l\u0259 d\u0259 unutmam\u0131\u015f\u0131q. Sava\u015fdan sonrak\u0131 ritorika, o c\u00fcml\u0259d\u0259n 10 dekabr Z\u0259f\u0259r parad\u0131nda T\u00fcrkiy\u0259 Prezidentinin s\u00f6yl\u0259diyi bir \u015feir \u0259traf\u0131nda isterika yaratmaq siyas\u0259tini d\u0259 biz unutmam\u0131\u015f\u0131q&#8221;.<\/p>\n<p><img loading=\"lazy\" src=\"https:\/\/i.ytimg.com\/vi\/tfFyV-rGAS8\/maxresdefault.jpg\" alt=\"Oqtay Qas\u0131mov: Erm\u0259nistan iqtisadiyyat\u0131n\u0131n yar\u0131dan \u00e7oxu Rusiyadan as\u0131l\u0131d\u0131r  - (G\u00fcnd\u0259m) - YouTube\" width=\"997\" height=\"561\" \/><\/p>\n<p><strong>Oqtay Qas\u0131mov<\/strong><\/p>\n<p><strong>Ekspert deyir ki, m\u0259n\u0259vi, dini, tarixi, m\u0259d\u0259ni bax\u0131mdan g\u00f6t\u00fcrd\u00fckd\u0259 \u0130ran\u0131n bel\u0259 davran\u0131\u015f\u0131n\u0131n normal izah\u0131 yoxdur:<\/strong>\u00a0\u201cBel\u0259 ki, \u00f6z\u00fcn\u00fc \u0130slam d\u00fcnyas\u0131n\u0131n \u0259sas apar\u0131c\u0131 d\u00f6vl\u0259ti v\u0259 guya \u0130slam \u00fcmm\u0259tinin hamil\u0259rind\u0259n biri sayan \u0130ran m\u00fcs\u0259lman \u0259halini m\u00fcdafi\u0259 etm\u0259k \u0259v\u0259zin\u0259, \u0130slam abid\u0259l\u0259rini, m\u00fcq\u0259dd\u0259s yerl\u0259ri da\u011f\u0131dan, t\u0259hqir ed\u0259n Erm\u0259nistan\u0131 m\u00fcdafi\u0259 etdi. Bu, \u0130ran\u0131n d\u0259yi\u015fm\u0259z bir siyas\u0259tidir. \u0130ran\u0131n d\u00f6vl\u0259t qurumlar\u0131nda, bir \u00e7ox universitetl\u0259rind\u0259, x\u00fcsusil\u0259 h\u0259rbi m\u0259kt\u0259bl\u0259rind\u0259 v\u0259 ordu i\u00e7\u0259risind\u0259 anti-Az\u0259rbaycan t\u0259bli\u011fat\u0131 Az\u0259rbaycan m\u00fcst\u0259qilliyini elan ed\u0259nd\u0259n b\u0259ri apar\u0131l\u0131r. T\u0259bli\u011fatda qeyd olunur m\u00fcst\u0259qil Az\u0259rbaycan Respublikas\u0131 inki\u015faf edib firavan cazib\u0259dar hala g\u0259l\u0259 bil\u0259r ki, bu da \u0130ran\u0131n milli t\u0259hl\u00fck\u0259sizliyi \u00fc\u00e7\u00fcn bir t\u0259hdid yaradacaq\u201d.<\/p>\n<p><strong>O.Qas\u0131mov hesab edir ki, b\u00fct\u00fcn bunlara r\u0259\u011fm\u0259n h\u0259l\u0259 az sayda olsa da az\u0259rbaycanl\u0131lar\u0131n \u0130rana inanmas\u0131 cahillik v\u0259 savads\u0131zl\u0131qla \u0259laq\u0259dard\u0131r:<\/strong>\u00a0\u201cBu tipli adamlarda v\u0259t\u0259n, mill\u0259t, d\u00f6vl\u0259t anlay\u0131\u015flar\u0131 t\u0259riq\u0259t anlay\u0131\u015f\u0131ndan daha geri plandad\u0131r. Ona g\u00f6r\u0259 d\u0259 bu c\u00fcr insanlar h\u0259l\u0259 d\u0259 \u0130rana isti yana\u015fmaqda v\u0259 onun b\u00fct\u00fcn yanl\u0131\u015flar\u0131n\u0131 bel\u0259 haql\u0131 g\u00f6rm\u0259kd\u0259 davam edirl\u0259r. Eyni zamanda \u0130ran\u0131n agentura \u015f\u0259b\u0259k\u0259sin\u0259 c\u0259lb edil\u0259n adamlar var ki, onlar da \u0130ran\u0131 m\u00fcdafi\u0259 edirl\u0259r. Bunun qar\u015f\u0131s\u0131n\u0131n al\u0131nmas\u0131n\u0131n is\u0259 bir ne\u00e7\u0259 yolu var. Birincisi, \u0130rana v\u0259 dig\u0259r xarici \u00f6lk\u0259l\u0259r\u0259 dini t\u0259hsil almaq \u00fc\u00e7\u00fcn t\u0259l\u0259b\u0259 g\u00f6nd\u0259rilm\u0259si m\u0259s\u0259l\u0259si ciddi \u015f\u0259kild\u0259 n\u0259z\u0259rd\u0259n ke\u00e7irilm\u0259lidir v\u0259 art\u0131q dini t\u0259hsil almaq \u00fc\u00e7\u00fcn xarici \u00f6lk\u0259l\u0259r\u0259 t\u0259l\u0259b\u0259 g\u00f6nd\u0259rm\u0259y\u0259 ehtiyac yoxdur. \u0130kincisi, Az\u0259rbaycanda t\u0259hsil sistemind\u0259 ciddi d\u0259yi\u015fiklikl\u0259r ba\u015f verm\u0259li, \u0259halimiz savadlanmal\u0131d\u0131r. X\u00fcsusi xidm\u0259t orqanlar\u0131m\u0131z\u0131n casus v\u0259 agentura \u015f\u0259b\u0259k\u0259l\u0259rinin if\u015fa edilm\u0259si istiqam\u0259tind\u0259 f\u0259aliyy\u0259ti ciddi \u015f\u0259kild\u0259 geni\u015fl\u0259ndirilm\u0259lidir\u201d.<\/p>\n<p><img src=\"https:\/\/qafqazinfo.az\/uploads\/1582290418\/aygun.jpg\" alt=\"Ayg\u00fcn Muradxanl\u0131n\u0131n \u015fikay\u0259ti t\u0259min edilm\u0259di\" \/><\/p>\n<p><strong>Ayg\u00fcn Muradxanl\u0131 i<\/strong><\/p>\n<p><strong>\u201cPrimeTV\u201dnin r\u0259hb\u0259ri Ayg\u00fcn Muradxanl\u0131 is\u0259 bildirdi ki, 27 sentyabr 2020-d\u0259 h\u0259rbi \u0259m\u0259liyyatlar\u0131n ba\u015flamas\u0131ndan az sonra Tehran sava\u015f\u0131n dayand\u0131r\u0131lmas\u0131 \u00e7a\u011f\u0131r\u0131\u015f\u0131n\u0131 etmi\u015fdi:<\/strong>\u00a0&#8220;\u0130lk suallar el\u0259 buradan yaran\u0131r &#8211; Az\u0259rbaycan Erm\u0259nistan t\u0259r\u0259find\u0259n i\u015f\u011fal olunan torpaqlar\u0131n\u0131 azad etm\u0259k \u00fc\u00e7\u00fcn h\u0259rbi \u0259m\u0259liyyatlar ke\u00e7irirs\u0259, bu, \u0130ran\u0131 niy\u0259 narahat edirdi? \u018fg\u0259r ger\u00e7\u0259kd\u0259n d\u0259 Tehran iddia etdiyi kimi, bir \u0130slam d\u00f6vl\u0259tidirs\u0259, sava\u015fa t\u0259kbirl\u0259 ged\u0259n ordunun yan\u0131nda olmal\u0131 deyildimi? Bel\u0259 suallar \u00e7oxdur v\u0259 onlar\u0131n ham\u0131s\u0131n\u0131n bir cavab\u0131 var &#8211; Tehran Az\u0259rbaycan Respublikas\u0131n\u0131n varl\u0131\u011f\u0131n\u0131 t\u0259hdid kimi q\u0259bul edir. S\u0259b\u0259b \u00f6lk\u0259 i\u00e7\u0259risind\u0259 40 milyonluq Az\u0259rbaycan t\u00fcrk\u00fcn\u0259 ill\u0259rdir s\u00f6z\u00fcn \u0259sl m\u0259nas\u0131nda z\u00fclm etm\u0259sidir. Tehran \u00e7ox g\u00f6z\u0259l anlay\u0131r ki, Az\u0259rbaycan Respublikas\u0131 g\u00fccl\u0259ndikc\u0259, G\u00fcneyd\u0259 ya\u015fayan soyda\u015flar\u0131m\u0131z \u0130ran \u0130slam Respublikas\u0131n\u0131 deyil, Az\u0259rbaycan\u0131 \u00f6z d\u00f6vl\u0259ti kimi q\u0259bul edir. Buna g\u00f6r\u0259 d\u0259 d\u00f6vl\u0259timizin dayaqlar\u0131n\u0131n z\u0259ifl\u0259dilm\u0259si \u00fc\u00e7\u00fcn i\u015f\u011fal\u00e7\u0131 Erm\u0259nistana d\u0259st\u0259k verir. Bu,Tehran\u0131n yax\u0131n ill\u0259rd\u0259 q\u0259bul etdiyi siyas\u0259t deyil.\u00a0 200 illik tarix boyu Tehran-Moskva tandemi bu x\u0259tti d\u00f6vl\u0259t qurulu\u015fundan as\u0131l\u0131 olmayaraq Az\u0259rbaycana qar\u015f\u0131 davam etdirib. Sovetl\u0259r Birliyi da\u011f\u0131landan sonra Tehran bu m\u0259s\u0259l\u0259d\u0259 yeni taktikalar i\u015f\u0259 sal\u0131b. \u0130lk zamanlar t\u0259riq\u0259t t\u0259bli\u011fat\u0131 il\u0259 Quzeyd\u0259ki az\u0259rbaycanl\u0131lar\u0131n beynini yuma\u011fa \u00e7al\u0131\u015fan Tehran son d\u00f6n\u0259ml\u0259r narkotikan\u0131 bu siyas\u0259tinin m\u0259rk\u0259zin\u0259 qoyub. \u00c7\u00fcnki Erm\u0259nistana d\u0259st\u0259yi fa\u015f olduqca art\u0131q din faktoru i\u015fl\u0259m\u0259di. Bu g\u00fcn Az\u0259rbaycanda minl\u0259rl\u0259 insan var ki, t\u0259riq\u0259t x\u0259tti il\u0259 bir zamanlar \u0130rana do\u011fmal\u0131q duyurdu, amma Tehran\u0131n d\u00f6vl\u0259timiz\u0259, ordumuza qar\u015f\u0131 add\u0131mlar\u0131ndan sonra qat\u0131 anti-\u0130ran m\u00f6vqeyind\u0259dir. Amma buradak\u0131 Quma ba\u011fl\u0131 ciddi bir &#8220;din&#8221; \u015f\u0259b\u0259k\u0259si qalmaqdad\u0131r v\u0259 onlar\u0131n \u00f6z\u0259llikl\u0259 sosial \u015f\u0259b\u0259k\u0259l\u0259r \u00fcz\u0259rind\u0259n s\u0259rb\u0259st t\u0259bli\u011fat aparmas\u0131 q\u0259tiyy\u0259n q\u0259bul edilm\u0259m\u0259lidir. \u00c7\u00fcnki onlar\u0131n apard\u0131\u011f\u0131 t\u0259bli\u011fat birm\u0259nal\u0131 olaraq Az\u0259rbaycan d\u00f6vl\u0259tin\u0259, T\u00fcrkiy\u0259y\u0259, Az\u0259rbaycan-T\u00fcrkiy\u0259 birliyin\u0259 qar\u015f\u0131d\u0131r ki, bu bizim 44 g\u00fcnl\u00fck q\u0259l\u0259b\u0259 formulumuza ziddir. Bu s\u0259b\u0259bd\u0259n Qum \u015f\u0259b\u0259k\u0259sin\u0259 qar\u015f\u0131 olduqca s\u0259rt add\u0131mlar at\u0131lmal\u0131, Erm\u0259nistana a\u00e7\u0131q h\u0259rbi-siyasi d\u0259st\u0259k ver\u0259n Tehran\u0131n Az\u0259rbaycandak\u0131 t\u0259bli\u011fat\u00e7\u0131lar\u0131 c\u0259zaland\u0131r\u0131lmal\u0131d\u0131r&#8221;.<\/p>\n<p><strong>\u00a0A.Muradxanl\u0131 qeyd etdi ki, r\u0259smi Bak\u0131 Tehran\u0131n Erm\u0259nistanla i\u015fbirliyi \u00fczr\u0259 b\u00fct\u00fcn faktlar\u0131 ictimaiyy\u0259t\u0259 a\u00e7mal\u0131, bu m\u0259s\u0259l\u0259 G\u00fcneyd\u0259 ya\u015fayan soyda\u015flar\u0131m\u0131z\u0131n diqq\u0259t m\u0259rk\u0259zin\u0259 g\u0259tirilm\u0259lidir:<\/strong>\u00a0\u201c\u00c7\u00fcnki Az\u0259rbaycan \u0259n son ana q\u0259d\u0259r \u0130rana normal qon\u015fuluq t\u0259klif etdi. 10 dekabr Z\u0259f\u0259r parad\u0131nda T\u00fcrkiy\u0259 Prezidenti h\u00f6rm\u0259tli R\u0259c\u0259b Tayyib \u018frdo\u011fan regionda bar\u0131\u015f v\u0259 t\u0259hl\u00fck\u0259sizlik \u00fc\u00e7\u00fcn 6-l\u0131q format t\u0259klif etdi. Az\u0259rbaycan Prezidenti h\u00f6rm\u0259tli \u0130lham \u018fliyev Xudaf\u0259rini dostluq k\u00f6rp\u00fcs\u00fc adland\u0131rd\u0131. Cavab n\u0259 oldu? Tehran \u0130r\u0259vana daha \u00e7ox yax\u0131nla\u015fmaq siyas\u0259tini se\u00e7di, \u0130lham \u018fliyev Araz boyu s\u0259rh\u0259dl\u0259r\u0259, Xudaf\u0259rin\u0259 s\u0259f\u0259r ed\u0259nd\u0259 \u0259razil\u0259r\u0259 snayper yerl\u0259\u015fdirdi. Az\u0259rbaycana narkotik transferini art\u0131rd\u0131, K\u0259rim\u0259 d\u00f6vl\u0259ti \u0259llam\u0259\u00e7il\u0259rini ortaya atd\u0131, diplomatlar\u0131 a\u00e7\u0131q \u015f\u0259kild\u0259 bildirdil\u0259r ki, Az\u0259rbaycan Respublikas\u0131n\u0131n varl\u0131\u011f\u0131 \u0130ran \u00fc\u00e7\u00fcn t\u0259hdiddir. \u0130ran bir an bel\u0259 unutmamal\u0131d\u0131r ki, 30 il \u00e7al\u0131\u015fmas\u0131na baxmayaraq, Az\u0259rbaycan Respublikas\u0131nda uza\u011f\u0131 30-40 minlik bir \u015f\u0259b\u0259k\u0259 formala\u015fd\u0131r\u0131b v\u0259 onlar\u0131 s\u0131radan \u00e7\u0131xarmaq \u00e7\u0259tin deyil, amma Az\u0259rbaycan\u0131n \u0130randa 40 milyonluq daya\u011f\u0131 var. Bak\u0131n\u0131n bir \u00e7a\u011f\u0131r\u0131\u015f\u0131 yet\u0259r ki, \u0130ran\u0131n alt\u0131 \u00fcst\u00fcn\u0259 \u00e7evrilsin. \u0130ran\u0131n sentyabr\u0131n 12-13-d\u0259 K\u0259lb\u0259c\u0259rd\u0259 Az\u0259rbaycan Ordusuna qar\u015f\u0131 t\u0259xribatlarda \u0259li olmas\u0131 x\u0259b\u0259rl\u0259ri Az\u0259rbaycanda \u00e7ox b\u00f6y\u00fck q\u0259z\u0259bl\u0259 qar\u015f\u0131lan\u0131b. \u0130ran\u0131n layiqli cavab\u0131n\u0131 h\u0259m Quzey, h\u0259m d\u0259 G\u00fcney Az\u0259rbaycandan alaca\u011f\u0131na \u0259min\u0259m\u201d<\/p>\n","protected":false},"excerpt":{"rendered":"<p>Az\u0259rbaycan\u0131n \u00f6z soyda\u015flar\u0131na h\u0259r\u0259k\u0259t\u0259 ke\u00e7m\u0259k \u00e7a\u011f\u0131r\u0131\u015f\u0131 etm\u0259si h\u0259r an ba\u015f ver\u0259 bil\u0259r; \u201cR\u0259smi Bak\u0131 Tehran\u0131n Erm\u0259nistanla i\u015fbirliyi \u00fczr\u0259 b\u00fct\u00fcn faktlar\u0131 ictimaiyy\u0259t\u0259 a\u00e7mal\u0131, bu m\u0259s\u0259l\u0259 G\u00fcneyd\u0259 ya\u015fayan soyda\u015flar\u0131m\u0131z\u0131n diqq\u0259t m\u0259rk\u0259zin\u0259 g\u0259tirilm\u0259lidir\u201d \u0130ran \u0130slam Respublikas\u0131n\u0131n xain plan\u0131 \u00fcz\u0259 \u00e7\u0131x\u0131b. Bu plan Az\u0259rbaycana, onun ordusuna v\u0259 xalq\u0131na qar\u015f\u0131 olaraq, erm\u0259nil\u0259rl\u0259 gizli i\u015f birliyin\u0259 \u0259saslan\u0131r. Erm\u0259nistan medias\u0131 v\u0259 Az\u0259rbaycan saytlar\u0131 \u00fcz\u0259 \u00e7\u0131xan bu x\u0259yan\u0259tin b\u0259zi detallar\u0131n\u0131 yaz\u0131blar. \u2018\u2019Yeni M\u00fcsavat\u2019\u2019 q\u0259zeti h\u0259min detallar\u0131 t\u0259qdim edir: \u2018\u2019\u0130kinci Qaraba\u011f m\u00fcharib\u0259si ba\u015fa \u00e7atd\u0131qdan sonra Erm\u0259nistana d\u0259st\u0259k verm\u0259y\u0259 haz\u0131rla\u015fan qon\u015fu \u0130ran\u0131n x\u0259yan\u0259tkar roluna d\u0259lal\u0259t ed\u0259n faktlar ortaya \u00e7\u0131xma\u011fa ba\u015flay\u0131r.&hellip;<\/p>\n","protected":false},"author":2,"featured_media":518336,"comment_status":"closed","ping_status":"closed","sticky":false,"template":"","format":"standard","meta":{"om_disable_all_campaigns":false,"_monsterinsights_skip_tracking":false,"_monsterinsights_sitenote_active":false,"_monsterinsights_sitenote_note":"","_monsterinsights_sitenote_category":0},"categories":[4],"tags":[],"aioseo_notices":[],"gutentor_comment":0,"rttpg_featured_image_url":{"full":["https:\/\/arantv.az\/wp-content\/uploads\/2022\/09\/b86bf6094fdf0a9676c9201337749079.jpg",821,462,false],"landscape":["https:\/\/arantv.az\/wp-content\/uploads\/2022\/09\/b86bf6094fdf0a9676c9201337749079.jpg",821,462,false],"portraits":["https:\/\/arantv.az\/wp-content\/uploads\/2022\/09\/b86bf6094fdf0a9676c9201337749079.jpg",821,462,false],"thumbnail":["https:\/\/arantv.az\/wp-content\/uploads\/2022\/09\/b86bf6094fdf0a9676c9201337749079-500x280.jpg",500,280,true],"medium":["https:\/\/arantv.az\/wp-content\/uploads\/2022\/09\/b86bf6094fdf0a9676c9201337749079-649x365.jpg",649,365,true],"large":["https:\/\/arantv.az\/wp-content\/uploads\/2022\/09\/b86bf6094fdf0a9676c9201337749079.jpg",640,360,false],"1536x1536":["https:\/\/arantv.az\/wp-content\/uploads\/2022\/09\/b86bf6094fdf0a9676c9201337749079.jpg",821,462,false],"2048x2048":["https:\/\/arantv.az\/wp-content\/uploads\/2022\/09\/b86bf6094fdf0a9676c9201337749079.jpg",821,462,false],"post-thumbnail":["https:\/\/arantv.az\/wp-content\/uploads\/2022\/09\/b86bf6094fdf0a9676c9201337749079-240x172.jpg",240,172,true],"advps-thumb-one":["https:\/\/arantv.az\/wp-content\/uploads\/2022\/09\/b86bf6094fdf0a9676c9201337749079.jpg",821,462,false]},"rttpg_author":{"display_name":"V\u00fcsal Rafiqo\u011flu","author_link":"https:\/\/arantv.az\/?author=2"},"rttpg_comment":0,"rttpg_category":"<a href=\"https:\/\/arantv.az\/?cat=4\" rel=\"category\">Siyas\u0259t<\/a>","rttpg_excerpt":"Az\u0259rbaycan\u0131n \u00f6z soyda\u015flar\u0131na h\u0259r\u0259k\u0259t\u0259 ke\u00e7m\u0259k \u00e7a\u011f\u0131r\u0131\u015f\u0131 etm\u0259si h\u0259r an ba\u015f ver\u0259 bil\u0259r; \u201cR\u0259smi Bak\u0131 Tehran\u0131n Erm\u0259nistanla i\u015fbirliyi \u00fczr\u0259 b\u00fct\u00fcn faktlar\u0131 ictimaiyy\u0259t\u0259 a\u00e7mal\u0131, bu m\u0259s\u0259l\u0259 G\u00fcneyd\u0259 ya\u015fayan soyda\u015flar\u0131m\u0131z\u0131n diqq\u0259t m\u0259rk\u0259zin\u0259 g\u0259tirilm\u0259lidir\u201d \u0130ran \u0130slam Respublikas\u0131n\u0131n xain plan\u0131 \u00fcz\u0259 \u00e7\u0131x\u0131b. Bu plan Az\u0259rbaycana, onun ordusuna v\u0259 xalq\u0131na qar\u015f\u0131 olaraq, erm\u0259nil\u0259rl\u0259 gizli i\u015f birliyin\u0259 \u0259saslan\u0131r. Erm\u0259nistan medias\u0131 v\u0259 Az\u0259rbaycan&hellip;","_links":{"self":[{"href":"https:\/\/arantv.az\/index.php?rest_route=\/wp\/v2\/posts\/518335"}],"collection":[{"href":"https:\/\/arantv.az\/index.php?rest_route=\/wp\/v2\/posts"}],"about":[{"href":"https:\/\/arantv.az\/index.php?rest_route=\/wp\/v2\/types\/post"}],"author":[{"embeddable":true,"href":"https:\/\/arantv.az\/index.php?rest_route=\/wp\/v2\/users\/2"}],"replies":[{"embeddable":true,"href":"https:\/\/arantv.az\/index.php?rest_route=%2Fwp%2Fv2%2Fcomments&post=518335"}],"version-history":[{"count":0,"href":"https:\/\/arantv.az\/index.php?rest_route=\/wp\/v2\/posts\/518335\/revisions"}],"wp:featuredmedia":[{"embeddable":true,"href":"https:\/\/arantv.az\/index.php?rest_route=\/wp\/v2\/media\/518336"}],"wp:attachment":[{"href":"https:\/\/arantv.az\/index.php?rest_route=%2Fwp%2Fv2%2Fmedia&parent=518335"}],"wp:term":[{"taxonomy":"category","embeddable":true,"href":"https:\/\/arantv.az\/index.php?rest_route=%2Fwp%2Fv2%2Fcategories&post=518335"},{"taxonomy":"post_tag","embeddable":true,"href":"https:\/\/arantv.az\/index.php?rest_route=%2Fwp%2Fv2%2Ftags&post=518335"}],"curies":[{"name":"wp","href":"https:\/\/api.w.org\/{rel}","templated":true}]}}