{"id":518410,"date":"2022-09-29T12:27:19","date_gmt":"2022-09-29T09:27:19","guid":{"rendered":"https:\/\/arantv.az\/?p=518410"},"modified":"2022-09-29T12:27:19","modified_gmt":"2022-09-29T09:27:19","slug":"cavusoglu-az%c9%99rbaycan-qazinin-dunya-bazarina-cixarilmasinda-turkiy%c9%99d%c9%99n-t%c9%99s%c9%99bbus-gozl%c9%99yirl%c9%99r","status":"publish","type":"post","link":"https:\/\/arantv.az\/?p=518410","title":{"rendered":"\u00c7avu\u015fo\u011flu: \u201cAz\u0259rbaycan qaz\u0131n\u0131n d\u00fcnya bazar\u0131na \u00e7\u0131xar\u0131lmas\u0131nda T\u00fcrkiy\u0259d\u0259n t\u0259\u015f\u0259bb\u00fcs g\u00f6zl\u0259yirl\u0259r\u201d"},"content":{"rendered":"<p>T\u00fcrkiy\u0259nin xarici i\u015fl\u0259r naziri M\u00f6vlud \u00c7avu\u015fo\u011flu Denizlid\u0259 m\u0259tbuat konfrans\u0131nda Az\u0259rbaycan qaz\u0131 il\u0259 ba\u011fl\u0131 dan\u0131\u015f\u0131b.<\/p>\n<p>M\u0259tbuat konfrans\u0131 nazirin \u201cTwitter\u201d hesab\u0131ndan canl\u0131 yay\u0131mlan\u0131b.<\/p>\n<div class=\"AdviadNativeVideo\"><\/div>\n<p>M.\u00c7avu\u015fo\u011flu qeyd edib ki, h\u0259r k\u0259s Az\u0259rbaycan qaz\u0131n\u0131n d\u00fcnya bazar\u0131na \u00e7\u0131xar\u0131lmas\u0131 m\u0259s\u0259l\u0259sind\u0259 T\u00fcrkiy\u0259d\u0259n t\u0259\u015f\u0259bb\u00fcs g\u00f6zl\u0259yir.<\/p>\n<p>\u201cQaz\u0131n d\u00fcnya d\u00f6vl\u0259tl\u0259rin\u0259 \u00e7atd\u0131r\u0131lmas\u0131 m\u0259s\u0259l\u0259sind\u0259 ham\u0131n\u0131n g\u00f6z\u00fc, qula\u011f\u0131 T\u00fcrkiy\u0259d\u0259dir. M\u0259suliyy\u0259timiz b\u00f6y\u00fckd\u00fcr\u201d, &#8211; dey\u0259 o bildirib.<\/p>\n<p>\u00c7avu\u015fo\u011flu tax\u0131l b\u00f6hran\u0131 m\u0259s\u0259l\u0259sin\u0259 d\u0259 toxunub:<\/p>\n<p>\u201cT\u00fcrkiy\u0259 Prezident R\u0259c\u0259b Tayyib \u018frdo\u011fan\u0131n liderliyi il\u0259 \u201ctax\u0131l b\u00f6hran\u0131\u201d raz\u0131la\u015fmas\u0131n\u0131 h\u0259ll etdik v\u0259 d\u00fcnyan\u0131 \u0259rzaq b\u00f6hran\u0131ndan xilas etdik\u201d.<\/p>\n","protected":false},"excerpt":{"rendered":"<p>T\u00fcrkiy\u0259nin xarici i\u015fl\u0259r naziri M\u00f6vlud \u00c7avu\u015fo\u011flu Denizlid\u0259 m\u0259tbuat konfrans\u0131nda Az\u0259rbaycan qaz\u0131 il\u0259 ba\u011fl\u0131 dan\u0131\u015f\u0131b. M\u0259tbuat konfrans\u0131 nazirin \u201cTwitter\u201d hesab\u0131ndan canl\u0131 yay\u0131mlan\u0131b. M.\u00c7avu\u015fo\u011flu qeyd edib ki, h\u0259r k\u0259s Az\u0259rbaycan qaz\u0131n\u0131n d\u00fcnya bazar\u0131na \u00e7\u0131xar\u0131lmas\u0131 m\u0259s\u0259l\u0259sind\u0259 T\u00fcrkiy\u0259d\u0259n t\u0259\u015f\u0259bb\u00fcs g\u00f6zl\u0259yir. \u201cQaz\u0131n d\u00fcnya d\u00f6vl\u0259tl\u0259rin\u0259 \u00e7atd\u0131r\u0131lmas\u0131 m\u0259s\u0259l\u0259sind\u0259 ham\u0131n\u0131n g\u00f6z\u00fc, qula\u011f\u0131 T\u00fcrkiy\u0259d\u0259dir. M\u0259suliyy\u0259timiz b\u00f6y\u00fckd\u00fcr\u201d, &#8211; dey\u0259 o bildirib. \u00c7avu\u015fo\u011flu tax\u0131l b\u00f6hran\u0131 m\u0259s\u0259l\u0259sin\u0259 d\u0259 toxunub: \u201cT\u00fcrkiy\u0259 Prezident R\u0259c\u0259b Tayyib \u018frdo\u011fan\u0131n liderliyi il\u0259 \u201ctax\u0131l b\u00f6hran\u0131\u201d raz\u0131la\u015fmas\u0131n\u0131 h\u0259ll etdik v\u0259 d\u00fcnyan\u0131 \u0259rzaq b\u00f6hran\u0131ndan xilas etdik\u201d.<\/p>\n","protected":false},"author":2,"featured_media":518411,"comment_status":"closed","ping_status":"closed","sticky":false,"template":"","format":"standard","meta":{"om_disable_all_campaigns":false,"_monsterinsights_skip_tracking":false,"_monsterinsights_sitenote_active":false,"_monsterinsights_sitenote_note":"","_monsterinsights_sitenote_category":0},"categories":[4],"tags":[],"aioseo_notices":[],"gutentor_comment":0,"rttpg_featured_image_url":{"full":["https:\/\/arantv.az\/wp-content\/uploads\/2022\/09\/FotoJet-114.jpg",620,413,false],"landscape":["https:\/\/arantv.az\/wp-content\/uploads\/2022\/09\/FotoJet-114.jpg",620,413,false],"portraits":["https:\/\/arantv.az\/wp-content\/uploads\/2022\/09\/FotoJet-114.jpg",620,413,false],"thumbnail":["https:\/\/arantv.az\/wp-content\/uploads\/2022\/09\/FotoJet-114-500x280.jpg",500,280,true],"medium":["https:\/\/arantv.az\/wp-content\/uploads\/2022\/09\/FotoJet-114-548x365.jpg",548,365,true],"large":["https:\/\/arantv.az\/wp-content\/uploads\/2022\/09\/FotoJet-114.jpg",620,413,false],"1536x1536":["https:\/\/arantv.az\/wp-content\/uploads\/2022\/09\/FotoJet-114.jpg",620,413,false],"2048x2048":["https:\/\/arantv.az\/wp-content\/uploads\/2022\/09\/FotoJet-114.jpg",620,413,false],"post-thumbnail":["https:\/\/arantv.az\/wp-content\/uploads\/2022\/09\/FotoJet-114-240x172.jpg",240,172,true],"advps-thumb-one":["https:\/\/arantv.az\/wp-content\/uploads\/2022\/09\/FotoJet-114.jpg",620,413,false]},"rttpg_author":{"display_name":"V\u00fcsal Rafiqo\u011flu","author_link":"https:\/\/arantv.az\/?author=2"},"rttpg_comment":0,"rttpg_category":"<a href=\"https:\/\/arantv.az\/?cat=4\" rel=\"category\">Siyas\u0259t<\/a>","rttpg_excerpt":"T\u00fcrkiy\u0259nin xarici i\u015fl\u0259r naziri M\u00f6vlud \u00c7avu\u015fo\u011flu Denizlid\u0259 m\u0259tbuat konfrans\u0131nda Az\u0259rbaycan qaz\u0131 il\u0259 ba\u011fl\u0131 dan\u0131\u015f\u0131b. M\u0259tbuat konfrans\u0131 nazirin \u201cTwitter\u201d hesab\u0131ndan canl\u0131 yay\u0131mlan\u0131b. M.\u00c7avu\u015fo\u011flu qeyd edib ki, h\u0259r k\u0259s Az\u0259rbaycan qaz\u0131n\u0131n d\u00fcnya bazar\u0131na \u00e7\u0131xar\u0131lmas\u0131 m\u0259s\u0259l\u0259sind\u0259 T\u00fcrkiy\u0259d\u0259n t\u0259\u015f\u0259bb\u00fcs g\u00f6zl\u0259yir. \u201cQaz\u0131n d\u00fcnya d\u00f6vl\u0259tl\u0259rin\u0259 \u00e7atd\u0131r\u0131lmas\u0131 m\u0259s\u0259l\u0259sind\u0259 ham\u0131n\u0131n g\u00f6z\u00fc, qula\u011f\u0131 T\u00fcrkiy\u0259d\u0259dir. M\u0259suliyy\u0259timiz b\u00f6y\u00fckd\u00fcr\u201d, &#8211; dey\u0259 o bildirib. \u00c7avu\u015fo\u011flu tax\u0131l b\u00f6hran\u0131 m\u0259s\u0259l\u0259sin\u0259&hellip;","_links":{"self":[{"href":"https:\/\/arantv.az\/index.php?rest_route=\/wp\/v2\/posts\/518410"}],"collection":[{"href":"https:\/\/arantv.az\/index.php?rest_route=\/wp\/v2\/posts"}],"about":[{"href":"https:\/\/arantv.az\/index.php?rest_route=\/wp\/v2\/types\/post"}],"author":[{"embeddable":true,"href":"https:\/\/arantv.az\/index.php?rest_route=\/wp\/v2\/users\/2"}],"replies":[{"embeddable":true,"href":"https:\/\/arantv.az\/index.php?rest_route=%2Fwp%2Fv2%2Fcomments&post=518410"}],"version-history":[{"count":0,"href":"https:\/\/arantv.az\/index.php?rest_route=\/wp\/v2\/posts\/518410\/revisions"}],"wp:featuredmedia":[{"embeddable":true,"href":"https:\/\/arantv.az\/index.php?rest_route=\/wp\/v2\/media\/518411"}],"wp:attachment":[{"href":"https:\/\/arantv.az\/index.php?rest_route=%2Fwp%2Fv2%2Fmedia&parent=518410"}],"wp:term":[{"taxonomy":"category","embeddable":true,"href":"https:\/\/arantv.az\/index.php?rest_route=%2Fwp%2Fv2%2Fcategories&post=518410"},{"taxonomy":"post_tag","embeddable":true,"href":"https:\/\/arantv.az\/index.php?rest_route=%2Fwp%2Fv2%2Ftags&post=518410"}],"curies":[{"name":"wp","href":"https:\/\/api.w.org\/{rel}","templated":true}]}}