{"id":518413,"date":"2022-09-29T12:28:30","date_gmt":"2022-09-29T09:28:30","guid":{"rendered":"https:\/\/arantv.az\/?p=518413"},"modified":"2022-09-29T12:28:30","modified_gmt":"2022-09-29T09:28:30","slug":"turkiy%c9%99nin-yeddi-b%c9%99ndlik-b%c9%99yanatindaki-kodlar-pkk-yunanistan-az%c9%99rbaycan-erm%c9%99nistan-toqqusmasi-t%c9%99hlil","status":"publish","type":"post","link":"https:\/\/arantv.az\/?p=518413","title":{"rendered":"T\u00fcrkiy\u0259nin yeddi b\u0259ndlik b\u0259yanat\u0131ndak\u0131 \u201ckod\u201dlar: PKK, Yunan\u0131stan, Az\u0259rbaycan-Erm\u0259nistan toqqu\u015fmas\u0131 \u2013 T\u018fHL\u0130L"},"content":{"rendered":"<p>T\u00fcrkiy\u0259 Milli T\u0259hl\u00fck\u0259sizlik \u015euras\u0131 sentyabr\u0131n 28-d\u0259 iclas ke\u00e7irdi. \u0130clas\u0131n sonunda yeddi madd\u0259lik b\u0259yanat q\u0259bul edildi.<\/p>\n<p>B\u0259yanat T\u00fcrkiy\u0259-Yunan\u0131stan m\u00fcnasib\u0259tl\u0259rinin m\u00fcharib\u0259 h\u0259ddin\u0259 \u00e7atmas\u0131 il\u0259 yed\u0259y\u0259 al\u0131nan dig\u0259r risk faktorlar\u0131n\u0131n qiym\u0259tl\u0259ndirilm\u0259si, perspektiv m\u00fcdafi\u0259 mar\u015frutlar\u0131n\u0131n d\u0259qiql\u0259\u015fdirilm\u0259si istiqam\u0259tini m\u00fc\u0259yy\u0259n edir.<\/p>\n<div class=\"AdviadNativeVideo\"><\/div>\n<p><strong>Birinci madd\u0259\u00a0<\/strong>PKK, FET\u00d6 v\u0259 \u0130\u015e\u0130D kimi terror t\u0259\u015fkilatlar\u0131n\u0131n terror-t\u0259xribat f\u0259aliyy\u0259tinin t\u0259hlilin\u0259 \u0259saslan\u0131r v\u0259 g\u0259l\u0259c\u0259k \u00fc\u00e7\u00fcn T\u00fcrkiy\u0259nin h\u0259yata ke\u00e7ir\u0259 bil\u0259c\u0259yi gizli v\u0259 ya a\u00e7\u0131q \u0259m\u0259liyyatlar\u0131n konturlar\u0131n\u0131 g\u00f6st\u0259rir.<\/p>\n<p>Bu x\u00fcsusda T\u00fcrkiy\u0259nin Suriyadak\u0131 m\u00f6vcudluq \u015fkalas\u0131n\u0131 qald\u0131rmas\u0131, h\u0259m\u00e7inin PKK v\u0259 FET\u00d6-y\u0259 qar\u015f\u0131 is\u0259 h\u0259m daxild\u0259, h\u0259m d\u0259 ba\u015fqa \u00f6lk\u0259l\u0259rd\u0259 yeni f\u0259aliyy\u0259t dair\u0259si c\u0131zaca\u011f\u0131 qa\u00e7\u0131lmaz hala g\u0259l\u0259c\u0259k.<\/p>\n<p><strong>\u0130kinci madd\u0259<\/strong>\u00a0T\u00fcrkiy\u0259nin \u0130raqdak\u0131 maraqlar\u0131n\u0131n m\u00fcdafi\u0259si \u00fc\u00e7\u00fcn t\u0259hl\u00fck\u0259sizlik t\u0259dbirl\u0259rinin g\u00fccl\u0259ndirilm\u0259sini ehtiva edir, amma hiss edilir ki, Ankara \u0130raqdak\u0131 prosesl\u0259rin xarakterinin f\u0259rqliliyini n\u0259z\u0259r\u0259 alaraq bu \u00f6lk\u0259y\u0259 dair plan\u0131n\u0131 ayr\u0131ca x\u0259tt \u00fczr\u0259 icra edir. N\u0259z\u0259r\u0259 al\u0131nmal\u0131d\u0131r ki, \u0130raqda h\u00f6kum\u0259t qurulmas\u0131 prosesind\u0259 probleml\u0259r m\u00fc\u015fahid\u0259 edilir.<\/p>\n<p>T\u00fcrkiy\u0259 \u0130raq hakimiyy\u0259tind\u0259 r\u0131\u00e7aqlara yiy\u0259l\u0259nm\u0259k meyill\u0259rini bu \u00f6lk\u0259d\u0259ki PKK-ya qar\u015f\u0131 m\u00fcbariz\u0259 il\u0259 paralel \u015f\u0259kild\u0259 diqq\u0259td\u0259 saxlay\u0131r.<\/p>\n<p>T\u0259hl\u00fck\u0259sizlik \u015euras\u0131 Yunan\u0131stanla g\u0259rginlik m\u00f6vzusunu\u00a0<strong>3-c\u00fc b\u0259nd\u0259<\/strong>\u00a0daxil edib. Y\u0259qin, g\u00f6st\u0259rilir ki, T\u00fcrkiy\u0259nin Suriyada geni\u015fmiqyasl\u0131 h\u0259rbi \u0259m\u0259liyyatlar ke\u00e7irm\u0259si v\u0259 \u0130raqdak\u0131 \u201cP\u0259nc\u0259-Kilit\u201d \u0259m\u0259liyyat\u0131n\u0131n miqyas\u0131n\u0131 geni\u015fl\u0259tm\u0259si dig\u0259r oyun\u00e7ular\u0131n maraqlar\u0131 il\u0259 toqqu\u015fdu\u011fundan onlar Yunan\u0131stan kart\u0131na kapital qoyurlar. Bu n\u00f6qt\u0259d\u0259 T\u00fcrkiy\u0259 daha \u00e7ox AB\u015e v\u0259 Fransaya vur\u011fu edir, \u00e7\u00fcnki Yunan\u0131stan\u0131n h\u0259lledici d\u0259st\u0259k\u00e7il\u0259ri bu iki \u00f6lk\u0259dir. G\u00f6r\u00fcn\u00fcr ki, masada h\u0259rb variant\u0131 m\u00f6vcuddur, yoxsa T\u0259hl\u00fck\u0259sizlik \u015euras\u0131 Yunan\u0131stan\u0131n h\u0259rbi h\u0259r\u0259k\u0259tliliyin\u0259 qar\u015f\u0131 beyn\u0259lxalq h\u00fcququn icaz\u0259 verdiyi b\u00fct\u00fcn vasit\u0259l\u0259rd\u0259n istifad\u0259 etm\u0259kl\u0259 cavab veril\u0259c\u0259yini b\u0259yan etm\u0259zdi!<\/p>\n<p><strong>D\u00f6rd\u00fcnc\u00fc madd\u0259<\/strong>d\u0259 AB\u015e-\u0131n C\u0259nubi Kipr\u0259 silah embarqosunu aradan qald\u0131rmas\u0131 d\u0259y\u0259rl\u0259ndirilib, bunun Aral\u0131q d\u0259nizind\u0259 s\u00fclh v\u0259 balans\u0131 m\u0259nfi istiqam\u0259t\u0259 s\u00fcr\u00fckl\u0259y\u0259c\u0259yi qeyd olunub.<\/p>\n<p>T\u00fcrkiy\u0259 cavab olaraq \u015eimali Kipr T\u00fcrk Respublikas\u0131n\u0131n beyn\u0259lxalq s\u0259viyy\u0259d\u0259 tan\u0131nmas\u0131n\u0131n vacibliyini \u00f6n\u0259\u00a0<a href=\"https:\/\/oxu.az\/world\/648159\" target=\"_blank\" rel=\"noopener\">\u00e7\u0259kib<\/a>, hiss etm\u0259k \u00e7\u0259tin deyil ki, T\u00fcrkiy\u0259nin r\u0259qibl\u0259ri h\u0259m d\u0259 bu \u00e7a\u011f\u0131r\u0131\u015f\u0131n \u00f6n\u00fcn\u0259 ke\u00e7m\u0259k \u00fc\u00e7\u00fcn m\u00fcxt\u0259lif vasit\u0259l\u0259ri i\u015f\u0259 salaraq onlar\u0131 yerb\u0259yer edirl\u0259r.<\/p>\n<p><strong>B\u0259yanat\u0131n 6-c\u0131 madd\u0259si<\/strong>\u00a0Ukraynadak\u0131 m\u00fcharib\u0259nin yaratd\u0131\u011f\u0131 humanitar f\u0259lak\u0259tin qar\u015f\u0131s\u0131n\u0131n al\u0131nmas\u0131 \u00fc\u00e7\u00fcn T\u00fcrkiy\u0259nin s\u0259yl\u0259rini\u00a0davam etdir\u0259c\u0259yini,\u00a0<strong>7-ci madd\u0259\u00a0<\/strong>is\u0259 Liviyadak\u0131 prosesl\u0259rd\u0259 Ankaran\u0131n m\u00f6vqeyinin m\u00f6hk\u0259ml\u0259ndirilm\u0259si istiqam\u0259tl\u0259rini g\u00f6st\u0259rir.<\/p>\n<p>T\u00fcrkiy\u0259 T\u0259hl\u00fck\u0259sizlik \u015euras\u0131n\u0131n yayd\u0131\u011f\u0131\u00a0<strong>s\u0259n\u0259din 5-ci b\u0259ndi<\/strong>nin \u015f\u0259rhini is\u0259 sona saxlad\u0131q. Bu b\u0259nd Az\u0259rbaycan-Erm\u0259nistan s\u0259rh\u0259dind\u0259ki toqqu\u015fmalar fonunda k\u0259nar oyun\u00e7ular\u0131n hans\u0131 m\u00f6vqed\u0259 dayanmas\u0131na i\u015far\u0259\u00a0<a href=\"https:\/\/oxu.az\/world\/648168\" target=\"_blank\" rel=\"noopener\">edir.<\/a>\u00a0Ankara hesab edir ki, Erm\u0259nistan \u00f6z\u00fcn\u0259 t\u0259qdim edil\u0259n s\u00fclh f\u00fcrs\u0259tl\u0259rini d\u0259y\u0259rl\u0259ndirm\u0259k \u0259v\u0259zin\u0259, t\u0259xribata t\u0259hrik edilib.<\/p>\n<p>Bunun a\u00e7mas\u0131 odur ki, Erm\u0259nistan \u00f6z\u00fcn\u00fcn havadarlar\u0131 il\u0259 Az\u0259rbaycana qar\u015f\u0131 h\u0259r\u0259k\u0259t\u0259 ke\u00e7ib. Toqqu\u015fmalardan sonra \u0259n \u00e7ox AB\u015e, Fransa v\u0259 \u0130randan \u0130r\u0259vana d\u0259st\u0259k ifad\u0259 olundu\u011funu n\u0259z\u0259r\u0259 alsaq, Erm\u0259nistan\u0131n hans\u0131 qaynaqlardan ruhland\u0131\u011f\u0131n\u0131 g\u00f6rm\u0259k m\u00fcmk\u00fcnd\u00fcr.<\/p>\n<p>T\u0259hl\u00fck\u0259sizlik \u015euras\u0131n\u0131n birinci madd\u0259sinin m\u0259\u011fzini 5-ci madd\u0259y\u0259 d\u0259 proyeksiya etm\u0259k laz\u0131md\u0131r, bu m\u0259nada hesablamaq \u00e7\u0259tin deyil ki, T\u00fcrkiy\u0259 C\u0259nubi Qafqaz regionunda hans\u0131sa terror f\u0259aliyy\u0259tinin canlanaca\u011f\u0131ndan ehtiyat edir.<\/p>\n<p>Diqq\u0259td\u0259 saxlama\u011fa ehtiyac var ki, Erm\u0259nistan PKK terror\u00e7ular\u0131n\u0131n\u00a0gizl\u0259nm\u0259si\u00a0\u00fc\u00e7\u00fcn \u0259lveri\u015fli yerl\u0259rd\u0259n\u00a0<a href=\"https:\/\/oxu.az\/politics\/647201\" target=\"_blank\" rel=\"noopener\">biridir<\/a>. \u00dcst\u0259g\u0259l, C\u0259nubi Qafqazda \u0130\u015e\u0130D d\u00fc\u015f\u00fcnc\u0259li t\u0259hl\u00fck\u0259l\u0259r, FET\u00d6 m\u0259rk\u0259zli h\u0259r\u0259k\u0259tl\u0259r ba\u015f qald\u0131rarsa, buna qar\u015f\u0131 da T\u00fcrkiy\u0259 preventiv t\u0259dbirl\u0259rini g\u00fccl\u0259ndir\u0259c\u0259k.<\/p>\n<p>N\u018fT\u0130C\u018f olaraq qeyd ed\u0259 bil\u0259rik ki, b\u00fct\u00fcn prosesl\u0259r bir-biril\u0259 z\u0259ncirvari ba\u011fl\u0131d\u0131r.<\/p>\n","protected":false},"excerpt":{"rendered":"<p>T\u00fcrkiy\u0259 Milli T\u0259hl\u00fck\u0259sizlik \u015euras\u0131 sentyabr\u0131n 28-d\u0259 iclas ke\u00e7irdi. \u0130clas\u0131n sonunda yeddi madd\u0259lik b\u0259yanat q\u0259bul edildi. B\u0259yanat T\u00fcrkiy\u0259-Yunan\u0131stan m\u00fcnasib\u0259tl\u0259rinin m\u00fcharib\u0259 h\u0259ddin\u0259 \u00e7atmas\u0131 il\u0259 yed\u0259y\u0259 al\u0131nan dig\u0259r risk faktorlar\u0131n\u0131n qiym\u0259tl\u0259ndirilm\u0259si, perspektiv m\u00fcdafi\u0259 mar\u015frutlar\u0131n\u0131n d\u0259qiql\u0259\u015fdirilm\u0259si istiqam\u0259tini m\u00fc\u0259yy\u0259n edir. Birinci madd\u0259\u00a0PKK, FET\u00d6 v\u0259 \u0130\u015e\u0130D kimi terror t\u0259\u015fkilatlar\u0131n\u0131n terror-t\u0259xribat f\u0259aliyy\u0259tinin t\u0259hlilin\u0259 \u0259saslan\u0131r v\u0259 g\u0259l\u0259c\u0259k \u00fc\u00e7\u00fcn T\u00fcrkiy\u0259nin h\u0259yata ke\u00e7ir\u0259 bil\u0259c\u0259yi gizli v\u0259 ya a\u00e7\u0131q \u0259m\u0259liyyatlar\u0131n konturlar\u0131n\u0131 g\u00f6st\u0259rir. Bu x\u00fcsusda T\u00fcrkiy\u0259nin Suriyadak\u0131 m\u00f6vcudluq \u015fkalas\u0131n\u0131 qald\u0131rmas\u0131, h\u0259m\u00e7inin PKK v\u0259 FET\u00d6-y\u0259 qar\u015f\u0131 is\u0259 h\u0259m daxild\u0259, h\u0259m d\u0259 ba\u015fqa \u00f6lk\u0259l\u0259rd\u0259 yeni f\u0259aliyy\u0259t dair\u0259si c\u0131zaca\u011f\u0131 qa\u00e7\u0131lmaz hala g\u0259l\u0259c\u0259k. \u0130kinci madd\u0259\u00a0T\u00fcrkiy\u0259nin \u0130raqdak\u0131&hellip;<\/p>\n","protected":false},"author":2,"featured_media":518415,"comment_status":"closed","ping_status":"closed","sticky":false,"template":"","format":"standard","meta":{"om_disable_all_campaigns":false,"_monsterinsights_skip_tracking":false,"_monsterinsights_sitenote_active":false,"_monsterinsights_sitenote_note":"","_monsterinsights_sitenote_category":0},"categories":[4],"tags":[],"aioseo_notices":[],"gutentor_comment":0,"rttpg_featured_image_url":{"full":["https:\/\/arantv.az\/wp-content\/uploads\/2022\/09\/219930.jpg",620,413,false],"landscape":["https:\/\/arantv.az\/wp-content\/uploads\/2022\/09\/219930.jpg",620,413,false],"portraits":["https:\/\/arantv.az\/wp-content\/uploads\/2022\/09\/219930.jpg",620,413,false],"thumbnail":["https:\/\/arantv.az\/wp-content\/uploads\/2022\/09\/219930-500x280.jpg",500,280,true],"medium":["https:\/\/arantv.az\/wp-content\/uploads\/2022\/09\/219930-548x365.jpg",548,365,true],"large":["https:\/\/arantv.az\/wp-content\/uploads\/2022\/09\/219930.jpg",620,413,false],"1536x1536":["https:\/\/arantv.az\/wp-content\/uploads\/2022\/09\/219930.jpg",620,413,false],"2048x2048":["https:\/\/arantv.az\/wp-content\/uploads\/2022\/09\/219930.jpg",620,413,false],"post-thumbnail":["https:\/\/arantv.az\/wp-content\/uploads\/2022\/09\/219930-240x172.jpg",240,172,true],"advps-thumb-one":["https:\/\/arantv.az\/wp-content\/uploads\/2022\/09\/219930.jpg",620,413,false]},"rttpg_author":{"display_name":"V\u00fcsal Rafiqo\u011flu","author_link":"https:\/\/arantv.az\/?author=2"},"rttpg_comment":0,"rttpg_category":"<a href=\"https:\/\/arantv.az\/?cat=4\" rel=\"category\">Siyas\u0259t<\/a>","rttpg_excerpt":"T\u00fcrkiy\u0259 Milli T\u0259hl\u00fck\u0259sizlik \u015euras\u0131 sentyabr\u0131n 28-d\u0259 iclas ke\u00e7irdi. \u0130clas\u0131n sonunda yeddi madd\u0259lik b\u0259yanat q\u0259bul edildi. B\u0259yanat T\u00fcrkiy\u0259-Yunan\u0131stan m\u00fcnasib\u0259tl\u0259rinin m\u00fcharib\u0259 h\u0259ddin\u0259 \u00e7atmas\u0131 il\u0259 yed\u0259y\u0259 al\u0131nan dig\u0259r risk faktorlar\u0131n\u0131n qiym\u0259tl\u0259ndirilm\u0259si, perspektiv m\u00fcdafi\u0259 mar\u015frutlar\u0131n\u0131n d\u0259qiql\u0259\u015fdirilm\u0259si istiqam\u0259tini m\u00fc\u0259yy\u0259n edir. Birinci madd\u0259\u00a0PKK, FET\u00d6 v\u0259 \u0130\u015e\u0130D kimi terror t\u0259\u015fkilatlar\u0131n\u0131n terror-t\u0259xribat f\u0259aliyy\u0259tinin t\u0259hlilin\u0259 \u0259saslan\u0131r v\u0259 g\u0259l\u0259c\u0259k \u00fc\u00e7\u00fcn T\u00fcrkiy\u0259nin h\u0259yata ke\u00e7ir\u0259 bil\u0259c\u0259yi gizli&hellip;","_links":{"self":[{"href":"https:\/\/arantv.az\/index.php?rest_route=\/wp\/v2\/posts\/518413"}],"collection":[{"href":"https:\/\/arantv.az\/index.php?rest_route=\/wp\/v2\/posts"}],"about":[{"href":"https:\/\/arantv.az\/index.php?rest_route=\/wp\/v2\/types\/post"}],"author":[{"embeddable":true,"href":"https:\/\/arantv.az\/index.php?rest_route=\/wp\/v2\/users\/2"}],"replies":[{"embeddable":true,"href":"https:\/\/arantv.az\/index.php?rest_route=%2Fwp%2Fv2%2Fcomments&post=518413"}],"version-history":[{"count":0,"href":"https:\/\/arantv.az\/index.php?rest_route=\/wp\/v2\/posts\/518413\/revisions"}],"wp:featuredmedia":[{"embeddable":true,"href":"https:\/\/arantv.az\/index.php?rest_route=\/wp\/v2\/media\/518415"}],"wp:attachment":[{"href":"https:\/\/arantv.az\/index.php?rest_route=%2Fwp%2Fv2%2Fmedia&parent=518413"}],"wp:term":[{"taxonomy":"category","embeddable":true,"href":"https:\/\/arantv.az\/index.php?rest_route=%2Fwp%2Fv2%2Fcategories&post=518413"},{"taxonomy":"post_tag","embeddable":true,"href":"https:\/\/arantv.az\/index.php?rest_route=%2Fwp%2Fv2%2Ftags&post=518413"}],"curies":[{"name":"wp","href":"https:\/\/api.w.org\/{rel}","templated":true}]}}