{"id":518420,"date":"2022-09-29T12:31:22","date_gmt":"2022-09-29T09:31:22","guid":{"rendered":"https:\/\/arantv.az\/?p=518420"},"modified":"2022-09-29T12:31:22","modified_gmt":"2022-09-29T09:31:22","slug":"amea-nin-strukturunun-l%c9%99gvi-v%c9%99-yenid%c9%99n-t%c9%99skili-prosesin%c9%99-baslanildi","status":"publish","type":"post","link":"https:\/\/arantv.az\/?p=518420","title":{"rendered":"AMEA-n\u0131n strukturunun l\u0259\u011fvi v\u0259 yenid\u0259n t\u0259\u015fkili prosesin\u0259 ba\u015flan\u0131ld\u0131"},"content":{"rendered":"<p>Az\u0259rbaycan Milli Elml\u0259r Akademiyas\u0131n\u0131n strukturunun l\u0259\u011fvi v\u0259 yenid\u0259n t\u0259\u015fkili prosesin\u0259 ba\u015flan\u0131l\u0131b. AMEA R\u0259yas\u0259t Hey\u0259tinin strukturunun yenid\u0259n t\u0259\u015fkili il\u0259 ba\u011fl\u0131 \u0259m\u0259kda\u015flarla x\u0259b\u0259rdarl\u0131q m\u00fcqavil\u0259si imzalan\u0131b.<\/p>\n<p>AMEA-dan APA-n\u0131n sor\u011fusuna cavab olaraq bildirilib ki, iki, d\u00f6rd, alt\u0131 h\u0259ft\u0259ni \u0259hat\u0259 ed\u0259n bu x\u0259b\u0259rdarl\u0131q m\u00fcdd\u0259tl\u0259ri bitdikd\u0259n sonra \u015ftat vahidl\u0259ri l\u0259\u011fv olunacaq.<\/p>\n<p>AMEA-n\u0131n strukturu yenid\u0259n t\u0259\u015fkil olunacaq. Haz\u0131rda yeni strukturun layih\u0259si v\u0259 yeni Nizamnam\u0259 bar\u0259d\u0259 t\u0259klif Nazirl\u0259r Kabinetin\u0259 t\u0259qdim edilib. Nizamnam\u0259nin t\u0259sdiqind\u0259n v\u0259 \u00dcmumi y\u0131\u011f\u0131ncaqda q\u0259bul edilm\u0259sind\u0259n sonra \u0259m\u0259kda\u015flar\u0131n bir hiss\u0259si yenid\u0259n i\u015f\u0259 b\u0259rpa olunacaq.<\/p>\n","protected":false},"excerpt":{"rendered":"<p>Az\u0259rbaycan Milli Elml\u0259r Akademiyas\u0131n\u0131n strukturunun l\u0259\u011fvi v\u0259 yenid\u0259n t\u0259\u015fkili prosesin\u0259 ba\u015flan\u0131l\u0131b. AMEA R\u0259yas\u0259t Hey\u0259tinin strukturunun yenid\u0259n t\u0259\u015fkili il\u0259 ba\u011fl\u0131 \u0259m\u0259kda\u015flarla x\u0259b\u0259rdarl\u0131q m\u00fcqavil\u0259si imzalan\u0131b. AMEA-dan APA-n\u0131n sor\u011fusuna cavab olaraq bildirilib ki, iki, d\u00f6rd, alt\u0131 h\u0259ft\u0259ni \u0259hat\u0259 ed\u0259n bu x\u0259b\u0259rdarl\u0131q m\u00fcdd\u0259tl\u0259ri bitdikd\u0259n sonra \u015ftat vahidl\u0259ri l\u0259\u011fv olunacaq. AMEA-n\u0131n strukturu yenid\u0259n t\u0259\u015fkil olunacaq. Haz\u0131rda yeni strukturun layih\u0259si v\u0259 yeni Nizamnam\u0259 bar\u0259d\u0259 t\u0259klif Nazirl\u0259r Kabinetin\u0259 t\u0259qdim edilib. Nizamnam\u0259nin t\u0259sdiqind\u0259n v\u0259 \u00dcmumi y\u0131\u011f\u0131ncaqda q\u0259bul edilm\u0259sind\u0259n sonra \u0259m\u0259kda\u015flar\u0131n bir hiss\u0259si yenid\u0259n i\u015f\u0259 b\u0259rpa olunacaq.<\/p>\n","protected":false},"author":2,"featured_media":500116,"comment_status":"closed","ping_status":"closed","sticky":false,"template":"","format":"standard","meta":{"om_disable_all_campaigns":false,"_monsterinsights_skip_tracking":false,"_monsterinsights_sitenote_active":false,"_monsterinsights_sitenote_note":"","_monsterinsights_sitenote_category":0},"categories":[1],"tags":[],"aioseo_notices":[],"gutentor_comment":0,"rttpg_featured_image_url":{"full":["https:\/\/arantv.az\/wp-content\/uploads\/2022\/07\/amea1644432579.jpg",750,466,false],"landscape":["https:\/\/arantv.az\/wp-content\/uploads\/2022\/07\/amea1644432579.jpg",750,466,false],"portraits":["https:\/\/arantv.az\/wp-content\/uploads\/2022\/07\/amea1644432579.jpg",750,466,false],"thumbnail":["https:\/\/arantv.az\/wp-content\/uploads\/2022\/07\/amea1644432579-500x280.jpg",500,280,true],"medium":["https:\/\/arantv.az\/wp-content\/uploads\/2022\/07\/amea1644432579-587x365.jpg",587,365,true],"large":["https:\/\/arantv.az\/wp-content\/uploads\/2022\/07\/amea1644432579.jpg",640,398,false],"1536x1536":["https:\/\/arantv.az\/wp-content\/uploads\/2022\/07\/amea1644432579.jpg",750,466,false],"2048x2048":["https:\/\/arantv.az\/wp-content\/uploads\/2022\/07\/amea1644432579.jpg",750,466,false],"post-thumbnail":["https:\/\/arantv.az\/wp-content\/uploads\/2022\/07\/amea1644432579-240x172.jpg",240,172,true],"advps-thumb-one":["https:\/\/arantv.az\/wp-content\/uploads\/2022\/07\/amea1644432579.jpg",750,466,false]},"rttpg_author":{"display_name":"V\u00fcsal Rafiqo\u011flu","author_link":"https:\/\/arantv.az\/?author=2"},"rttpg_comment":0,"rttpg_category":"<a href=\"https:\/\/arantv.az\/?cat=1\" rel=\"category\">C\u0259miyy\u0259t<\/a>","rttpg_excerpt":"Az\u0259rbaycan Milli Elml\u0259r Akademiyas\u0131n\u0131n strukturunun l\u0259\u011fvi v\u0259 yenid\u0259n t\u0259\u015fkili prosesin\u0259 ba\u015flan\u0131l\u0131b. AMEA R\u0259yas\u0259t Hey\u0259tinin strukturunun yenid\u0259n t\u0259\u015fkili il\u0259 ba\u011fl\u0131 \u0259m\u0259kda\u015flarla x\u0259b\u0259rdarl\u0131q m\u00fcqavil\u0259si imzalan\u0131b. AMEA-dan APA-n\u0131n sor\u011fusuna cavab olaraq bildirilib ki, iki, d\u00f6rd, alt\u0131 h\u0259ft\u0259ni \u0259hat\u0259 ed\u0259n bu x\u0259b\u0259rdarl\u0131q m\u00fcdd\u0259tl\u0259ri bitdikd\u0259n sonra \u015ftat vahidl\u0259ri l\u0259\u011fv olunacaq. AMEA-n\u0131n strukturu yenid\u0259n t\u0259\u015fkil olunacaq. Haz\u0131rda yeni strukturun layih\u0259si v\u0259&hellip;","_links":{"self":[{"href":"https:\/\/arantv.az\/index.php?rest_route=\/wp\/v2\/posts\/518420"}],"collection":[{"href":"https:\/\/arantv.az\/index.php?rest_route=\/wp\/v2\/posts"}],"about":[{"href":"https:\/\/arantv.az\/index.php?rest_route=\/wp\/v2\/types\/post"}],"author":[{"embeddable":true,"href":"https:\/\/arantv.az\/index.php?rest_route=\/wp\/v2\/users\/2"}],"replies":[{"embeddable":true,"href":"https:\/\/arantv.az\/index.php?rest_route=%2Fwp%2Fv2%2Fcomments&post=518420"}],"version-history":[{"count":0,"href":"https:\/\/arantv.az\/index.php?rest_route=\/wp\/v2\/posts\/518420\/revisions"}],"wp:featuredmedia":[{"embeddable":true,"href":"https:\/\/arantv.az\/index.php?rest_route=\/wp\/v2\/media\/500116"}],"wp:attachment":[{"href":"https:\/\/arantv.az\/index.php?rest_route=%2Fwp%2Fv2%2Fmedia&parent=518420"}],"wp:term":[{"taxonomy":"category","embeddable":true,"href":"https:\/\/arantv.az\/index.php?rest_route=%2Fwp%2Fv2%2Fcategories&post=518420"},{"taxonomy":"post_tag","embeddable":true,"href":"https:\/\/arantv.az\/index.php?rest_route=%2Fwp%2Fv2%2Ftags&post=518420"}],"curies":[{"name":"wp","href":"https:\/\/api.w.org\/{rel}","templated":true}]}}