{"id":518446,"date":"2022-09-29T12:47:47","date_gmt":"2022-09-29T09:47:47","guid":{"rendered":"https:\/\/arantv.az\/?p=518446"},"modified":"2022-09-29T12:47:47","modified_gmt":"2022-09-29T09:47:47","slug":"mn-s%c9%99buhi-%c9%99hm%c9%99dovun-ail%c9%99sin%c9%99-s%c9%99hid-ail%c9%99si-statusu-verilm%c9%99si-il%c9%99-bagli-dsmf-ucun-arayis-hazirlayib-foto","status":"publish","type":"post","link":"https:\/\/arantv.az\/?p=518446","title":{"rendered":"MN S\u0259buhi \u018fhm\u0259dovun ail\u0259sin\u0259 \u201c\u015f\u0259hid ail\u0259si\u201d statusu verilm\u0259si il\u0259 ba\u011fl\u0131 DSMF \u00fc\u00e7\u00fcn aray\u0131\u015f haz\u0131rlay\u0131b &#8211; FOTO"},"content":{"rendered":"<p>Az\u0259rbaycan M\u00fcdafi\u0259 Nazirliyi Erm\u0259nistan\u0131n sentyabr\u0131n 12-13-d\u0259 t\u00f6r\u0259tdiyi t\u0259xribat\u0131n qar\u015f\u0131s\u0131n\u0131 alark\u0259n \u015f\u0259hidlik zirv\u0259sin\u0259 ucalan S\u0259buhi \u018fhm\u0259dova \u201c\u015f\u0259hid\u201d, onun ail\u0259sin\u0259 is\u0259 \u201c\u015f\u0259hid ail\u0259si\u201d statusu verilm\u0259si il\u0259 ba\u011fl\u0131 \u018fm\u0259k v\u0259 \u018fhalinin Sosial M\u00fcdafi\u0259si Nazirliyi yan\u0131nda D\u00f6vl\u0259t Sosial M\u00fcdafi\u0259 Fonduna t\u0259qdim olunmaq \u00fc\u00e7\u00fcn aray\u0131\u015f verib.<\/p>\n<p>Bununla ba\u011fl\u0131 aray\u0131\u015f\u0131 M\u00fcdafi\u0259 Nazirliyinin \u015e\u0259xsi Hey\u0259t Ba\u015f \u0130dar\u0259si r\u0259isinin m\u00fcavini &#8211; Kadrlar \u0130dar\u0259sinin r\u0259isi general-mayor El\u00e7in X\u0259lilov sentyabr\u0131n 20-d\u0259 imzalay\u0131b.<\/p>\n<div class=\"AdviadNativeVideo\"><\/div>\n<p>S\u0259n\u0259dd\u0259 qeyd olunub ki, gizir \u018fhm\u0259dov S\u0259buhi Fuad o\u011flu sentyabr\u0131n 13-d\u0259 d\u00fc\u015fm\u0259n t\u0259xribat\u0131n\u0131n qar\u015f\u0131s\u0131n\u0131n al\u0131nmas\u0131 zaman\u0131 h\u0259lak olub.<\/p>\n<p>Bildirilib ki, \u201c\u015e\u0259hid ad\u0131n\u0131n \u0259b\u0259dil\u0259\u015fdirilm\u0259si v\u0259 \u015f\u0259hid ail\u0259l\u0259rin\u0259 edil\u0259n g\u00fcz\u0259\u015ftl\u0259r haqq\u0131nda\u201d Az\u0259rbaycan Respublikas\u0131 Qanununun 1-ci madd\u0259sin\u0259 \u0259sas\u0259n gizir \u018fhm\u0259dov S\u0259buhi Fuad o\u011flu \u201c\u015e\u0259hid\u201d, onun ail\u0259si is\u0259 \u201c\u015e\u0259hid ail\u0259si\u201d hesab edilir.<\/p>\n<p>Qeyd ed\u0259k ki, \u018fm\u0259k v\u0259 \u018fhalinin Sosial M\u00fcdafi\u0259si Nazirliyinin Sosial Xidm\u0259tl\u0259r Agentliyind\u0259n veril\u0259n a\u00e7\u0131qlamada S\u0259buhi \u018fhm\u0259dovun qarda\u015f\u0131 S\u0259nan \u018fhm\u0259dovun \u015f\u0259hid ail\u0259si statusuna aid olmad\u0131\u011f\u0131 bildirilib. \u201cS\u0259nana qanunvericilikd\u0259 \u015f\u0259hid ail\u0259si statusunun kiml\u0259r\u0259 \u015famil edildiyi, bu statusun hans\u0131 qurum t\u0259r\u0259find\u0259n verildiyi izah edilib. H\u0259m\u00e7inin h\u0259ssas qruplardan olan internat m\u0259zunlar\u0131n\u0131n m\u0259nzill\u0259 t\u0259min edilm\u0259si \u00fc\u00e7\u00fcn meyarlar haqq\u0131nda da onunla dan\u0131\u015f\u0131l\u0131b. S\u0259nan\u0131n t\u0259lim v\u0259 t\u0259rbiy\u0259 ald\u0131\u011f\u0131 \u201cSOS U\u015faq K\u0259ndl\u0259ri \u2013 Az\u0259rbaycan\u201d Assosiasiyas\u0131 Nizamnam\u0259sin\u0259 g\u00f6r\u0259 valideyn himay\u0259sind\u0259n m\u0259hrum olmu\u015f u\u015faqlar \u00fc\u00e7\u00fcn m\u00fc\u0259ssis\u0259 statusunda deyil. Buna baxmayaraq d\u00f6vl\u0259tin qay\u011f\u0131s\u0131n\u0131n bir daha t\u0259zah\u00fcr\u00fc olaraq S\u0259nan Fuad o\u011flu \u018fhm\u0259dovun sosial-m\u0259i\u015f\u0259t \u015f\u0259raitinin yax\u015f\u0131la\u015fd\u0131r\u0131lmas\u0131 \u00fc\u00e7\u00fcn Nazirlik haz\u0131rda m\u00fcmk\u00fcn olan t\u0259klifi \u2013 sosial t\u0259r\u0259fda\u015f vasit\u0259sil\u0259 t\u0259qdim olunan 1 otaql\u0131 m\u0259nzili ona t\u0259klif edib. S\u0259nan bundan imtina ed\u0259r\u0259k 2 otaql\u0131 m\u0259nzil ist\u0259diyini bildirib. S\u0259nana qanunvericiliyin t\u0259l\u0259bl\u0259ri bar\u0259d\u0259 bir daha \u0259trafl\u0131 m\u0259lumat verilib\u201d, &#8211; Agentliyin m\u0259lumat\u0131nda qeyd edilib.<\/p>\n<p>&nbsp;<\/p>\n<div class=\"gallery\">\n<div class=\"gallery-i\"><img src=\"https:\/\/cdn.oxu.az\/uploads\/W1siZiIsIjIwMjIvMDkvMjkvMTMvMDUvMzYvZDJiM2ViZGQtZTNlNC00ZDExLTkwNGMtYmFjNjgxOTY5YWYyLzMwOTY5MjA4M18yMTY5NTY3Njk2NTgzOTE3XzY2MjI3NTgzMDg3ODQwMDM1MDBfbi5qcGciXSxbInAiLCJlbmNvZGUiLCJqcGciLCItcXVhbGl0eSA4MCJdLFsicCIsInRodW1iIiwiNTkweDU5MFx1MDAzZSJdXQ?sha=763a07b125f705e4\" alt=\"\" \/><\/div>\n<\/div>\n","protected":false},"excerpt":{"rendered":"<p>Az\u0259rbaycan M\u00fcdafi\u0259 Nazirliyi Erm\u0259nistan\u0131n sentyabr\u0131n 12-13-d\u0259 t\u00f6r\u0259tdiyi t\u0259xribat\u0131n qar\u015f\u0131s\u0131n\u0131 alark\u0259n \u015f\u0259hidlik zirv\u0259sin\u0259 ucalan S\u0259buhi \u018fhm\u0259dova \u201c\u015f\u0259hid\u201d, onun ail\u0259sin\u0259 is\u0259 \u201c\u015f\u0259hid ail\u0259si\u201d statusu verilm\u0259si il\u0259 ba\u011fl\u0131 \u018fm\u0259k v\u0259 \u018fhalinin Sosial M\u00fcdafi\u0259si Nazirliyi yan\u0131nda D\u00f6vl\u0259t Sosial M\u00fcdafi\u0259 Fonduna t\u0259qdim olunmaq \u00fc\u00e7\u00fcn aray\u0131\u015f verib. Bununla ba\u011fl\u0131 aray\u0131\u015f\u0131 M\u00fcdafi\u0259 Nazirliyinin \u015e\u0259xsi Hey\u0259t Ba\u015f \u0130dar\u0259si r\u0259isinin m\u00fcavini &#8211; Kadrlar \u0130dar\u0259sinin r\u0259isi general-mayor El\u00e7in X\u0259lilov sentyabr\u0131n 20-d\u0259 imzalay\u0131b. S\u0259n\u0259dd\u0259 qeyd olunub ki, gizir \u018fhm\u0259dov S\u0259buhi Fuad o\u011flu sentyabr\u0131n 13-d\u0259 d\u00fc\u015fm\u0259n t\u0259xribat\u0131n\u0131n qar\u015f\u0131s\u0131n\u0131n al\u0131nmas\u0131 zaman\u0131 h\u0259lak olub. Bildirilib ki, \u201c\u015e\u0259hid ad\u0131n\u0131n \u0259b\u0259dil\u0259\u015fdirilm\u0259si v\u0259 \u015f\u0259hid ail\u0259l\u0259rin\u0259 edil\u0259n g\u00fcz\u0259\u015ftl\u0259r&hellip;<\/p>\n","protected":false},"author":2,"featured_media":518447,"comment_status":"closed","ping_status":"closed","sticky":false,"template":"","format":"standard","meta":{"om_disable_all_campaigns":false,"_monsterinsights_skip_tracking":false,"_monsterinsights_sitenote_active":false,"_monsterinsights_sitenote_note":"","_monsterinsights_sitenote_category":0},"categories":[1],"tags":[],"aioseo_notices":[],"gutentor_comment":0,"rttpg_featured_image_url":{"full":["https:\/\/arantv.az\/wp-content\/uploads\/2022\/09\/nwIIrmLbs80dbPQyjnE5PoCHOKXVlx93PY8ULWW5.jpg",620,413,false],"landscape":["https:\/\/arantv.az\/wp-content\/uploads\/2022\/09\/nwIIrmLbs80dbPQyjnE5PoCHOKXVlx93PY8ULWW5.jpg",620,413,false],"portraits":["https:\/\/arantv.az\/wp-content\/uploads\/2022\/09\/nwIIrmLbs80dbPQyjnE5PoCHOKXVlx93PY8ULWW5.jpg",620,413,false],"thumbnail":["https:\/\/arantv.az\/wp-content\/uploads\/2022\/09\/nwIIrmLbs80dbPQyjnE5PoCHOKXVlx93PY8ULWW5-500x280.jpg",500,280,true],"medium":["https:\/\/arantv.az\/wp-content\/uploads\/2022\/09\/nwIIrmLbs80dbPQyjnE5PoCHOKXVlx93PY8ULWW5-548x365.jpg",548,365,true],"large":["https:\/\/arantv.az\/wp-content\/uploads\/2022\/09\/nwIIrmLbs80dbPQyjnE5PoCHOKXVlx93PY8ULWW5.jpg",620,413,false],"1536x1536":["https:\/\/arantv.az\/wp-content\/uploads\/2022\/09\/nwIIrmLbs80dbPQyjnE5PoCHOKXVlx93PY8ULWW5.jpg",620,413,false],"2048x2048":["https:\/\/arantv.az\/wp-content\/uploads\/2022\/09\/nwIIrmLbs80dbPQyjnE5PoCHOKXVlx93PY8ULWW5.jpg",620,413,false],"post-thumbnail":["https:\/\/arantv.az\/wp-content\/uploads\/2022\/09\/nwIIrmLbs80dbPQyjnE5PoCHOKXVlx93PY8ULWW5-240x172.jpg",240,172,true],"advps-thumb-one":["https:\/\/arantv.az\/wp-content\/uploads\/2022\/09\/nwIIrmLbs80dbPQyjnE5PoCHOKXVlx93PY8ULWW5.jpg",620,413,false]},"rttpg_author":{"display_name":"V\u00fcsal Rafiqo\u011flu","author_link":"https:\/\/arantv.az\/?author=2"},"rttpg_comment":0,"rttpg_category":"<a href=\"https:\/\/arantv.az\/?cat=1\" rel=\"category\">C\u0259miyy\u0259t<\/a>","rttpg_excerpt":"Az\u0259rbaycan M\u00fcdafi\u0259 Nazirliyi Erm\u0259nistan\u0131n sentyabr\u0131n 12-13-d\u0259 t\u00f6r\u0259tdiyi t\u0259xribat\u0131n qar\u015f\u0131s\u0131n\u0131 alark\u0259n \u015f\u0259hidlik zirv\u0259sin\u0259 ucalan S\u0259buhi \u018fhm\u0259dova \u201c\u015f\u0259hid\u201d, onun ail\u0259sin\u0259 is\u0259 \u201c\u015f\u0259hid ail\u0259si\u201d statusu verilm\u0259si il\u0259 ba\u011fl\u0131 \u018fm\u0259k v\u0259 \u018fhalinin Sosial M\u00fcdafi\u0259si Nazirliyi yan\u0131nda D\u00f6vl\u0259t Sosial M\u00fcdafi\u0259 Fonduna t\u0259qdim olunmaq \u00fc\u00e7\u00fcn aray\u0131\u015f verib. Bununla ba\u011fl\u0131 aray\u0131\u015f\u0131 M\u00fcdafi\u0259 Nazirliyinin \u015e\u0259xsi Hey\u0259t Ba\u015f \u0130dar\u0259si r\u0259isinin m\u00fcavini &#8211; Kadrlar \u0130dar\u0259sinin&hellip;","_links":{"self":[{"href":"https:\/\/arantv.az\/index.php?rest_route=\/wp\/v2\/posts\/518446"}],"collection":[{"href":"https:\/\/arantv.az\/index.php?rest_route=\/wp\/v2\/posts"}],"about":[{"href":"https:\/\/arantv.az\/index.php?rest_route=\/wp\/v2\/types\/post"}],"author":[{"embeddable":true,"href":"https:\/\/arantv.az\/index.php?rest_route=\/wp\/v2\/users\/2"}],"replies":[{"embeddable":true,"href":"https:\/\/arantv.az\/index.php?rest_route=%2Fwp%2Fv2%2Fcomments&post=518446"}],"version-history":[{"count":0,"href":"https:\/\/arantv.az\/index.php?rest_route=\/wp\/v2\/posts\/518446\/revisions"}],"wp:featuredmedia":[{"embeddable":true,"href":"https:\/\/arantv.az\/index.php?rest_route=\/wp\/v2\/media\/518447"}],"wp:attachment":[{"href":"https:\/\/arantv.az\/index.php?rest_route=%2Fwp%2Fv2%2Fmedia&parent=518446"}],"wp:term":[{"taxonomy":"category","embeddable":true,"href":"https:\/\/arantv.az\/index.php?rest_route=%2Fwp%2Fv2%2Fcategories&post=518446"},{"taxonomy":"post_tag","embeddable":true,"href":"https:\/\/arantv.az\/index.php?rest_route=%2Fwp%2Fv2%2Ftags&post=518446"}],"curies":[{"name":"wp","href":"https:\/\/api.w.org\/{rel}","templated":true}]}}