{"id":518452,"date":"2022-09-29T12:49:00","date_gmt":"2022-09-29T09:49:00","guid":{"rendered":"https:\/\/arantv.az\/?p=518452"},"modified":"2022-09-29T12:49:00","modified_gmt":"2022-09-29T09:49:00","slug":"ancelina-coli-iranli-qadinlara-d%c9%99st%c9%99k-oldu-onlarin-yasamaq-ucun-azadliga-ehtiyaci-var-foto","status":"publish","type":"post","link":"https:\/\/arantv.az\/?p=518452","title":{"rendered":"Ancelina Coli iranl\u0131 qad\u0131nlara d\u0259st\u0259k oldu: \u201cOnlar\u0131n ya\u015famaq \u00fc\u00e7\u00fcn azadl\u0131\u011fa ehtiyac\u0131 var\u201d &#8211; FOTO"},"content":{"rendered":"<p>Tan\u0131nm\u0131\u015f Hollivud aktrisas\u0131 Ancelina Coli \u0130randa davam ed\u0259n i\u011fti\u015fa\u015flar fonunda iranl\u0131 qad\u0131nlara d\u0259st\u0259yini ifad\u0259 edib.<\/p>\n<div class=\"AdviadNativeVideo\"><\/div>\n<p>\u201c\u0130ranl\u0131 qad\u0131nlar\u0131n ya\u015famaq \u00fc\u00e7\u00fcn azadl\u0131\u011fa ehtiyac\u0131 var\u201d, &#8211; dey\u0259 o qeyd edib. H\u0259m\u00e7inin aktrisa qad\u0131nlar\u0131n b\u0259d\u0259nl\u0259rinin idar\u0259 olunmas\u0131na ehtiyaclar\u0131n\u0131n olmad\u0131\u011f\u0131n\u0131 bildirib. \u201cQad\u0131nlar\u0131n \u0259xlaqlar\u0131na n\u0259zar\u0259t edilm\u0259sin\u0259, zehinl\u0259rinin yenid\u0259n t\u0259rbiy\u0259 edilm\u0259sin\u0259 v\u0259 ya b\u0259d\u0259nl\u0259rinin idar\u0259 olunmas\u0131na ehtiyaclar\u0131 yoxdur\u201d, &#8211; dey\u0259 aktrisa vur\u011fulay\u0131b.<\/p>\n<p>O, \u0130randa 22 ya\u015fl\u0131 M\u0259hsa \u018fmininin \u00f6l\u00fcm\u00fcn\u0259 v\u0259 onun \u00f6l\u00fcm\u00fcnd\u0259n sonra davam ed\u0259n etirazlara diqq\u0259t \u00e7\u0259kib.<\/p>\n<p>Ancelina Coli ba\u015f ver\u0259n hadis\u0259l\u0259r bar\u0259d\u0259 m\u0259lumatl\u0131l\u0131\u011f\u0131n art\u0131r\u0131lmas\u0131 m\u0259qs\u0259dl\u0259 \u201cInstagram\u201d hesab\u0131nda \u0130ran k\u00fc\u00e7\u0259l\u0259rind\u0259 \u00e7\u0259kilmi\u015f bir ne\u00e7\u0259 foto payla\u015f\u0131b.<\/p>\n<div><iframe id=\"instagram-embed-0\" class=\"instagram-media instagram-media-rendered\" src=\"https:\/\/www.instagram.com\/p\/CjEFrjEJqyd\/embed\/captioned\/?cr=1&amp;v=14&amp;wp=540&amp;rd=https%3A%2F%2Foxu.az&amp;rp=%2Fculture%2F648321#%7B%22ci%22%3A0%2C%22os%22%3A1976.5%2C%22ls%22%3A523.0999999940395%2C%22le%22%3A1973.7000000029802%7D\" height=\"1168\" frameborder=\"0\" scrolling=\"no\" allowfullscreen=\"allowfullscreen\" data-instgrm-payload-id=\"instagram-media-payload-0\" data-mce-fragment=\"1\"><\/iframe><\/div>\n<p>&nbsp;<\/p>\n","protected":false},"excerpt":{"rendered":"<p>Tan\u0131nm\u0131\u015f Hollivud aktrisas\u0131 Ancelina Coli \u0130randa davam ed\u0259n i\u011fti\u015fa\u015flar fonunda iranl\u0131 qad\u0131nlara d\u0259st\u0259yini ifad\u0259 edib. \u201c\u0130ranl\u0131 qad\u0131nlar\u0131n ya\u015famaq \u00fc\u00e7\u00fcn azadl\u0131\u011fa ehtiyac\u0131 var\u201d, &#8211; dey\u0259 o qeyd edib. H\u0259m\u00e7inin aktrisa qad\u0131nlar\u0131n b\u0259d\u0259nl\u0259rinin idar\u0259 olunmas\u0131na ehtiyaclar\u0131n\u0131n olmad\u0131\u011f\u0131n\u0131 bildirib. \u201cQad\u0131nlar\u0131n \u0259xlaqlar\u0131na n\u0259zar\u0259t edilm\u0259sin\u0259, zehinl\u0259rinin yenid\u0259n t\u0259rbiy\u0259 edilm\u0259sin\u0259 v\u0259 ya b\u0259d\u0259nl\u0259rinin idar\u0259 olunmas\u0131na ehtiyaclar\u0131 yoxdur\u201d, &#8211; dey\u0259 aktrisa vur\u011fulay\u0131b. O, \u0130randa 22 ya\u015fl\u0131 M\u0259hsa \u018fmininin \u00f6l\u00fcm\u00fcn\u0259 v\u0259 onun \u00f6l\u00fcm\u00fcnd\u0259n sonra davam ed\u0259n etirazlara diqq\u0259t \u00e7\u0259kib. Ancelina Coli ba\u015f ver\u0259n hadis\u0259l\u0259r bar\u0259d\u0259 m\u0259lumatl\u0131l\u0131\u011f\u0131n art\u0131r\u0131lmas\u0131 m\u0259qs\u0259dl\u0259 \u201cInstagram\u201d hesab\u0131nda \u0130ran k\u00fc\u00e7\u0259l\u0259rind\u0259 \u00e7\u0259kilmi\u015f bir ne\u00e7\u0259 foto payla\u015f\u0131b. &nbsp;<\/p>\n","protected":false},"author":2,"featured_media":518453,"comment_status":"closed","ping_status":"closed","sticky":false,"template":"","format":"standard","meta":{"om_disable_all_campaigns":false,"_monsterinsights_skip_tracking":false,"_monsterinsights_sitenote_active":false,"_monsterinsights_sitenote_note":"","_monsterinsights_sitenote_category":0},"categories":[7],"tags":[],"aioseo_notices":[],"gutentor_comment":0,"rttpg_featured_image_url":{"full":["https:\/\/arantv.az\/wp-content\/uploads\/2022\/09\/FotoJet-2022-09-29T123651.889.jpg",620,413,false],"landscape":["https:\/\/arantv.az\/wp-content\/uploads\/2022\/09\/FotoJet-2022-09-29T123651.889.jpg",620,413,false],"portraits":["https:\/\/arantv.az\/wp-content\/uploads\/2022\/09\/FotoJet-2022-09-29T123651.889.jpg",620,413,false],"thumbnail":["https:\/\/arantv.az\/wp-content\/uploads\/2022\/09\/FotoJet-2022-09-29T123651.889-500x280.jpg",500,280,true],"medium":["https:\/\/arantv.az\/wp-content\/uploads\/2022\/09\/FotoJet-2022-09-29T123651.889-548x365.jpg",548,365,true],"large":["https:\/\/arantv.az\/wp-content\/uploads\/2022\/09\/FotoJet-2022-09-29T123651.889.jpg",620,413,false],"1536x1536":["https:\/\/arantv.az\/wp-content\/uploads\/2022\/09\/FotoJet-2022-09-29T123651.889.jpg",620,413,false],"2048x2048":["https:\/\/arantv.az\/wp-content\/uploads\/2022\/09\/FotoJet-2022-09-29T123651.889.jpg",620,413,false],"post-thumbnail":["https:\/\/arantv.az\/wp-content\/uploads\/2022\/09\/FotoJet-2022-09-29T123651.889-240x172.jpg",240,172,true],"advps-thumb-one":["https:\/\/arantv.az\/wp-content\/uploads\/2022\/09\/FotoJet-2022-09-29T123651.889.jpg",620,413,false]},"rttpg_author":{"display_name":"V\u00fcsal Rafiqo\u011flu","author_link":"https:\/\/arantv.az\/?author=2"},"rttpg_comment":0,"rttpg_category":"<a href=\"https:\/\/arantv.az\/?cat=7\" rel=\"category\">D\u00fcnya<\/a>","rttpg_excerpt":"Tan\u0131nm\u0131\u015f Hollivud aktrisas\u0131 Ancelina Coli \u0130randa davam ed\u0259n i\u011fti\u015fa\u015flar fonunda iranl\u0131 qad\u0131nlara d\u0259st\u0259yini ifad\u0259 edib. \u201c\u0130ranl\u0131 qad\u0131nlar\u0131n ya\u015famaq \u00fc\u00e7\u00fcn azadl\u0131\u011fa ehtiyac\u0131 var\u201d, &#8211; dey\u0259 o qeyd edib. H\u0259m\u00e7inin aktrisa qad\u0131nlar\u0131n b\u0259d\u0259nl\u0259rinin idar\u0259 olunmas\u0131na ehtiyaclar\u0131n\u0131n olmad\u0131\u011f\u0131n\u0131 bildirib. \u201cQad\u0131nlar\u0131n \u0259xlaqlar\u0131na n\u0259zar\u0259t edilm\u0259sin\u0259, zehinl\u0259rinin yenid\u0259n t\u0259rbiy\u0259 edilm\u0259sin\u0259 v\u0259 ya b\u0259d\u0259nl\u0259rinin idar\u0259 olunmas\u0131na ehtiyaclar\u0131 yoxdur\u201d, &#8211; dey\u0259 aktrisa vur\u011fulay\u0131b.&hellip;","_links":{"self":[{"href":"https:\/\/arantv.az\/index.php?rest_route=\/wp\/v2\/posts\/518452"}],"collection":[{"href":"https:\/\/arantv.az\/index.php?rest_route=\/wp\/v2\/posts"}],"about":[{"href":"https:\/\/arantv.az\/index.php?rest_route=\/wp\/v2\/types\/post"}],"author":[{"embeddable":true,"href":"https:\/\/arantv.az\/index.php?rest_route=\/wp\/v2\/users\/2"}],"replies":[{"embeddable":true,"href":"https:\/\/arantv.az\/index.php?rest_route=%2Fwp%2Fv2%2Fcomments&post=518452"}],"version-history":[{"count":0,"href":"https:\/\/arantv.az\/index.php?rest_route=\/wp\/v2\/posts\/518452\/revisions"}],"wp:featuredmedia":[{"embeddable":true,"href":"https:\/\/arantv.az\/index.php?rest_route=\/wp\/v2\/media\/518453"}],"wp:attachment":[{"href":"https:\/\/arantv.az\/index.php?rest_route=%2Fwp%2Fv2%2Fmedia&parent=518452"}],"wp:term":[{"taxonomy":"category","embeddable":true,"href":"https:\/\/arantv.az\/index.php?rest_route=%2Fwp%2Fv2%2Fcategories&post=518452"},{"taxonomy":"post_tag","embeddable":true,"href":"https:\/\/arantv.az\/index.php?rest_route=%2Fwp%2Fv2%2Ftags&post=518452"}],"curies":[{"name":"wp","href":"https:\/\/api.w.org\/{rel}","templated":true}]}}