{"id":518467,"date":"2022-09-29T12:54:39","date_gmt":"2022-09-29T09:54:39","guid":{"rendered":"https:\/\/arantv.az\/?p=518467"},"modified":"2022-09-29T12:54:39","modified_gmt":"2022-09-29T09:54:39","slug":"sahibkarlarin-n%c9%99z%c9%99rin%c9%99-vahid-reyestr-v%c9%99-koordinasiya-qrupu-yaradilacaq","status":"publish","type":"post","link":"https:\/\/arantv.az\/?p=518467","title":{"rendered":"Sahibkarlar\u0131n N\u018fZ\u018fR\u0130N\u018f: Vahid reyestr v\u0259 koordinasiya qrupu yarad\u0131lacaq"},"content":{"rendered":"<p>Az\u0259rbaycanda mikro, ki\u00e7ik v\u0259 orta sahibkarl\u0131q subyektl\u0259rinin vahid reyestri apar\u0131lacaq.<\/p>\n<p><strong>ARANTV.AZ<\/strong>-\u0131n m\u0259lumat\u0131na \u0259sas\u0259n, bu bar\u0259d\u0259 \u201cMikro, ki\u00e7ik v\u0259 orta sahibkarl\u0131\u011f\u0131n inki\u015faf\u0131 haqq\u0131nda\u201d qanun layih\u0259sind\u0259 bildirilir.<\/p>\n<div class=\"AdviadNativeVideo\"><\/div>\n<p>Reyestrd\u0259 sahibkarlar haqq\u0131nda m\u0259lumatlar \u00f6z \u0259ksini tapacaq.<\/p>\n<p>Layih\u0259d\u0259 o da qeyd olunur ki, Az\u0259rbaycanda mikro, ki\u00e7ik v\u0259 orta sahibkarl\u0131\u011f\u0131n inki\u015faf\u0131 sah\u0259sind\u0259 koordinasiya qrupu yarad\u0131lacaq.<\/p>\n<p>Qrup mikro, ki\u00e7ik v\u0259 orta sahibkarl\u0131\u011f\u0131n inki\u015faf\u0131 sah\u0259sind\u0259 f\u0259aliyy\u0259tin \u0259laq\u0259l\u0259ndirilm\u0259si m\u0259qs\u0259dil\u0259 yarad\u0131lacaq.<\/p>\n<p>Koordinasiya qrupunun t\u0259rkibi, s\u0259lahiyy\u0259tl\u0259ri v\u0259 f\u0259aliyy\u0259ti \u0259sasnam\u0259 haz\u0131rlanmas\u0131 da g\u00f6zl\u0259nilir.<\/p>\n<p>Qeyd ed\u0259k ki, layih\u0259 Milli M\u0259clisin \u0130qtisadi siyas\u0259t, s\u0259naye v\u0259 sahibkarl\u0131q komit\u0259sinin iclas\u0131nda m\u00fczakir\u0259 olunur.<\/p>\n","protected":false},"excerpt":{"rendered":"<p>Az\u0259rbaycanda mikro, ki\u00e7ik v\u0259 orta sahibkarl\u0131q subyektl\u0259rinin vahid reyestri apar\u0131lacaq. ARANTV.AZ-\u0131n m\u0259lumat\u0131na \u0259sas\u0259n, bu bar\u0259d\u0259 \u201cMikro, ki\u00e7ik v\u0259 orta sahibkarl\u0131\u011f\u0131n inki\u015faf\u0131 haqq\u0131nda\u201d qanun layih\u0259sind\u0259 bildirilir. Reyestrd\u0259 sahibkarlar haqq\u0131nda m\u0259lumatlar \u00f6z \u0259ksini tapacaq. Layih\u0259d\u0259 o da qeyd olunur ki, Az\u0259rbaycanda mikro, ki\u00e7ik v\u0259 orta sahibkarl\u0131\u011f\u0131n inki\u015faf\u0131 sah\u0259sind\u0259 koordinasiya qrupu yarad\u0131lacaq. Qrup mikro, ki\u00e7ik v\u0259 orta sahibkarl\u0131\u011f\u0131n inki\u015faf\u0131 sah\u0259sind\u0259 f\u0259aliyy\u0259tin \u0259laq\u0259l\u0259ndirilm\u0259si m\u0259qs\u0259dil\u0259 yarad\u0131lacaq. Koordinasiya qrupunun t\u0259rkibi, s\u0259lahiyy\u0259tl\u0259ri v\u0259 f\u0259aliyy\u0259ti \u0259sasnam\u0259 haz\u0131rlanmas\u0131 da g\u00f6zl\u0259nilir. Qeyd ed\u0259k ki, layih\u0259 Milli M\u0259clisin \u0130qtisadi siyas\u0259t, s\u0259naye v\u0259 sahibkarl\u0131q komit\u0259sinin iclas\u0131nda m\u00fczakir\u0259 olunur.<\/p>\n","protected":false},"author":2,"featured_media":464252,"comment_status":"closed","ping_status":"closed","sticky":false,"template":"","format":"standard","meta":{"om_disable_all_campaigns":false,"_monsterinsights_skip_tracking":false,"_monsterinsights_sitenote_active":false,"_monsterinsights_sitenote_note":"","_monsterinsights_sitenote_category":0},"categories":[1],"tags":[],"aioseo_notices":[],"gutentor_comment":0,"rttpg_featured_image_url":{"full":["https:\/\/arantv.az\/wp-content\/uploads\/2022\/04\/manat_bkk_251121.jpg",1200,800,false],"landscape":["https:\/\/arantv.az\/wp-content\/uploads\/2022\/04\/manat_bkk_251121.jpg",1200,800,false],"portraits":["https:\/\/arantv.az\/wp-content\/uploads\/2022\/04\/manat_bkk_251121.jpg",1200,800,false],"thumbnail":["https:\/\/arantv.az\/wp-content\/uploads\/2022\/04\/manat_bkk_251121-500x280.jpg",500,280,true],"medium":["https:\/\/arantv.az\/wp-content\/uploads\/2022\/04\/manat_bkk_251121-548x365.jpg",548,365,true],"large":["https:\/\/arantv.az\/wp-content\/uploads\/2022\/04\/manat_bkk_251121-840x560.jpg",640,427,true],"1536x1536":["https:\/\/arantv.az\/wp-content\/uploads\/2022\/04\/manat_bkk_251121.jpg",1200,800,false],"2048x2048":["https:\/\/arantv.az\/wp-content\/uploads\/2022\/04\/manat_bkk_251121.jpg",1200,800,false],"post-thumbnail":["https:\/\/arantv.az\/wp-content\/uploads\/2022\/04\/manat_bkk_251121-240x172.jpg",240,172,true],"advps-thumb-one":["https:\/\/arantv.az\/wp-content\/uploads\/2022\/04\/manat_bkk_251121-1200x620.jpg",1200,620,true]},"rttpg_author":{"display_name":"V\u00fcsal Rafiqo\u011flu","author_link":"https:\/\/arantv.az\/?author=2"},"rttpg_comment":0,"rttpg_category":"<a href=\"https:\/\/arantv.az\/?cat=1\" rel=\"category\">C\u0259miyy\u0259t<\/a>","rttpg_excerpt":"Az\u0259rbaycanda mikro, ki\u00e7ik v\u0259 orta sahibkarl\u0131q subyektl\u0259rinin vahid reyestri apar\u0131lacaq. ARANTV.AZ-\u0131n m\u0259lumat\u0131na \u0259sas\u0259n, bu bar\u0259d\u0259 \u201cMikro, ki\u00e7ik v\u0259 orta sahibkarl\u0131\u011f\u0131n inki\u015faf\u0131 haqq\u0131nda\u201d qanun layih\u0259sind\u0259 bildirilir. Reyestrd\u0259 sahibkarlar haqq\u0131nda m\u0259lumatlar \u00f6z \u0259ksini tapacaq. Layih\u0259d\u0259 o da qeyd olunur ki, Az\u0259rbaycanda mikro, ki\u00e7ik v\u0259 orta sahibkarl\u0131\u011f\u0131n inki\u015faf\u0131 sah\u0259sind\u0259 koordinasiya qrupu yarad\u0131lacaq. Qrup mikro, ki\u00e7ik v\u0259 orta sahibkarl\u0131\u011f\u0131n&hellip;","_links":{"self":[{"href":"https:\/\/arantv.az\/index.php?rest_route=\/wp\/v2\/posts\/518467"}],"collection":[{"href":"https:\/\/arantv.az\/index.php?rest_route=\/wp\/v2\/posts"}],"about":[{"href":"https:\/\/arantv.az\/index.php?rest_route=\/wp\/v2\/types\/post"}],"author":[{"embeddable":true,"href":"https:\/\/arantv.az\/index.php?rest_route=\/wp\/v2\/users\/2"}],"replies":[{"embeddable":true,"href":"https:\/\/arantv.az\/index.php?rest_route=%2Fwp%2Fv2%2Fcomments&post=518467"}],"version-history":[{"count":0,"href":"https:\/\/arantv.az\/index.php?rest_route=\/wp\/v2\/posts\/518467\/revisions"}],"wp:featuredmedia":[{"embeddable":true,"href":"https:\/\/arantv.az\/index.php?rest_route=\/wp\/v2\/media\/464252"}],"wp:attachment":[{"href":"https:\/\/arantv.az\/index.php?rest_route=%2Fwp%2Fv2%2Fmedia&parent=518467"}],"wp:term":[{"taxonomy":"category","embeddable":true,"href":"https:\/\/arantv.az\/index.php?rest_route=%2Fwp%2Fv2%2Fcategories&post=518467"},{"taxonomy":"post_tag","embeddable":true,"href":"https:\/\/arantv.az\/index.php?rest_route=%2Fwp%2Fv2%2Ftags&post=518467"}],"curies":[{"name":"wp","href":"https:\/\/api.w.org\/{rel}","templated":true}]}}