{"id":51892,"date":"2019-04-20T12:51:31","date_gmt":"2019-04-20T09:51:31","guid":{"rendered":"http:\/\/arantv.az\/?p=51892"},"modified":"2019-04-20T12:51:31","modified_gmt":"2019-04-20T09:51:31","slug":"turkiy%c9%99-x%c9%99z%c9%99r-hovz%c9%99sind%c9%99n-enerji-ehtiyatlarinin-dunya-bazarlarina-t%c9%99darukund%c9%99-maraqlidir-nazir","status":"publish","type":"post","link":"https:\/\/arantv.az\/?p=51892","title":{"rendered":"T\u00fcrkiy\u0259 X\u0259z\u0259r h\u00f6vz\u0259sind\u0259n enerji ehtiyatlar\u0131n\u0131n d\u00fcnya bazarlar\u0131na t\u0259dar\u00fck\u00fcnd\u0259 maraql\u0131d\u0131r &#8211; Nazir"},"content":{"rendered":"<p><strong>&#8220;T\u00fcrkiy\u0259 X\u0259z\u0259r h\u00f6vz\u0259sind\u0259n enerji ehtiyatlar\u0131n\u0131n d\u00fcnya bazarlar\u0131na t\u0259dar\u00fck\u00fcnd\u0259 maraql\u0131d\u0131r&#8221;.<\/strong><\/p>\n<p><strong>ARANTV.AZ<\/strong>\u00a0\u00a0<a href=\"https:\/\/az.trend.az\/\" target=\"_blank\" rel=\"noopener\"><span style=\"color: #000000;\">Trend<\/span><\/a>-\u0259 istinad\u0259n x\u0259b\u0259r verir ki, bunu T\u00fcrkiy\u0259nin energetika v\u0259 t\u0259bii ehtiyatlar naziri fatih D\u00f6nm\u0259z Az\u0259rbaycan v\u0259 T\u00fcrkm\u0259nistan energetika nazirl\u0259ri il\u0259 \u00fc\u00e7t\u0259r\u0259fli g\u00f6r\u00fc\u015f\u00fc zaman\u0131 deyib.<\/p>\n<p>Nazir vur\u011fulay\u0131b ki, X\u0259z\u0259r h\u00f6vz\u0259sind\u0259n enerji ehtiyatlar\u0131n\u0131n T\u00fcrkiy\u0259y\u0259 d\u0259 t\u0259dar\u00fck\u00fc \u00e7ox vacibdir.<\/p>\n<p>Qeyd ed\u0259k ki, \u00f6t\u0259n g\u00fcn \u0130stanbulda T\u00fcrkiy\u0259, Az\u0259rbaycan v\u0259 T\u00fcrkm\u0259nistan aras\u0131nda enerji \u0259m\u0259kda\u015fl\u0131\u011f\u0131na dair \u00fc\u00e7t\u0259r\u0259fli g\u00f6r\u00fc\u015f ke\u00e7irilib.<\/p>\n<p>G\u00f6r\u00fc\u015fd\u0259 indiy\u0259 kimi T\u00fcrkiy\u0259-Az\u0259rbaycan-T\u00fcrkm\u0259nistan xarici i\u015fl\u0259r nazirl\u0259ri s\u0259viyy\u0259sind\u0259 ke\u00e7iril\u0259n ard\u0131c\u0131l g\u00f6r\u00fc\u015fl\u0259r, q\u0259bul edilmi\u015f s\u0259n\u0259dl\u0259r, ortaq regional maraqlar, \u018ffqan\u0131stan-T\u00fcrkm\u0259nistan-Az\u0259rbaycan-G\u00fcrc\u00fcstan-T\u00fcrkiy\u0259 (Lapis Lazuli) n\u0259qliyyat d\u0259hlizi, Trans-Avrasiya Super \u0130nformasiya Magistral\u0131 (TAS\u0130M) v\u0259 B\u00f6y\u00fck \u0130p\u0259k Yolunun b\u0259rpas\u0131 kimi layih\u0259l\u0259rin \u00fc\u00e7t\u0259r\u0259fli formatda \u0259m\u0259kda\u015fl\u0131q \u00fc\u00e7\u00fcn g\u00fccl\u00fc baza formala\u015fd\u0131rd\u0131\u011f\u0131 qeyd edilib. Bu format\u0131n enerji sah\u0259sind\u0259 inki\u015faf\u0131 perspektivl\u0259ri n\u0259z\u0259rd\u0259n ke\u00e7irilib.<\/p>\n<p>G\u00f6r\u00fc\u015f\u00fcn yekunlar\u0131na dair Birg\u0259 B\u0259yannam\u0259 imzalan\u0131b. S\u0259n\u0259dd\u0259 m\u00f6vcud \u0259m\u0259kda\u015fl\u0131\u011f\u0131 b\u0259rpa olunan enerji, enerji s\u0259m\u0259r\u0259liliyi, ya\u015f\u0131l texnologiyalar, t\u0259cr\u00fcb\u0259 m\u00fcbadil\u0259si sah\u0259l\u0259rin\u0259d\u0259k geni\u015fl\u0259ndirm\u0259k, h\u0259r \u00fc\u00e7 \u00f6lk\u0259nin neft-qaz s\u0259nayesind\u0259, enerji sektorunda \u00e7al\u0131\u015fan \u015firk\u0259tl\u0259ri, elmi-t\u0259dqiqat m\u0259rk\u0259zl\u0259ri aras\u0131nda \u0259laq\u0259l\u0259rin g\u00fccl\u0259ndirilm\u0259si, s\u0259rgi, konfrans v\u0259 seminarlar\u0131n ke\u00e7irilm\u0259si kimi m\u0259s\u0259l\u0259l\u0259r \u00f6z \u0259ksini tap\u0131b.<\/p>\n","protected":false},"excerpt":{"rendered":"<p>&#8220;T\u00fcrkiy\u0259 X\u0259z\u0259r h\u00f6vz\u0259sind\u0259n enerji ehtiyatlar\u0131n\u0131n d\u00fcnya bazarlar\u0131na t\u0259dar\u00fck\u00fcnd\u0259 maraql\u0131d\u0131r&#8221;. ARANTV.AZ\u00a0\u00a0Trend-\u0259 istinad\u0259n x\u0259b\u0259r verir ki, bunu T\u00fcrkiy\u0259nin energetika v\u0259 t\u0259bii ehtiyatlar naziri fatih D\u00f6nm\u0259z Az\u0259rbaycan v\u0259 T\u00fcrkm\u0259nistan energetika nazirl\u0259ri il\u0259 \u00fc\u00e7t\u0259r\u0259fli g\u00f6r\u00fc\u015f\u00fc zaman\u0131 deyib. Nazir vur\u011fulay\u0131b ki, X\u0259z\u0259r h\u00f6vz\u0259sind\u0259n enerji ehtiyatlar\u0131n\u0131n T\u00fcrkiy\u0259y\u0259 d\u0259 t\u0259dar\u00fck\u00fc \u00e7ox vacibdir. Qeyd ed\u0259k ki, \u00f6t\u0259n g\u00fcn \u0130stanbulda T\u00fcrkiy\u0259, Az\u0259rbaycan v\u0259 T\u00fcrkm\u0259nistan aras\u0131nda enerji \u0259m\u0259kda\u015fl\u0131\u011f\u0131na dair \u00fc\u00e7t\u0259r\u0259fli g\u00f6r\u00fc\u015f ke\u00e7irilib. G\u00f6r\u00fc\u015fd\u0259 indiy\u0259 kimi T\u00fcrkiy\u0259-Az\u0259rbaycan-T\u00fcrkm\u0259nistan xarici i\u015fl\u0259r nazirl\u0259ri s\u0259viyy\u0259sind\u0259 ke\u00e7iril\u0259n ard\u0131c\u0131l g\u00f6r\u00fc\u015fl\u0259r, q\u0259bul edilmi\u015f s\u0259n\u0259dl\u0259r, ortaq regional maraqlar, \u018ffqan\u0131stan-T\u00fcrkm\u0259nistan-Az\u0259rbaycan-G\u00fcrc\u00fcstan-T\u00fcrkiy\u0259 (Lapis Lazuli) n\u0259qliyyat d\u0259hlizi, Trans-Avrasiya Super \u0130nformasiya Magistral\u0131 (TAS\u0130M) v\u0259&hellip;<\/p>\n","protected":false},"author":2,"featured_media":51893,"comment_status":"closed","ping_status":"closed","sticky":false,"template":"","format":"standard","meta":{"om_disable_all_campaigns":false,"_monsterinsights_skip_tracking":false,"_monsterinsights_sitenote_active":false,"_monsterinsights_sitenote_note":"","_monsterinsights_sitenote_category":0},"categories":[4],"tags":[],"aioseo_notices":[],"gutentor_comment":0,"rttpg_featured_image_url":{"full":["https:\/\/arantv.az\/wp-content\/uploads\/2019\/04\/748478.jpg",800,600,false],"landscape":["https:\/\/arantv.az\/wp-content\/uploads\/2019\/04\/748478.jpg",800,600,false],"portraits":["https:\/\/arantv.az\/wp-content\/uploads\/2019\/04\/748478.jpg",800,600,false],"thumbnail":["https:\/\/arantv.az\/wp-content\/uploads\/2019\/04\/748478-150x150.jpg",150,150,true],"medium":["https:\/\/arantv.az\/wp-content\/uploads\/2019\/04\/748478-300x225.jpg",300,225,true],"large":["https:\/\/arantv.az\/wp-content\/uploads\/2019\/04\/748478.jpg",640,480,false],"1536x1536":["https:\/\/arantv.az\/wp-content\/uploads\/2019\/04\/748478.jpg",800,600,false],"2048x2048":["https:\/\/arantv.az\/wp-content\/uploads\/2019\/04\/748478.jpg",800,600,false],"post-thumbnail":["https:\/\/arantv.az\/wp-content\/uploads\/2019\/04\/748478-240x172.jpg",240,172,true],"advps-thumb-one":["https:\/\/arantv.az\/wp-content\/uploads\/2019\/04\/748478.jpg",800,600,false]},"rttpg_author":{"display_name":"V\u00fcsal Rafiqo\u011flu","author_link":"https:\/\/arantv.az\/?author=2"},"rttpg_comment":0,"rttpg_category":"<a href=\"https:\/\/arantv.az\/?cat=4\" rel=\"category\">Siyas\u0259t<\/a>","rttpg_excerpt":"&#8220;T\u00fcrkiy\u0259 X\u0259z\u0259r h\u00f6vz\u0259sind\u0259n enerji ehtiyatlar\u0131n\u0131n d\u00fcnya bazarlar\u0131na t\u0259dar\u00fck\u00fcnd\u0259 maraql\u0131d\u0131r&#8221;. ARANTV.AZ\u00a0\u00a0Trend-\u0259 istinad\u0259n x\u0259b\u0259r verir ki, bunu T\u00fcrkiy\u0259nin energetika v\u0259 t\u0259bii ehtiyatlar naziri fatih D\u00f6nm\u0259z Az\u0259rbaycan v\u0259 T\u00fcrkm\u0259nistan energetika nazirl\u0259ri il\u0259 \u00fc\u00e7t\u0259r\u0259fli g\u00f6r\u00fc\u015f\u00fc zaman\u0131 deyib. Nazir vur\u011fulay\u0131b ki, X\u0259z\u0259r h\u00f6vz\u0259sind\u0259n enerji ehtiyatlar\u0131n\u0131n T\u00fcrkiy\u0259y\u0259 d\u0259 t\u0259dar\u00fck\u00fc \u00e7ox vacibdir. Qeyd ed\u0259k ki, \u00f6t\u0259n g\u00fcn \u0130stanbulda T\u00fcrkiy\u0259, Az\u0259rbaycan v\u0259 T\u00fcrkm\u0259nistan&hellip;","_links":{"self":[{"href":"https:\/\/arantv.az\/index.php?rest_route=\/wp\/v2\/posts\/51892"}],"collection":[{"href":"https:\/\/arantv.az\/index.php?rest_route=\/wp\/v2\/posts"}],"about":[{"href":"https:\/\/arantv.az\/index.php?rest_route=\/wp\/v2\/types\/post"}],"author":[{"embeddable":true,"href":"https:\/\/arantv.az\/index.php?rest_route=\/wp\/v2\/users\/2"}],"replies":[{"embeddable":true,"href":"https:\/\/arantv.az\/index.php?rest_route=%2Fwp%2Fv2%2Fcomments&post=51892"}],"version-history":[{"count":0,"href":"https:\/\/arantv.az\/index.php?rest_route=\/wp\/v2\/posts\/51892\/revisions"}],"wp:featuredmedia":[{"embeddable":true,"href":"https:\/\/arantv.az\/index.php?rest_route=\/wp\/v2\/media\/51893"}],"wp:attachment":[{"href":"https:\/\/arantv.az\/index.php?rest_route=%2Fwp%2Fv2%2Fmedia&parent=51892"}],"wp:term":[{"taxonomy":"category","embeddable":true,"href":"https:\/\/arantv.az\/index.php?rest_route=%2Fwp%2Fv2%2Fcategories&post=51892"},{"taxonomy":"post_tag","embeddable":true,"href":"https:\/\/arantv.az\/index.php?rest_route=%2Fwp%2Fv2%2Ftags&post=51892"}],"curies":[{"name":"wp","href":"https:\/\/api.w.org\/{rel}","templated":true}]}}