{"id":51895,"date":"2019-04-20T13:01:52","date_gmt":"2019-04-20T10:01:52","guid":{"rendered":"http:\/\/arantv.az\/?p=51895"},"modified":"2019-04-20T13:01:52","modified_gmt":"2019-04-20T10:01:52","slug":"ombudsman-aparati-numay%c9%99nd%c9%99l%c9%99ri-h%c9%99rbi-hiss%c9%99d%c9%99-olublar","status":"publish","type":"post","link":"https:\/\/arantv.az\/?p=51895","title":{"rendered":"Ombudsman aparat\u0131 n\u00fcmay\u0259nd\u0259l\u0259ri h\u0259rbi hiss\u0259d\u0259 olublar"},"content":{"rendered":"<p><a class=\"kw-link\" title=\"Az\u0259rbaycan x\u0259b\u0259rl\u0259ri\" href=\"https:\/\/metbuat.az\/news\/search?q=az%C9%99rbaycan\" target=\"_blank\" rel=\"noopener\">Az\u0259rbaycan<\/a>\u00a0Respublikas\u0131 M\u00fcdafi\u0259 nazirinin v\u0259 Az\u0259rbaycan Respublikas\u0131 \u0130nsan h\u00fcquqlar\u0131 \u00fczr\u0259 m\u00fcv\u0259kkilinin (OMBUDSMAN) birg\u0259 t\u0259sdiq etdikl\u0259ri plana \u0259sas\u0259n \u201cOmbudsman t\u0259sisat\u0131 v\u0259 bu t\u0259sisat\u0131n h\u0259rbi qulluq\u00e7ular\u0131n h\u00fcquqlar\u0131n\u0131n m\u00fcdafi\u0259si y\u00f6n\u00fcm\u00fcnd\u0259 apard\u0131\u011f\u0131 i\u015fl\u0259r\u201d m\u00f6vzusunda, h\u0259m\u00e7inin insan h\u00fcquqlar\u0131n\u0131n qorunmas\u0131 v\u0259ziyy\u0259tinin \u00f6yr\u0259nilm\u0259si il\u0259 \u0259laq\u0259dar h\u0259rbi hiss\u0259d\u0259 \u015f\u0259xsi hey\u0259tl\u0259 g\u00f6r\u00fc\u015f ke\u00e7irilib.<\/p>\n<p><strong>ARANTV.AZ<\/strong> x\u0259b\u0259r verir ki, g\u00f6r\u00fc\u015fd\u0259 Ombudsman aparat\u0131n\u0131n H\u0259rbi qulluq\u00e7ular\u0131n h\u00fcquqi m\u00fcdafi\u0259si sektorunun m\u00fcdiri F\u0259zail H\u0259s\u0259nov v\u0259 sektorun b\u00f6y\u00fck m\u0259sl\u0259h\u0259t\u00e7isi Murad Babayev insan h\u00fcquqlar\u0131, o c\u00fcml\u0259d\u0259n h\u0259rbi qulluq\u00e7ular\u0131n h\u00fcquqlar\u0131n\u0131n m\u00fcdafi\u0259si il\u0259 ba\u011fl\u0131 m\u00fchazir\u0259l\u0259r oxuyub v\u0259 \u015f\u0259xsi hey\u0259ti maraqland\u0131ran suallar\u0131 cavabland\u0131r\u0131blar.<\/p>\n<div id=\"AdviadNativeVideo0\" class=\"AdviadNativeVideo\"><\/div>\n<p><img src=\"https:\/\/mod.gov.az\/\/images\/gallery\/d4516ee4dbda9ccb92b7949fbb1f0f2c.jpg\" \/><span class=\"redactor-invisible-space\"><br \/>\n<\/span><\/p>\n<p><span class=\"redactor-invisible-space\"><img src=\"https:\/\/mod.gov.az\/\/images\/gallery\/32717ea9c12d282f276e0e0c4b41d333.jpg\" \/><br \/>\n<\/span><\/p>\n<p><span class=\"redactor-invisible-space\"><img src=\"https:\/\/mod.gov.az\/\/images\/gallery\/99758d6b0712f5c1f0256a31b655dc02.jpg\" \/><br \/>\n<\/span><\/p>\n<p><span class=\"redactor-invisible-space\"><img src=\"https:\/\/mod.gov.az\/\/images\/gallery\/bbf814379e610d67f6604975029febf1.jpg\" \/><br \/>\n<\/span><\/p>\n<p><span class=\"redactor-invisible-space\"><img src=\"https:\/\/mod.gov.az\/\/images\/gallery\/691ac639cb6d95db2362471d5746c570.jpg\" \/><br \/>\n<\/span><\/p>\n<p><span class=\"redactor-invisible-space\"><img src=\"https:\/\/mod.gov.az\/\/images\/gallery\/bf44ecf1586b9aedd891c10ae206e284.jpg\" \/><\/span><\/p>\n<p>metbuat.az<\/p>\n","protected":false},"excerpt":{"rendered":"<p>Az\u0259rbaycan\u00a0Respublikas\u0131 M\u00fcdafi\u0259 nazirinin v\u0259 Az\u0259rbaycan Respublikas\u0131 \u0130nsan h\u00fcquqlar\u0131 \u00fczr\u0259 m\u00fcv\u0259kkilinin (OMBUDSMAN) birg\u0259 t\u0259sdiq etdikl\u0259ri plana \u0259sas\u0259n \u201cOmbudsman t\u0259sisat\u0131 v\u0259 bu t\u0259sisat\u0131n h\u0259rbi qulluq\u00e7ular\u0131n h\u00fcquqlar\u0131n\u0131n m\u00fcdafi\u0259si y\u00f6n\u00fcm\u00fcnd\u0259 apard\u0131\u011f\u0131 i\u015fl\u0259r\u201d m\u00f6vzusunda, h\u0259m\u00e7inin insan h\u00fcquqlar\u0131n\u0131n qorunmas\u0131 v\u0259ziyy\u0259tinin \u00f6yr\u0259nilm\u0259si il\u0259 \u0259laq\u0259dar h\u0259rbi hiss\u0259d\u0259 \u015f\u0259xsi hey\u0259tl\u0259 g\u00f6r\u00fc\u015f ke\u00e7irilib. ARANTV.AZ x\u0259b\u0259r verir ki, g\u00f6r\u00fc\u015fd\u0259 Ombudsman aparat\u0131n\u0131n H\u0259rbi qulluq\u00e7ular\u0131n h\u00fcquqi m\u00fcdafi\u0259si sektorunun m\u00fcdiri F\u0259zail H\u0259s\u0259nov v\u0259 sektorun b\u00f6y\u00fck m\u0259sl\u0259h\u0259t\u00e7isi Murad Babayev insan h\u00fcquqlar\u0131, o c\u00fcml\u0259d\u0259n h\u0259rbi qulluq\u00e7ular\u0131n h\u00fcquqlar\u0131n\u0131n m\u00fcdafi\u0259si il\u0259 ba\u011fl\u0131 m\u00fchazir\u0259l\u0259r oxuyub v\u0259 \u015f\u0259xsi hey\u0259ti maraqland\u0131ran suallar\u0131 cavabland\u0131r\u0131blar. metbuat.az<\/p>\n","protected":false},"author":2,"featured_media":51896,"comment_status":"closed","ping_status":"closed","sticky":false,"template":"","format":"standard","meta":{"om_disable_all_campaigns":false,"_monsterinsights_skip_tracking":false,"_monsterinsights_sitenote_active":false,"_monsterinsights_sitenote_note":"","_monsterinsights_sitenote_category":0},"categories":[19],"tags":[],"aioseo_notices":[],"gutentor_comment":0,"rttpg_featured_image_url":{"full":["https:\/\/arantv.az\/wp-content\/uploads\/2019\/04\/1171005.jpg",734,507,false],"landscape":["https:\/\/arantv.az\/wp-content\/uploads\/2019\/04\/1171005.jpg",734,507,false],"portraits":["https:\/\/arantv.az\/wp-content\/uploads\/2019\/04\/1171005.jpg",734,507,false],"thumbnail":["https:\/\/arantv.az\/wp-content\/uploads\/2019\/04\/1171005-150x150.jpg",150,150,true],"medium":["https:\/\/arantv.az\/wp-content\/uploads\/2019\/04\/1171005-300x207.jpg",300,207,true],"large":["https:\/\/arantv.az\/wp-content\/uploads\/2019\/04\/1171005.jpg",640,442,false],"1536x1536":["https:\/\/arantv.az\/wp-content\/uploads\/2019\/04\/1171005.jpg",734,507,false],"2048x2048":["https:\/\/arantv.az\/wp-content\/uploads\/2019\/04\/1171005.jpg",734,507,false],"post-thumbnail":["https:\/\/arantv.az\/wp-content\/uploads\/2019\/04\/1171005-240x172.jpg",240,172,true],"advps-thumb-one":["https:\/\/arantv.az\/wp-content\/uploads\/2019\/04\/1171005.jpg",734,507,false]},"rttpg_author":{"display_name":"V\u00fcsal Rafiqo\u011flu","author_link":"https:\/\/arantv.az\/?author=2"},"rttpg_comment":0,"rttpg_category":"<a href=\"https:\/\/arantv.az\/?cat=19\" rel=\"category\">G\u00fcnd\u0259m<\/a>","rttpg_excerpt":"Az\u0259rbaycan\u00a0Respublikas\u0131 M\u00fcdafi\u0259 nazirinin v\u0259 Az\u0259rbaycan Respublikas\u0131 \u0130nsan h\u00fcquqlar\u0131 \u00fczr\u0259 m\u00fcv\u0259kkilinin (OMBUDSMAN) birg\u0259 t\u0259sdiq etdikl\u0259ri plana \u0259sas\u0259n \u201cOmbudsman t\u0259sisat\u0131 v\u0259 bu t\u0259sisat\u0131n h\u0259rbi qulluq\u00e7ular\u0131n h\u00fcquqlar\u0131n\u0131n m\u00fcdafi\u0259si y\u00f6n\u00fcm\u00fcnd\u0259 apard\u0131\u011f\u0131 i\u015fl\u0259r\u201d m\u00f6vzusunda, h\u0259m\u00e7inin insan h\u00fcquqlar\u0131n\u0131n qorunmas\u0131 v\u0259ziyy\u0259tinin \u00f6yr\u0259nilm\u0259si il\u0259 \u0259laq\u0259dar h\u0259rbi hiss\u0259d\u0259 \u015f\u0259xsi hey\u0259tl\u0259 g\u00f6r\u00fc\u015f ke\u00e7irilib. ARANTV.AZ x\u0259b\u0259r verir ki, g\u00f6r\u00fc\u015fd\u0259 Ombudsman aparat\u0131n\u0131n H\u0259rbi qulluq\u00e7ular\u0131n h\u00fcquqi m\u00fcdafi\u0259si sektorunun&hellip;","_links":{"self":[{"href":"https:\/\/arantv.az\/index.php?rest_route=\/wp\/v2\/posts\/51895"}],"collection":[{"href":"https:\/\/arantv.az\/index.php?rest_route=\/wp\/v2\/posts"}],"about":[{"href":"https:\/\/arantv.az\/index.php?rest_route=\/wp\/v2\/types\/post"}],"author":[{"embeddable":true,"href":"https:\/\/arantv.az\/index.php?rest_route=\/wp\/v2\/users\/2"}],"replies":[{"embeddable":true,"href":"https:\/\/arantv.az\/index.php?rest_route=%2Fwp%2Fv2%2Fcomments&post=51895"}],"version-history":[{"count":0,"href":"https:\/\/arantv.az\/index.php?rest_route=\/wp\/v2\/posts\/51895\/revisions"}],"wp:featuredmedia":[{"embeddable":true,"href":"https:\/\/arantv.az\/index.php?rest_route=\/wp\/v2\/media\/51896"}],"wp:attachment":[{"href":"https:\/\/arantv.az\/index.php?rest_route=%2Fwp%2Fv2%2Fmedia&parent=51895"}],"wp:term":[{"taxonomy":"category","embeddable":true,"href":"https:\/\/arantv.az\/index.php?rest_route=%2Fwp%2Fv2%2Fcategories&post=51895"},{"taxonomy":"post_tag","embeddable":true,"href":"https:\/\/arantv.az\/index.php?rest_route=%2Fwp%2Fv2%2Ftags&post=51895"}],"curies":[{"name":"wp","href":"https:\/\/api.w.org\/{rel}","templated":true}]}}