{"id":51901,"date":"2019-04-20T13:11:08","date_gmt":"2019-04-20T10:11:08","guid":{"rendered":"http:\/\/arantv.az\/?p=51901"},"modified":"2019-04-20T13:11:08","modified_gmt":"2019-04-20T10:11:08","slug":"bu-s%c9%99xsl%c9%99rin-pensiyasi-artir-qanuna-d%c9%99yisiklik","status":"publish","type":"post","link":"https:\/\/arantv.az\/?p=51901","title":{"rendered":"Bu \u015f\u0259xsl\u0259rin pensiyas\u0131 art\u0131r \u2014 Qanuna d\u0259yi\u015fiklik"},"content":{"rendered":"<p>&#8220;\u018fm\u0259k pensiyalar\u0131 haqq\u0131nda&#8221; qanuna n\u00f6vb\u0259ti d\u0259yi\u015fiklikl\u0259rin s\u0259b\u0259bi m\u0259lum olub.<br \/>\n<b>ARANTV.AZ\u00a0<\/b>\u00a0x\u0259b\u0259r verir ki, Oxu.Az-\u0131n MM-d\u0259n \u0259ld\u0259 etdiyi m\u0259lumata g\u00f6r\u0259, parlamentin aprelin 23-d\u0259 ke\u00e7iril\u0259c\u0259k iclas\u0131n\u0131n g\u00fcnd\u0259liyin\u0259 sal\u0131nm\u0131\u015f &#8220;\u018fm\u0259k pensiyalar\u0131 haqq\u0131nda&#8221; qanuna d\u0259yi\u015fiklikl\u0259ri n\u0259z\u0259rd\u0259 tutan qanun layih\u0259si k\u0259\u015ffiyyat v\u0259 \u0259ks-k\u0259\u015ffiyyat subyektl\u0259rinin h\u0259rbi qulluq\u00e7ular\u0131n\u0131n pensiyas\u0131n\u0131n art\u0131r\u0131lmas\u0131 il\u0259 ba\u011fl\u0131d\u0131r.<\/p>\n<p>Qeyd ed\u0259k ki, bununla ba\u011fl\u0131 h\u0259m d\u0259 dig\u0259r bir qanuna &#8211; &#8220;K\u0259\u015ffiyyat v\u0259 \u0259ks-k\u0259\u015ffiyyat f\u0259aliyy\u0259ti haqq\u0131nda&#8221; qanuna d\u0259yi\u015fiklik edilm\u0259si n\u0259z\u0259rd\u0259 tutulur v\u0259 h\u0259min d\u0259yi\u015fiklikl\u0259r layih\u0259si d\u0259 23 aprel iclas\u0131n\u0131n g\u00fcnd\u0259liyin\u0259 daxil edilib.<\/p>\n<p>Xat\u0131rladaq ki, m\u00f6vcud qanunvericiliy\u0259 \u0259sas\u0259n, k\u0259\u015ffiyyat v\u0259 \u0259ks-k\u0259\u015ffiyyat subyektl\u0259rinin h\u0259rbi qulluq\u00e7ular\u0131n\u0131n pensiyas\u0131 onlar\u0131n xidm\u0259td\u0259n t\u0259rxis olunan g\u00fcn\u0259 ald\u0131qlar\u0131 pul t\u0259minat\u0131ndan hesablan\u0131r.<\/p>\n<p>Bel\u0259 ki, &#8220;\u018fm\u0259k pensiyalar\u0131 haqq\u0131nda&#8221; qanun 1.0.5-ci madd\u0259sind\u0259 pul t\u0259minat\u0131 dedikd\u0259 h\u0259rbi qulluq\u00e7ular\u0131n h\u0259rbi xidm\u0259td\u0259n burax\u0131ld\u0131\u011f\u0131 g\u00fcn\u0259 ald\u0131qlar\u0131 miqdarda (sonrak\u0131 art\u0131mlar da n\u0259z\u0259r\u0259 al\u0131nmaqla) ayl\u0131q v\u0259zif\u0259 maa\u015f\u0131ndan, r\u00fctb\u0259 maa\u015f\u0131ndan, xidm\u0259t ill\u0259rin\u0259 g\u00f6r\u0259 \u0259lav\u0259d\u0259n, \u0259rzaq pay\u0131 \u0259v\u0259zin\u0259 veril\u0259n pul kompensasiyas\u0131ndan, v\u0259zif\u0259 maa\u015f\u0131ndan hesablanan dig\u0259r \u0259lav\u0259l\u0259rd\u0259n (b\u00fcdc\u0259d\u0259nk\u0259nar v\u0259saitl\u0259r hesab\u0131na hesablanan \u0259lav\u0259l\u0259r v\u0259 dig\u0259r \u00f6d\u0259ni\u015fl\u0259r istisna olmaqla), art\u0131mlardan ibar\u0259t olan m\u0259bl\u0259\u011f ba\u015fa d\u00fc\u015f\u00fcl\u00fcr.<br \/>\nH\u0259m\u00e7inin, &#8220;K\u0259\u015ffiyyat v\u0259 \u0259ks-k\u0259\u015ffiyyat f\u0259aliyy\u0259ti haqq\u0131nda&#8221; qanunun 20.3-c\u00fc madd\u0259sin\u0259 m\u00fcvafiq olaraq k\u0259\u015ffiyyat v\u0259 \u0259ks-k\u0259\u015ffiyyat subyektl\u0259rinin h\u0259rbi qulluq\u00e7ular\u0131na pensiya t\u0259yin edil\u0259n zaman onlar\u0131n xidm\u0259td\u0259n t\u0259rxis olunan g\u00fcn\u0259 ald\u0131qlar\u0131 miqdarda b\u00fct\u00fcn n\u00f6v pul t\u0259minat\u0131 (\u0259rzaq pay\u0131 \u0259v\u0259zin\u0259 veril\u0259n pul kompensasiyas\u0131ndan ba\u015fqa, dig\u0259r n\u00f6v kompensasiya, bird\u0259f\u0259lik \u00f6d\u0259m\u0259l\u0259r v\u0259 m\u00fcavin\u0259tl\u0259r istisna olmaqla) n\u0259z\u0259r\u0259 al\u0131n\u0131r.<\/p>\n<p>Qeyd olunan \u015f\u0259xsl\u0259r xidm\u0259td\u0259n t\u0259rxis olunmazdan \u0259vv\u0259l s\u0259r\u0259ncama g\u00f6t\u00fcr\u00fcl\u00fcr, bir m\u00fcdd\u0259t s\u0259r\u0259ncamda qal\u0131r, daha sonra is\u0259 xidm\u0259td\u0259n t\u0259rxis olunurlar.<\/p>\n<p>Bel\u0259 olan halda onlar\u0131n pensiya hesablanan pul t\u0259minat\u0131n\u0131n m\u0259bl\u0259\u011fi a\u015fa\u011f\u0131 olur. Bel\u0259 ki, bu hallarda birba\u015fa xidm\u0259tl\u0259 \u0259laq\u0259dar b\u0259zi \u0259lav\u0259l\u0259r (m\u0259xfi s\u0259n\u0259dl\u0259rl\u0259 i\u015f, pe\u015f\u0259karl\u0131\u011fa, m\u00fch\u00fcm tap\u015f\u0131r\u0131qlara, xidm\u0259td\u0259 f\u0259rql\u0259nm\u0259y\u0259 g\u00f6r\u0259 \u0259lav\u0259l\u0259r) v\u0259 sonrak\u0131 art\u0131mlar pensiyada n\u0259z\u0259r\u0259 al\u0131nm\u0131r.<\/p>\n<p>Bu bax\u0131mdan t\u0259klif edilir ki, k\u0259\u015ffiyyat v\u0259 \u0259ks-k\u0259\u015ffiyyat subyektl\u0259rinin h\u0259rbi qulluq\u00e7ular\u0131 s\u0259r\u0259ncamdan t\u0259rxis olunark\u0259n onlar\u0131n pensiyas\u0131 s\u0259r\u0259ncama g\u00f6t\u00fcr\u00fcld\u00fcy\u00fc g\u00fcn\u0259 ald\u0131qlar\u0131 pul t\u0259minat\u0131ndan hesablans\u0131n.<\/p>\n","protected":false},"excerpt":{"rendered":"<p>&#8220;\u018fm\u0259k pensiyalar\u0131 haqq\u0131nda&#8221; qanuna n\u00f6vb\u0259ti d\u0259yi\u015fiklikl\u0259rin s\u0259b\u0259bi m\u0259lum olub. ARANTV.AZ\u00a0\u00a0x\u0259b\u0259r verir ki, Oxu.Az-\u0131n MM-d\u0259n \u0259ld\u0259 etdiyi m\u0259lumata g\u00f6r\u0259, parlamentin aprelin 23-d\u0259 ke\u00e7iril\u0259c\u0259k iclas\u0131n\u0131n g\u00fcnd\u0259liyin\u0259 sal\u0131nm\u0131\u015f &#8220;\u018fm\u0259k pensiyalar\u0131 haqq\u0131nda&#8221; qanuna d\u0259yi\u015fiklikl\u0259ri n\u0259z\u0259rd\u0259 tutan qanun layih\u0259si k\u0259\u015ffiyyat v\u0259 \u0259ks-k\u0259\u015ffiyyat subyektl\u0259rinin h\u0259rbi qulluq\u00e7ular\u0131n\u0131n pensiyas\u0131n\u0131n art\u0131r\u0131lmas\u0131 il\u0259 ba\u011fl\u0131d\u0131r. Qeyd ed\u0259k ki, bununla ba\u011fl\u0131 h\u0259m d\u0259 dig\u0259r bir qanuna &#8211; &#8220;K\u0259\u015ffiyyat v\u0259 \u0259ks-k\u0259\u015ffiyyat f\u0259aliyy\u0259ti haqq\u0131nda&#8221; qanuna d\u0259yi\u015fiklik edilm\u0259si n\u0259z\u0259rd\u0259 tutulur v\u0259 h\u0259min d\u0259yi\u015fiklikl\u0259r layih\u0259si d\u0259 23 aprel iclas\u0131n\u0131n g\u00fcnd\u0259liyin\u0259 daxil edilib. Xat\u0131rladaq ki, m\u00f6vcud qanunvericiliy\u0259 \u0259sas\u0259n, k\u0259\u015ffiyyat v\u0259 \u0259ks-k\u0259\u015ffiyyat subyektl\u0259rinin h\u0259rbi qulluq\u00e7ular\u0131n\u0131n pensiyas\u0131 onlar\u0131n xidm\u0259td\u0259n&hellip;<\/p>\n","protected":false},"author":2,"featured_media":51902,"comment_status":"closed","ping_status":"closed","sticky":false,"template":"","format":"standard","meta":{"om_disable_all_campaigns":false,"_monsterinsights_skip_tracking":false,"_monsterinsights_sitenote_active":false,"_monsterinsights_sitenote_note":"","_monsterinsights_sitenote_category":0},"categories":[1],"tags":[],"aioseo_notices":[],"gutentor_comment":0,"rttpg_featured_image_url":{"full":["https:\/\/arantv.az\/wp-content\/uploads\/2019\/04\/823596.jpg",549,344,false],"landscape":["https:\/\/arantv.az\/wp-content\/uploads\/2019\/04\/823596.jpg",549,344,false],"portraits":["https:\/\/arantv.az\/wp-content\/uploads\/2019\/04\/823596.jpg",549,344,false],"thumbnail":["https:\/\/arantv.az\/wp-content\/uploads\/2019\/04\/823596-150x150.jpg",150,150,true],"medium":["https:\/\/arantv.az\/wp-content\/uploads\/2019\/04\/823596-300x188.jpg",300,188,true],"large":["https:\/\/arantv.az\/wp-content\/uploads\/2019\/04\/823596.jpg",549,344,false],"1536x1536":["https:\/\/arantv.az\/wp-content\/uploads\/2019\/04\/823596.jpg",549,344,false],"2048x2048":["https:\/\/arantv.az\/wp-content\/uploads\/2019\/04\/823596.jpg",549,344,false],"post-thumbnail":["https:\/\/arantv.az\/wp-content\/uploads\/2019\/04\/823596-240x172.jpg",240,172,true],"advps-thumb-one":["https:\/\/arantv.az\/wp-content\/uploads\/2019\/04\/823596.jpg",549,344,false]},"rttpg_author":{"display_name":"V\u00fcsal Rafiqo\u011flu","author_link":"https:\/\/arantv.az\/?author=2"},"rttpg_comment":0,"rttpg_category":"<a href=\"https:\/\/arantv.az\/?cat=1\" rel=\"category\">C\u0259miyy\u0259t<\/a>","rttpg_excerpt":"&#8220;\u018fm\u0259k pensiyalar\u0131 haqq\u0131nda&#8221; qanuna n\u00f6vb\u0259ti d\u0259yi\u015fiklikl\u0259rin s\u0259b\u0259bi m\u0259lum olub. ARANTV.AZ\u00a0\u00a0x\u0259b\u0259r verir ki, Oxu.Az-\u0131n MM-d\u0259n \u0259ld\u0259 etdiyi m\u0259lumata g\u00f6r\u0259, parlamentin aprelin 23-d\u0259 ke\u00e7iril\u0259c\u0259k iclas\u0131n\u0131n g\u00fcnd\u0259liyin\u0259 sal\u0131nm\u0131\u015f &#8220;\u018fm\u0259k pensiyalar\u0131 haqq\u0131nda&#8221; qanuna d\u0259yi\u015fiklikl\u0259ri n\u0259z\u0259rd\u0259 tutan qanun layih\u0259si k\u0259\u015ffiyyat v\u0259 \u0259ks-k\u0259\u015ffiyyat subyektl\u0259rinin h\u0259rbi qulluq\u00e7ular\u0131n\u0131n pensiyas\u0131n\u0131n art\u0131r\u0131lmas\u0131 il\u0259 ba\u011fl\u0131d\u0131r. Qeyd ed\u0259k ki, bununla ba\u011fl\u0131 h\u0259m d\u0259 dig\u0259r bir qanuna &#8211;&hellip;","_links":{"self":[{"href":"https:\/\/arantv.az\/index.php?rest_route=\/wp\/v2\/posts\/51901"}],"collection":[{"href":"https:\/\/arantv.az\/index.php?rest_route=\/wp\/v2\/posts"}],"about":[{"href":"https:\/\/arantv.az\/index.php?rest_route=\/wp\/v2\/types\/post"}],"author":[{"embeddable":true,"href":"https:\/\/arantv.az\/index.php?rest_route=\/wp\/v2\/users\/2"}],"replies":[{"embeddable":true,"href":"https:\/\/arantv.az\/index.php?rest_route=%2Fwp%2Fv2%2Fcomments&post=51901"}],"version-history":[{"count":0,"href":"https:\/\/arantv.az\/index.php?rest_route=\/wp\/v2\/posts\/51901\/revisions"}],"wp:featuredmedia":[{"embeddable":true,"href":"https:\/\/arantv.az\/index.php?rest_route=\/wp\/v2\/media\/51902"}],"wp:attachment":[{"href":"https:\/\/arantv.az\/index.php?rest_route=%2Fwp%2Fv2%2Fmedia&parent=51901"}],"wp:term":[{"taxonomy":"category","embeddable":true,"href":"https:\/\/arantv.az\/index.php?rest_route=%2Fwp%2Fv2%2Fcategories&post=51901"},{"taxonomy":"post_tag","embeddable":true,"href":"https:\/\/arantv.az\/index.php?rest_route=%2Fwp%2Fv2%2Ftags&post=51901"}],"curies":[{"name":"wp","href":"https:\/\/api.w.org\/{rel}","templated":true}]}}