{"id":51904,"date":"2019-04-20T13:27:23","date_gmt":"2019-04-20T10:27:23","guid":{"rendered":"http:\/\/arantv.az\/?p=51904"},"modified":"2019-04-20T13:27:23","modified_gmt":"2019-04-20T10:27:23","slug":"zakir-h%c9%99s%c9%99nov-turkiy%c9%99y%c9%99-bassagligi-verdi","status":"publish","type":"post","link":"https:\/\/arantv.az\/?p=51904","title":{"rendered":"Zakir H\u0259s\u0259nov T\u00fcrkiy\u0259y\u0259 ba\u015fsa\u011fl\u0131\u011f\u0131 verdi"},"content":{"rendered":"<p>M\u00fcdafi\u0259 naziri, general-polkovnik Zakir H\u0259s\u0259nov T\u00fcrkiy\u0259 Respublikas\u0131n\u0131n Silahl\u0131 Q\u00fcvv\u0259l\u0259ri t\u0259r\u0259find\u0259n h\u0259yata ke\u00e7iril\u0259n terrorla m\u00fccadil\u0259 \u0259m\u0259liyyat\u0131nda h\u0259rbi qulluq\u00e7ular\u0131n h\u0259lak olmas\u0131 v\u0259 x\u0259sar\u0259t almas\u0131 il\u0259 \u0259laq\u0259dar t\u00fcrkiy\u0259li h\u0259mkar\u0131 Hulusi Akara v\u0259 Ba\u015f Q\u0259rargah r\u0259isi, ordu general\u0131 Ya\u015far G\u00fcler\u0259 ba\u015fsa\u011fl\u0131\u011f\u0131 \u00fcnvanlay\u0131b.<\/p>\n<p>Bununla ba\u011fl\u0131 M\u00fcdafi\u0259 Nazirliyi\u00a0<a href=\"https:\/\/mod.gov.az\/az\/news\/azerbaycan-respublikasinin-mudafie-naziri-turkiye-terefine-bassagligi-verib-26546.html?fbclid=IwAR28SFQA50rFS6CcidcEaMCH1LWZfimmDlmfzP5dfo_AQQCrLeEADSmKO1o\" target=\"_blank\" rel=\"noopener\">m\u0259lumat<\/a>\u00a0verib.<\/p>\n<p>Ba\u015fsa\u011fl\u0131\u011f\u0131nda bildirilir:<\/p>\n<p>\u201cQarda\u015f T\u00fcrkiy\u0259 Respublikas\u0131n\u0131n Silahl\u0131 Q\u00fcvv\u0259l\u0259ri t\u0259r\u0259find\u0259n u\u011furla h\u0259yata ke\u00e7iril\u0259n terrorla m\u00fccadil\u0259 \u0259m\u0259liyyat\u0131nda h\u0259rbi qulluq\u00e7ular\u0131n h\u0259lak olmas\u0131 v\u0259 x\u0259sar\u0259t almas\u0131 haqq\u0131nda x\u0259b\u0259r m\u0259ni d\u0259rind\u0259n k\u0259d\u0259rl\u0259ndirdi. Sizin ac\u0131n\u0131z bizim d\u0259 ac\u0131m\u0131zd\u0131r.<\/p>\n<p>Terrora qar\u015f\u0131 apar\u0131lan k\u0259skin m\u00fcbariz\u0259d\u0259 daima qarda\u015f T\u00fcrkiy\u0259 Silahl\u0131 Q\u00fcvv\u0259l\u0259rinin yan\u0131nday\u0131q v\u0259 var g\u00fcc\u00fcm\u00fczl\u0259 d\u0259st\u0259kl\u0259yirik.<\/p>\n<p>\u015e\u0259hidl\u0259rimiz\u0259 r\u0259hm\u0259t dil\u0259yir, onlar\u0131n yax\u0131nlar\u0131n\u0131n d\u0259rdl\u0259rin\u0259 \u015f\u0259rik olur, ail\u0259l\u0259rin\u0259 d\u0259rin h\u00fcznl\u0259 ba\u015fsa\u011fl\u0131\u011f\u0131 verir\u0259m. B\u00fct\u00fcn yaral\u0131lara Tanr\u0131dan \u015f\u0259fa dil\u0259yir\u0259m.<\/p>\n<p>Allah r\u0259hm\u0259t el\u0259sin\u201d.<\/p>\n","protected":false},"excerpt":{"rendered":"<p>M\u00fcdafi\u0259 naziri, general-polkovnik Zakir H\u0259s\u0259nov T\u00fcrkiy\u0259 Respublikas\u0131n\u0131n Silahl\u0131 Q\u00fcvv\u0259l\u0259ri t\u0259r\u0259find\u0259n h\u0259yata ke\u00e7iril\u0259n terrorla m\u00fccadil\u0259 \u0259m\u0259liyyat\u0131nda h\u0259rbi qulluq\u00e7ular\u0131n h\u0259lak olmas\u0131 v\u0259 x\u0259sar\u0259t almas\u0131 il\u0259 \u0259laq\u0259dar t\u00fcrkiy\u0259li h\u0259mkar\u0131 Hulusi Akara v\u0259 Ba\u015f Q\u0259rargah r\u0259isi, ordu general\u0131 Ya\u015far G\u00fcler\u0259 ba\u015fsa\u011fl\u0131\u011f\u0131 \u00fcnvanlay\u0131b. Bununla ba\u011fl\u0131 M\u00fcdafi\u0259 Nazirliyi\u00a0m\u0259lumat\u00a0verib. Ba\u015fsa\u011fl\u0131\u011f\u0131nda bildirilir: \u201cQarda\u015f T\u00fcrkiy\u0259 Respublikas\u0131n\u0131n Silahl\u0131 Q\u00fcvv\u0259l\u0259ri t\u0259r\u0259find\u0259n u\u011furla h\u0259yata ke\u00e7iril\u0259n terrorla m\u00fccadil\u0259 \u0259m\u0259liyyat\u0131nda h\u0259rbi qulluq\u00e7ular\u0131n h\u0259lak olmas\u0131 v\u0259 x\u0259sar\u0259t almas\u0131 haqq\u0131nda x\u0259b\u0259r m\u0259ni d\u0259rind\u0259n k\u0259d\u0259rl\u0259ndirdi. Sizin ac\u0131n\u0131z bizim d\u0259 ac\u0131m\u0131zd\u0131r. Terrora qar\u015f\u0131 apar\u0131lan k\u0259skin m\u00fcbariz\u0259d\u0259 daima qarda\u015f T\u00fcrkiy\u0259 Silahl\u0131 Q\u00fcvv\u0259l\u0259rinin yan\u0131nday\u0131q v\u0259 var g\u00fcc\u00fcm\u00fczl\u0259 d\u0259st\u0259kl\u0259yirik. \u015e\u0259hidl\u0259rimiz\u0259 r\u0259hm\u0259t&hellip;<\/p>\n","protected":false},"author":2,"featured_media":51905,"comment_status":"closed","ping_status":"closed","sticky":false,"template":"","format":"standard","meta":{"om_disable_all_campaigns":false,"_monsterinsights_skip_tracking":false,"_monsterinsights_sitenote_active":false,"_monsterinsights_sitenote_note":"","_monsterinsights_sitenote_category":0},"categories":[4],"tags":[],"aioseo_notices":[],"gutentor_comment":0,"rttpg_featured_image_url":{"full":["https:\/\/arantv.az\/wp-content\/uploads\/2019\/04\/zakir\u00c9_.jpg",620,387,false],"landscape":["https:\/\/arantv.az\/wp-content\/uploads\/2019\/04\/zakir\u00c9_.jpg",620,387,false],"portraits":["https:\/\/arantv.az\/wp-content\/uploads\/2019\/04\/zakir\u00c9_.jpg",620,387,false],"thumbnail":["https:\/\/arantv.az\/wp-content\/uploads\/2019\/04\/zakir\u00c9_-150x150.jpg",150,150,true],"medium":["https:\/\/arantv.az\/wp-content\/uploads\/2019\/04\/zakir\u00c9_-300x187.jpg",300,187,true],"large":["https:\/\/arantv.az\/wp-content\/uploads\/2019\/04\/zakir\u00c9_.jpg",620,387,false],"1536x1536":["https:\/\/arantv.az\/wp-content\/uploads\/2019\/04\/zakir\u00c9_.jpg",620,387,false],"2048x2048":["https:\/\/arantv.az\/wp-content\/uploads\/2019\/04\/zakir\u00c9_.jpg",620,387,false],"post-thumbnail":["https:\/\/arantv.az\/wp-content\/uploads\/2019\/04\/zakir\u00c9_-240x172.jpg",240,172,true],"advps-thumb-one":["https:\/\/arantv.az\/wp-content\/uploads\/2019\/04\/zakir\u00c9_.jpg",620,387,false]},"rttpg_author":{"display_name":"V\u00fcsal Rafiqo\u011flu","author_link":"https:\/\/arantv.az\/?author=2"},"rttpg_comment":0,"rttpg_category":"<a href=\"https:\/\/arantv.az\/?cat=4\" rel=\"category\">Siyas\u0259t<\/a>","rttpg_excerpt":"M\u00fcdafi\u0259 naziri, general-polkovnik Zakir H\u0259s\u0259nov T\u00fcrkiy\u0259 Respublikas\u0131n\u0131n Silahl\u0131 Q\u00fcvv\u0259l\u0259ri t\u0259r\u0259find\u0259n h\u0259yata ke\u00e7iril\u0259n terrorla m\u00fccadil\u0259 \u0259m\u0259liyyat\u0131nda h\u0259rbi qulluq\u00e7ular\u0131n h\u0259lak olmas\u0131 v\u0259 x\u0259sar\u0259t almas\u0131 il\u0259 \u0259laq\u0259dar t\u00fcrkiy\u0259li h\u0259mkar\u0131 Hulusi Akara v\u0259 Ba\u015f Q\u0259rargah r\u0259isi, ordu general\u0131 Ya\u015far G\u00fcler\u0259 ba\u015fsa\u011fl\u0131\u011f\u0131 \u00fcnvanlay\u0131b. Bununla ba\u011fl\u0131 M\u00fcdafi\u0259 Nazirliyi\u00a0m\u0259lumat\u00a0verib. Ba\u015fsa\u011fl\u0131\u011f\u0131nda bildirilir: \u201cQarda\u015f T\u00fcrkiy\u0259 Respublikas\u0131n\u0131n Silahl\u0131 Q\u00fcvv\u0259l\u0259ri t\u0259r\u0259find\u0259n u\u011furla h\u0259yata ke\u00e7iril\u0259n terrorla m\u00fccadil\u0259&hellip;","_links":{"self":[{"href":"https:\/\/arantv.az\/index.php?rest_route=\/wp\/v2\/posts\/51904"}],"collection":[{"href":"https:\/\/arantv.az\/index.php?rest_route=\/wp\/v2\/posts"}],"about":[{"href":"https:\/\/arantv.az\/index.php?rest_route=\/wp\/v2\/types\/post"}],"author":[{"embeddable":true,"href":"https:\/\/arantv.az\/index.php?rest_route=\/wp\/v2\/users\/2"}],"replies":[{"embeddable":true,"href":"https:\/\/arantv.az\/index.php?rest_route=%2Fwp%2Fv2%2Fcomments&post=51904"}],"version-history":[{"count":0,"href":"https:\/\/arantv.az\/index.php?rest_route=\/wp\/v2\/posts\/51904\/revisions"}],"wp:featuredmedia":[{"embeddable":true,"href":"https:\/\/arantv.az\/index.php?rest_route=\/wp\/v2\/media\/51905"}],"wp:attachment":[{"href":"https:\/\/arantv.az\/index.php?rest_route=%2Fwp%2Fv2%2Fmedia&parent=51904"}],"wp:term":[{"taxonomy":"category","embeddable":true,"href":"https:\/\/arantv.az\/index.php?rest_route=%2Fwp%2Fv2%2Fcategories&post=51904"},{"taxonomy":"post_tag","embeddable":true,"href":"https:\/\/arantv.az\/index.php?rest_route=%2Fwp%2Fv2%2Ftags&post=51904"}],"curies":[{"name":"wp","href":"https:\/\/api.w.org\/{rel}","templated":true}]}}