{"id":51913,"date":"2019-04-20T13:40:53","date_gmt":"2019-04-20T10:40:53","guid":{"rendered":"http:\/\/arantv.az\/?p=51913"},"modified":"2019-04-20T13:40:53","modified_gmt":"2019-04-20T10:40:53","slug":"rusiyada-isl%c9%99y%c9%99n-v%c9%99t%c9%99ndaslarimiza-sad-x%c9%99b%c9%99r","status":"publish","type":"post","link":"https:\/\/arantv.az\/?p=51913","title":{"rendered":"Rusiyada i\u015fl\u0259y\u0259n v\u0259t\u0259nda\u015flar\u0131m\u0131za \u015eAD X\u018fB\u018fR"},"content":{"rendered":"<p>&#8220;Az\u0259rbaycan Respublikas\u0131 v\u0259 Rusiya Federasiyas\u0131 aras\u0131nda pensiya t\u0259minat\u0131 sah\u0259sind\u0259 M\u00fcqavil\u0259&#8221; layih\u0259sinin haz\u0131rlanmas\u0131 i\u015fl\u0259ri davam edir. M\u0259qs\u0259d Rusiyada \u0259m\u0259k miqrantlar\u0131 kimi f\u0259aliyy\u0259t g\u00f6st\u0259r\u0259n Az\u0259baycan v\u0259t\u0259nda\u015flar\u0131n\u0131n g\u0259l\u0259c\u0259kd\u0259 pensiya v\u0259 sosial s\u0131\u011fortalanma \u00fczr\u0259 h\u00fcquqlar\u0131n\u0131n t\u0259min olunmas\u0131 \u00fc\u00e7\u00fcn h\u00fcquqi \u0259saslar\u0131n yarad\u0131lmas\u0131d\u0131r.<\/p>\n<p><strong>ARANTV.AZ\u00a0<\/strong> x\u0259b\u0259r verir ki, \u018fm\u0259k v\u0259 \u018fhalinin Sosial M\u00fcdafi\u0259si Nazirliyind\u0259n qaynarinfo-ya veril\u0259n m\u0259lumata g\u00f6r\u0259, layih\u0259nin haz\u0131rlanmas\u0131 il\u0259 \u0259laq\u0259dar Moskva \u015f\u0259h\u0259rind\u0259 \u018fm\u0259k v\u0259 \u018fhalinin Sosial M\u00fcdafi\u0259si Nazirliyinin n\u00fcmay\u0259nd\u0259l\u0259ri il\u0259 Rusiya Federasiyas\u0131 \u018fm\u0259k v\u0259 Sosial M\u00fcdafi\u0259 Nazirliyinin \u0259m\u0259kda\u015flar\u0131 aras\u0131nda ikinci ekspert g\u00f6r\u00fc\u015f\u00fc ke\u00e7irilib.<\/p>\n<div id=\"AdviadNativeVideo0\" class=\"AdviadNativeVideo\"><\/div>\n<p>G\u00f6r\u00fc\u015fd\u0259 s\u00f6z\u00fcged\u0259n s\u0259n\u0259din \u0259hat\u0259 dair\u0259si, t\u0259r\u0259fl\u0259rin \u0259razisind\u0259 \u00e7al\u0131\u015fan v\u0259t\u0259nda\u015flara m\u00fcnasib\u0259td\u0259 t\u0259tbiq olunacaq sosial s\u0131\u011forta rejimi m\u00fczakir\u0259 olunub. Eyni zamanda, bu \u0259sasda h\u0259min v\u0259t\u0259nda\u015flar\u0131n pensiya m\u0259bl\u0259\u011finin ilkin v\u0259 t\u0259krar hesablanmas\u0131, \u00f6d\u0259nilm\u0259si, \u00e7atd\u0131r\u0131lmas\u0131 qaydalar\u0131 v\u0259 mexanizml\u0259ri, bununla ba\u011fl\u0131 bir s\u0131ra dig\u0259r m\u0259s\u0259l\u0259l\u0259rl\u0259 ba\u011fl\u0131 m\u00fczakir\u0259l\u0259r apar\u0131l\u0131b.<\/p>\n","protected":false},"excerpt":{"rendered":"<p>&#8220;Az\u0259rbaycan Respublikas\u0131 v\u0259 Rusiya Federasiyas\u0131 aras\u0131nda pensiya t\u0259minat\u0131 sah\u0259sind\u0259 M\u00fcqavil\u0259&#8221; layih\u0259sinin haz\u0131rlanmas\u0131 i\u015fl\u0259ri davam edir. M\u0259qs\u0259d Rusiyada \u0259m\u0259k miqrantlar\u0131 kimi f\u0259aliyy\u0259t g\u00f6st\u0259r\u0259n Az\u0259baycan v\u0259t\u0259nda\u015flar\u0131n\u0131n g\u0259l\u0259c\u0259kd\u0259 pensiya v\u0259 sosial s\u0131\u011fortalanma \u00fczr\u0259 h\u00fcquqlar\u0131n\u0131n t\u0259min olunmas\u0131 \u00fc\u00e7\u00fcn h\u00fcquqi \u0259saslar\u0131n yarad\u0131lmas\u0131d\u0131r. ARANTV.AZ\u00a0 x\u0259b\u0259r verir ki, \u018fm\u0259k v\u0259 \u018fhalinin Sosial M\u00fcdafi\u0259si Nazirliyind\u0259n qaynarinfo-ya veril\u0259n m\u0259lumata g\u00f6r\u0259, layih\u0259nin haz\u0131rlanmas\u0131 il\u0259 \u0259laq\u0259dar Moskva \u015f\u0259h\u0259rind\u0259 \u018fm\u0259k v\u0259 \u018fhalinin Sosial M\u00fcdafi\u0259si Nazirliyinin n\u00fcmay\u0259nd\u0259l\u0259ri il\u0259 Rusiya Federasiyas\u0131 \u018fm\u0259k v\u0259 Sosial M\u00fcdafi\u0259 Nazirliyinin \u0259m\u0259kda\u015flar\u0131 aras\u0131nda ikinci ekspert g\u00f6r\u00fc\u015f\u00fc ke\u00e7irilib. G\u00f6r\u00fc\u015fd\u0259 s\u00f6z\u00fcged\u0259n s\u0259n\u0259din \u0259hat\u0259 dair\u0259si, t\u0259r\u0259fl\u0259rin \u0259razisind\u0259 \u00e7al\u0131\u015fan v\u0259t\u0259nda\u015flara m\u00fcnasib\u0259td\u0259 t\u0259tbiq olunacaq&hellip;<\/p>\n","protected":false},"author":2,"featured_media":51914,"comment_status":"closed","ping_status":"closed","sticky":false,"template":"","format":"standard","meta":{"om_disable_all_campaigns":false,"_monsterinsights_skip_tracking":false,"_monsterinsights_sitenote_active":false,"_monsterinsights_sitenote_note":"","_monsterinsights_sitenote_category":0},"categories":[1],"tags":[],"aioseo_notices":[],"gutentor_comment":0,"rttpg_featured_image_url":{"full":["https:\/\/arantv.az\/wp-content\/uploads\/2019\/04\/small_big_748475.jpg",270,180,false],"landscape":["https:\/\/arantv.az\/wp-content\/uploads\/2019\/04\/small_big_748475.jpg",270,180,false],"portraits":["https:\/\/arantv.az\/wp-content\/uploads\/2019\/04\/small_big_748475.jpg",270,180,false],"thumbnail":["https:\/\/arantv.az\/wp-content\/uploads\/2019\/04\/small_big_748475-150x150.jpg",150,150,true],"medium":["https:\/\/arantv.az\/wp-content\/uploads\/2019\/04\/small_big_748475.jpg",270,180,false],"large":["https:\/\/arantv.az\/wp-content\/uploads\/2019\/04\/small_big_748475.jpg",270,180,false],"1536x1536":["https:\/\/arantv.az\/wp-content\/uploads\/2019\/04\/small_big_748475.jpg",270,180,false],"2048x2048":["https:\/\/arantv.az\/wp-content\/uploads\/2019\/04\/small_big_748475.jpg",270,180,false],"post-thumbnail":["https:\/\/arantv.az\/wp-content\/uploads\/2019\/04\/small_big_748475-240x172.jpg",240,172,true],"advps-thumb-one":["https:\/\/arantv.az\/wp-content\/uploads\/2019\/04\/small_big_748475.jpg",270,180,false]},"rttpg_author":{"display_name":"V\u00fcsal Rafiqo\u011flu","author_link":"https:\/\/arantv.az\/?author=2"},"rttpg_comment":0,"rttpg_category":"<a href=\"https:\/\/arantv.az\/?cat=1\" rel=\"category\">C\u0259miyy\u0259t<\/a>","rttpg_excerpt":"&#8220;Az\u0259rbaycan Respublikas\u0131 v\u0259 Rusiya Federasiyas\u0131 aras\u0131nda pensiya t\u0259minat\u0131 sah\u0259sind\u0259 M\u00fcqavil\u0259&#8221; layih\u0259sinin haz\u0131rlanmas\u0131 i\u015fl\u0259ri davam edir. M\u0259qs\u0259d Rusiyada \u0259m\u0259k miqrantlar\u0131 kimi f\u0259aliyy\u0259t g\u00f6st\u0259r\u0259n Az\u0259baycan v\u0259t\u0259nda\u015flar\u0131n\u0131n g\u0259l\u0259c\u0259kd\u0259 pensiya v\u0259 sosial s\u0131\u011fortalanma \u00fczr\u0259 h\u00fcquqlar\u0131n\u0131n t\u0259min olunmas\u0131 \u00fc\u00e7\u00fcn h\u00fcquqi \u0259saslar\u0131n yarad\u0131lmas\u0131d\u0131r. ARANTV.AZ\u00a0 x\u0259b\u0259r verir ki, \u018fm\u0259k v\u0259 \u018fhalinin Sosial M\u00fcdafi\u0259si Nazirliyind\u0259n qaynarinfo-ya veril\u0259n m\u0259lumata g\u00f6r\u0259, layih\u0259nin haz\u0131rlanmas\u0131 il\u0259 \u0259laq\u0259dar&hellip;","_links":{"self":[{"href":"https:\/\/arantv.az\/index.php?rest_route=\/wp\/v2\/posts\/51913"}],"collection":[{"href":"https:\/\/arantv.az\/index.php?rest_route=\/wp\/v2\/posts"}],"about":[{"href":"https:\/\/arantv.az\/index.php?rest_route=\/wp\/v2\/types\/post"}],"author":[{"embeddable":true,"href":"https:\/\/arantv.az\/index.php?rest_route=\/wp\/v2\/users\/2"}],"replies":[{"embeddable":true,"href":"https:\/\/arantv.az\/index.php?rest_route=%2Fwp%2Fv2%2Fcomments&post=51913"}],"version-history":[{"count":0,"href":"https:\/\/arantv.az\/index.php?rest_route=\/wp\/v2\/posts\/51913\/revisions"}],"wp:featuredmedia":[{"embeddable":true,"href":"https:\/\/arantv.az\/index.php?rest_route=\/wp\/v2\/media\/51914"}],"wp:attachment":[{"href":"https:\/\/arantv.az\/index.php?rest_route=%2Fwp%2Fv2%2Fmedia&parent=51913"}],"wp:term":[{"taxonomy":"category","embeddable":true,"href":"https:\/\/arantv.az\/index.php?rest_route=%2Fwp%2Fv2%2Fcategories&post=51913"},{"taxonomy":"post_tag","embeddable":true,"href":"https:\/\/arantv.az\/index.php?rest_route=%2Fwp%2Fv2%2Ftags&post=51913"}],"curies":[{"name":"wp","href":"https:\/\/api.w.org\/{rel}","templated":true}]}}