{"id":51936,"date":"2019-04-20T14:04:04","date_gmt":"2019-04-20T11:04:04","guid":{"rendered":"http:\/\/arantv.az\/?p=51936"},"modified":"2019-04-20T14:04:04","modified_gmt":"2019-04-20T11:04:04","slug":"novb%c9%99ti-gorusunu-s%c9%99birsizlikl%c9%99-gozl%c9%99yir%c9%99m","status":"publish","type":"post","link":"https:\/\/arantv.az\/?p=51936","title":{"rendered":"&#8220;N\u00f6vb\u0259ti g\u00f6r\u00fc\u015f\u00fcn\u00fc s\u0259birsizlikl\u0259 g\u00f6zl\u0259yir\u0259m&#8221;"},"content":{"rendered":"<p><strong>&#8220;M\u0259n Az\u0259rbaycan v\u0259 Erm\u0259nistan xarici i\u015fl\u0259r nazirl\u0259rinin Va\u015finqtonda ke\u00e7iril\u0259c\u0259k n\u00f6vb\u0259ti g\u00f6r\u00fc\u015f\u00fcn\u00fc s\u0259birsizlikl\u0259 g\u00f6zl\u0259yir\u0259m&#8221;.<\/strong><\/p>\n<p><strong>ARANTV.AZ\u00a0<\/strong>Trend-\u0259 istinad\u0259n x\u0259b\u0259r verir ki,\u00a0 bunu AB\u015e-\u0131n Az\u0259rbaycandak\u0131 s\u0259firi \u00d6rl Litzenberger Bak\u0131da &#8220;Alumni Fair&#8221; t\u0259hsil s\u0259rgisi zaman\u0131 deyib.<\/p>\n<p>Qeyd ed\u0259k ki, AB\u015e Az\u0259rbaycan v\u0259 Erm\u0259nistan Xarici \u0130\u015fl\u0259r Nazirliyi (X\u0130N) r\u0259hb\u0259rl\u0259rinin Da\u011fl\u0131q Qaraba\u011f m\u00fcnaqi\u015f\u0259sinin nizamlanmas\u0131 \u00fczr\u0259 n\u00f6vb\u0259ti g\u00f6r\u00fc\u015f\u00fcn\u00fc Va\u015finqtonda ke\u00e7irm\u0259yi t\u0259klif edib.<\/p>\n","protected":false},"excerpt":{"rendered":"<p>&#8220;M\u0259n Az\u0259rbaycan v\u0259 Erm\u0259nistan xarici i\u015fl\u0259r nazirl\u0259rinin Va\u015finqtonda ke\u00e7iril\u0259c\u0259k n\u00f6vb\u0259ti g\u00f6r\u00fc\u015f\u00fcn\u00fc s\u0259birsizlikl\u0259 g\u00f6zl\u0259yir\u0259m&#8221;. ARANTV.AZ\u00a0Trend-\u0259 istinad\u0259n x\u0259b\u0259r verir ki,\u00a0 bunu AB\u015e-\u0131n Az\u0259rbaycandak\u0131 s\u0259firi \u00d6rl Litzenberger Bak\u0131da &#8220;Alumni Fair&#8221; t\u0259hsil s\u0259rgisi zaman\u0131 deyib. Qeyd ed\u0259k ki, AB\u015e Az\u0259rbaycan v\u0259 Erm\u0259nistan Xarici \u0130\u015fl\u0259r Nazirliyi (X\u0130N) r\u0259hb\u0259rl\u0259rinin Da\u011fl\u0131q Qaraba\u011f m\u00fcnaqi\u015f\u0259sinin nizamlanmas\u0131 \u00fczr\u0259 n\u00f6vb\u0259ti g\u00f6r\u00fc\u015f\u00fcn\u00fc Va\u015finqtonda ke\u00e7irm\u0259yi t\u0259klif edib.<\/p>\n","protected":false},"author":2,"featured_media":51937,"comment_status":"closed","ping_status":"closed","sticky":false,"template":"","format":"standard","meta":{"om_disable_all_campaigns":false,"_monsterinsights_skip_tracking":false,"_monsterinsights_sitenote_active":false,"_monsterinsights_sitenote_note":"","_monsterinsights_sitenote_category":0},"categories":[4],"tags":[],"aioseo_notices":[],"gutentor_comment":0,"rttpg_featured_image_url":{"full":["https:\/\/arantv.az\/wp-content\/uploads\/2019\/04\/1555755362.ssssssssssssss.jpg",600,400,false],"landscape":["https:\/\/arantv.az\/wp-content\/uploads\/2019\/04\/1555755362.ssssssssssssss.jpg",600,400,false],"portraits":["https:\/\/arantv.az\/wp-content\/uploads\/2019\/04\/1555755362.ssssssssssssss.jpg",600,400,false],"thumbnail":["https:\/\/arantv.az\/wp-content\/uploads\/2019\/04\/1555755362.ssssssssssssss-150x150.jpg",150,150,true],"medium":["https:\/\/arantv.az\/wp-content\/uploads\/2019\/04\/1555755362.ssssssssssssss-300x200.jpg",300,200,true],"large":["https:\/\/arantv.az\/wp-content\/uploads\/2019\/04\/1555755362.ssssssssssssss.jpg",600,400,false],"1536x1536":["https:\/\/arantv.az\/wp-content\/uploads\/2019\/04\/1555755362.ssssssssssssss.jpg",600,400,false],"2048x2048":["https:\/\/arantv.az\/wp-content\/uploads\/2019\/04\/1555755362.ssssssssssssss.jpg",600,400,false],"post-thumbnail":["https:\/\/arantv.az\/wp-content\/uploads\/2019\/04\/1555755362.ssssssssssssss-240x172.jpg",240,172,true],"advps-thumb-one":["https:\/\/arantv.az\/wp-content\/uploads\/2019\/04\/1555755362.ssssssssssssss.jpg",600,400,false]},"rttpg_author":{"display_name":"V\u00fcsal Rafiqo\u011flu","author_link":"https:\/\/arantv.az\/?author=2"},"rttpg_comment":0,"rttpg_category":"<a href=\"https:\/\/arantv.az\/?cat=4\" rel=\"category\">Siyas\u0259t<\/a>","rttpg_excerpt":"&#8220;M\u0259n Az\u0259rbaycan v\u0259 Erm\u0259nistan xarici i\u015fl\u0259r nazirl\u0259rinin Va\u015finqtonda ke\u00e7iril\u0259c\u0259k n\u00f6vb\u0259ti g\u00f6r\u00fc\u015f\u00fcn\u00fc s\u0259birsizlikl\u0259 g\u00f6zl\u0259yir\u0259m&#8221;. ARANTV.AZ\u00a0Trend-\u0259 istinad\u0259n x\u0259b\u0259r verir ki,\u00a0 bunu AB\u015e-\u0131n Az\u0259rbaycandak\u0131 s\u0259firi \u00d6rl Litzenberger Bak\u0131da &#8220;Alumni Fair&#8221; t\u0259hsil s\u0259rgisi zaman\u0131 deyib. Qeyd ed\u0259k ki, AB\u015e Az\u0259rbaycan v\u0259 Erm\u0259nistan Xarici \u0130\u015fl\u0259r Nazirliyi (X\u0130N) r\u0259hb\u0259rl\u0259rinin Da\u011fl\u0131q Qaraba\u011f m\u00fcnaqi\u015f\u0259sinin nizamlanmas\u0131 \u00fczr\u0259 n\u00f6vb\u0259ti g\u00f6r\u00fc\u015f\u00fcn\u00fc Va\u015finqtonda ke\u00e7irm\u0259yi t\u0259klif edib.","_links":{"self":[{"href":"https:\/\/arantv.az\/index.php?rest_route=\/wp\/v2\/posts\/51936"}],"collection":[{"href":"https:\/\/arantv.az\/index.php?rest_route=\/wp\/v2\/posts"}],"about":[{"href":"https:\/\/arantv.az\/index.php?rest_route=\/wp\/v2\/types\/post"}],"author":[{"embeddable":true,"href":"https:\/\/arantv.az\/index.php?rest_route=\/wp\/v2\/users\/2"}],"replies":[{"embeddable":true,"href":"https:\/\/arantv.az\/index.php?rest_route=%2Fwp%2Fv2%2Fcomments&post=51936"}],"version-history":[{"count":0,"href":"https:\/\/arantv.az\/index.php?rest_route=\/wp\/v2\/posts\/51936\/revisions"}],"wp:featuredmedia":[{"embeddable":true,"href":"https:\/\/arantv.az\/index.php?rest_route=\/wp\/v2\/media\/51937"}],"wp:attachment":[{"href":"https:\/\/arantv.az\/index.php?rest_route=%2Fwp%2Fv2%2Fmedia&parent=51936"}],"wp:term":[{"taxonomy":"category","embeddable":true,"href":"https:\/\/arantv.az\/index.php?rest_route=%2Fwp%2Fv2%2Fcategories&post=51936"},{"taxonomy":"post_tag","embeddable":true,"href":"https:\/\/arantv.az\/index.php?rest_route=%2Fwp%2Fv2%2Ftags&post=51936"}],"curies":[{"name":"wp","href":"https:\/\/api.w.org\/{rel}","templated":true}]}}