{"id":51945,"date":"2019-04-20T14:36:29","date_gmt":"2019-04-20T11:36:29","guid":{"rendered":"http:\/\/arantv.az\/?p=51945"},"modified":"2019-04-20T14:36:29","modified_gmt":"2019-04-20T11:36:29","slug":"k%c9%99nd-h%c9%99kiml%c9%99ri-kommunal-x%c9%99rcl%c9%99rd%c9%99n-azad-oluna-bil%c9%99r","status":"publish","type":"post","link":"https:\/\/arantv.az\/?p=51945","title":{"rendered":"K\u0259nd h\u0259kiml\u0259ri kommunal x\u0259rcl\u0259rd\u0259n azad oluna bil\u0259r"},"content":{"rendered":"<p>&#8220;Rayonlarda, ucqar k\u0259ndl\u0259rd\u0259 h\u0259kiml\u0259rin i\u015fl\u0259m\u0259si \u00fc\u00e7\u00fcn stimulla\u015fd\u0131r\u0131c\u0131 t\u0259dbirl\u0259rin t\u0259tbiq olunmas\u0131 il\u0259 ba\u011fl\u0131 yenid\u0259n m\u0259s\u0259l\u0259 qald\u0131r\u0131l\u0131b&#8221;<\/p>\n<p><strong>ARANTV.AZ<\/strong> x\u0259b\u0259r verir ki, bu bar\u0259d\u0259 a\u00e7\u0131qlamas\u0131nda s\u0259hiyy\u0259 nazirinin m\u00fcavini Elsev\u0259r A\u011fayev bildirib. Nazir m\u00fcavini deyib ki, stimulla\u015fd\u0131r\u0131c\u0131 t\u0259dbirl\u0259r ucqar k\u0259ndl\u0259rd\u0259, rayonlarda h\u0259kiml\u0259rin i\u015fl\u0259m\u0259si \u00fc\u00e7\u00fcn vacibdir.<\/p>\n<div id=\"AdviadNativeVideo0\" class=\"AdviadNativeVideo\"><\/div>\n<p>&#8220;B\u00f6lg\u0259l\u0259rd\u0259 i\u015fl\u0259y\u0259n h\u0259kiml\u0259r\u0259 stimulla\u015fd\u0131r\u0131c\u0131 t\u0259dbirl\u0259rin t\u0259tbiq edilm\u0259si il\u0259 ba\u011fl\u0131 d\u0259f\u0259l\u0259rl\u0259 m\u0259s\u0259l\u0259 qald\u0131r\u0131l\u0131b. Bundan \u0259vv\u0259l bir ne\u00e7\u0259 illik proqram m\u00f6vcud idi. Yen\u0259 m\u0259s\u0259l\u0259 qald\u0131r\u0131l\u0131b. Y\u0259qin ki, bax\u0131lacaq. H\u0259kiml\u0259r \u00fc\u00e7\u00fcn stimulla\u015fd\u0131r\u0131c\u0131 t\u0259dbirl\u0259r olmal\u0131d\u0131r ki, onlar\u0131n rayonlarda, ucqar k\u0259ndl\u0259rd\u0259 i\u015fl\u0259m\u0259y\u0259 mara\u011f\u0131 olsun. Bu, bir ne\u00e7\u0259 istiqam\u0259td\u0259 ola bil\u0259r: \u0259m\u0259k haqq\u0131n\u0131n art\u0131r\u0131lmas\u0131, kommunal xidm\u0259tl\u0259rd\u0259n azad olunma v\u0259 s. Ba\u015fqa \u00f6lk\u0259l\u0259rd\u0259 bu c\u00fcr t\u0259cr\u00fcb\u0259 m\u00f6vcuddur&#8221;.<\/p>\n<p>E.A\u011fayev qeyd edib ki, rayonlarda, ucqar k\u0259ndl\u0259rd\u0259 h\u0259kim \u00e7at\u0131\u015fmazl\u0131\u011f\u0131 h\u0259mi\u015f\u0259 olub v\u0259 bu g\u00fcn d\u0259 var: &#8220;Haz\u0131rda\u00a0<a class=\"kw-link\" title=\"Az\u0259rbaycan x\u0259b\u0259rl\u0259ri\" href=\"https:\/\/metbuat.az\/news\/search?q=az%C9%99rbaycan\" target=\"_blank\" rel=\"noopener\">Az\u0259rbaycan<\/a>da h\u0259kim v\u0259 orta tibb i\u015f\u00e7il\u0259rinin say\u0131 d\u00fcnya statistikas\u0131na uy\u011fundur. Bel\u0259 ki, 10 min \u0259haliy\u0259 d\u00fc\u015f\u0259n h\u0259kiml\u0259rin say\u0131 34 r\u0259q\u0259mi il\u0259 \u00f6l\u00e7\u00fcl\u00fcr ki, bu da d\u00fcnyan\u0131n apar\u0131c\u0131 \u00f6lk\u0259l\u0259rind\u0259 d\u0259 bel\u0259dir&#8221;.<\/p>\n<p><img src=\"https:\/\/azvision.az\/photos\/2019\/04\/Elsev-1555739844.jpg\" \/><\/p>\n<div id=\"fb-root\" class=\" fb_reset\">\n<div>\n<div><\/div>\n<\/div>\n<\/div>\n<div class=\"fb-like fb_iframe_widget\" data-href=\"\/news\/1171014\/kend-hekimleri-kommunal-xerclerden-azad.html\" data-show_faces=\"false\" data-layout=\"button_count\">metbuat.az<\/div>\n","protected":false},"excerpt":{"rendered":"<p>&#8220;Rayonlarda, ucqar k\u0259ndl\u0259rd\u0259 h\u0259kiml\u0259rin i\u015fl\u0259m\u0259si \u00fc\u00e7\u00fcn stimulla\u015fd\u0131r\u0131c\u0131 t\u0259dbirl\u0259rin t\u0259tbiq olunmas\u0131 il\u0259 ba\u011fl\u0131 yenid\u0259n m\u0259s\u0259l\u0259 qald\u0131r\u0131l\u0131b&#8221; ARANTV.AZ x\u0259b\u0259r verir ki, bu bar\u0259d\u0259 a\u00e7\u0131qlamas\u0131nda s\u0259hiyy\u0259 nazirinin m\u00fcavini Elsev\u0259r A\u011fayev bildirib. Nazir m\u00fcavini deyib ki, stimulla\u015fd\u0131r\u0131c\u0131 t\u0259dbirl\u0259r ucqar k\u0259ndl\u0259rd\u0259, rayonlarda h\u0259kiml\u0259rin i\u015fl\u0259m\u0259si \u00fc\u00e7\u00fcn vacibdir. &#8220;B\u00f6lg\u0259l\u0259rd\u0259 i\u015fl\u0259y\u0259n h\u0259kiml\u0259r\u0259 stimulla\u015fd\u0131r\u0131c\u0131 t\u0259dbirl\u0259rin t\u0259tbiq edilm\u0259si il\u0259 ba\u011fl\u0131 d\u0259f\u0259l\u0259rl\u0259 m\u0259s\u0259l\u0259 qald\u0131r\u0131l\u0131b. Bundan \u0259vv\u0259l bir ne\u00e7\u0259 illik proqram m\u00f6vcud idi. Yen\u0259 m\u0259s\u0259l\u0259 qald\u0131r\u0131l\u0131b. Y\u0259qin ki, bax\u0131lacaq. H\u0259kiml\u0259r \u00fc\u00e7\u00fcn stimulla\u015fd\u0131r\u0131c\u0131 t\u0259dbirl\u0259r olmal\u0131d\u0131r ki, onlar\u0131n rayonlarda, ucqar k\u0259ndl\u0259rd\u0259 i\u015fl\u0259m\u0259y\u0259 mara\u011f\u0131 olsun. Bu, bir ne\u00e7\u0259 istiqam\u0259td\u0259 ola bil\u0259r: \u0259m\u0259k haqq\u0131n\u0131n art\u0131r\u0131lmas\u0131, kommunal&hellip;<\/p>\n","protected":false},"author":2,"featured_media":51946,"comment_status":"closed","ping_status":"closed","sticky":false,"template":"","format":"standard","meta":{"om_disable_all_campaigns":false,"_monsterinsights_skip_tracking":false,"_monsterinsights_sitenote_active":false,"_monsterinsights_sitenote_note":"","_monsterinsights_sitenote_category":0},"categories":[1],"tags":[],"aioseo_notices":[],"gutentor_comment":0,"rttpg_featured_image_url":{"full":["https:\/\/arantv.az\/wp-content\/uploads\/2019\/04\/1171014.jpg",734,432,false],"landscape":["https:\/\/arantv.az\/wp-content\/uploads\/2019\/04\/1171014.jpg",734,432,false],"portraits":["https:\/\/arantv.az\/wp-content\/uploads\/2019\/04\/1171014.jpg",734,432,false],"thumbnail":["https:\/\/arantv.az\/wp-content\/uploads\/2019\/04\/1171014-150x150.jpg",150,150,true],"medium":["https:\/\/arantv.az\/wp-content\/uploads\/2019\/04\/1171014-300x177.jpg",300,177,true],"large":["https:\/\/arantv.az\/wp-content\/uploads\/2019\/04\/1171014.jpg",640,377,false],"1536x1536":["https:\/\/arantv.az\/wp-content\/uploads\/2019\/04\/1171014.jpg",734,432,false],"2048x2048":["https:\/\/arantv.az\/wp-content\/uploads\/2019\/04\/1171014.jpg",734,432,false],"post-thumbnail":["https:\/\/arantv.az\/wp-content\/uploads\/2019\/04\/1171014-240x172.jpg",240,172,true],"advps-thumb-one":["https:\/\/arantv.az\/wp-content\/uploads\/2019\/04\/1171014.jpg",734,432,false]},"rttpg_author":{"display_name":"V\u00fcsal Rafiqo\u011flu","author_link":"https:\/\/arantv.az\/?author=2"},"rttpg_comment":0,"rttpg_category":"<a href=\"https:\/\/arantv.az\/?cat=1\" rel=\"category\">C\u0259miyy\u0259t<\/a>","rttpg_excerpt":"&#8220;Rayonlarda, ucqar k\u0259ndl\u0259rd\u0259 h\u0259kiml\u0259rin i\u015fl\u0259m\u0259si \u00fc\u00e7\u00fcn stimulla\u015fd\u0131r\u0131c\u0131 t\u0259dbirl\u0259rin t\u0259tbiq olunmas\u0131 il\u0259 ba\u011fl\u0131 yenid\u0259n m\u0259s\u0259l\u0259 qald\u0131r\u0131l\u0131b&#8221; ARANTV.AZ x\u0259b\u0259r verir ki, bu bar\u0259d\u0259 a\u00e7\u0131qlamas\u0131nda s\u0259hiyy\u0259 nazirinin m\u00fcavini Elsev\u0259r A\u011fayev bildirib. Nazir m\u00fcavini deyib ki, stimulla\u015fd\u0131r\u0131c\u0131 t\u0259dbirl\u0259r ucqar k\u0259ndl\u0259rd\u0259, rayonlarda h\u0259kiml\u0259rin i\u015fl\u0259m\u0259si \u00fc\u00e7\u00fcn vacibdir. &#8220;B\u00f6lg\u0259l\u0259rd\u0259 i\u015fl\u0259y\u0259n h\u0259kiml\u0259r\u0259 stimulla\u015fd\u0131r\u0131c\u0131 t\u0259dbirl\u0259rin t\u0259tbiq edilm\u0259si il\u0259 ba\u011fl\u0131 d\u0259f\u0259l\u0259rl\u0259 m\u0259s\u0259l\u0259 qald\u0131r\u0131l\u0131b. Bundan \u0259vv\u0259l&hellip;","_links":{"self":[{"href":"https:\/\/arantv.az\/index.php?rest_route=\/wp\/v2\/posts\/51945"}],"collection":[{"href":"https:\/\/arantv.az\/index.php?rest_route=\/wp\/v2\/posts"}],"about":[{"href":"https:\/\/arantv.az\/index.php?rest_route=\/wp\/v2\/types\/post"}],"author":[{"embeddable":true,"href":"https:\/\/arantv.az\/index.php?rest_route=\/wp\/v2\/users\/2"}],"replies":[{"embeddable":true,"href":"https:\/\/arantv.az\/index.php?rest_route=%2Fwp%2Fv2%2Fcomments&post=51945"}],"version-history":[{"count":0,"href":"https:\/\/arantv.az\/index.php?rest_route=\/wp\/v2\/posts\/51945\/revisions"}],"wp:featuredmedia":[{"embeddable":true,"href":"https:\/\/arantv.az\/index.php?rest_route=\/wp\/v2\/media\/51946"}],"wp:attachment":[{"href":"https:\/\/arantv.az\/index.php?rest_route=%2Fwp%2Fv2%2Fmedia&parent=51945"}],"wp:term":[{"taxonomy":"category","embeddable":true,"href":"https:\/\/arantv.az\/index.php?rest_route=%2Fwp%2Fv2%2Fcategories&post=51945"},{"taxonomy":"post_tag","embeddable":true,"href":"https:\/\/arantv.az\/index.php?rest_route=%2Fwp%2Fv2%2Ftags&post=51945"}],"curies":[{"name":"wp","href":"https:\/\/api.w.org\/{rel}","templated":true}]}}