{"id":51979,"date":"2019-04-20T15:11:05","date_gmt":"2019-04-20T12:11:05","guid":{"rendered":"http:\/\/arantv.az\/?p=51979"},"modified":"2019-04-20T15:11:05","modified_gmt":"2019-04-20T12:11:05","slug":"turkiy%c9%99-ordusu-dord-s%c9%99hid-verdi","status":"publish","type":"post","link":"https:\/\/arantv.az\/?p=51979","title":{"rendered":"T\u00fcrkiy\u0259 ordusu d\u00f6rd \u015f\u0259hid verdi"},"content":{"rendered":"<p>T\u00fcrkiy\u0259-\u0130raq s\u0259rh\u0259dind\u0259 PKK terror qrupla\u015fmas\u0131n\u0131n \u00fczvl\u0259rin\u0259 qar\u015f\u0131 ke\u00e7iril\u0259n \u0259m\u0259liyyat zaman\u0131 T\u00fcrkiy\u0259 Silahl\u0131 Q\u00fcvv\u0259l\u0259rinin d\u00f6rd h\u0259rbi qulluq\u00e7usu \u015f\u0259hid olub.<\/p>\n<p>Bu bar\u0259d\u0259\u00a0<a href=\"https:\/\/www.aa.com.tr\/ru\/%D1%82%D1%83%D1%80%D1%86%D0%B8%D1%8F\/%D0%BE%D1%82-%D1%80%D1%83%D0%BA-%D1%82%D0%B5%D1%80%D1%80%D0%BE%D1%80%D0%B8%D1%81%D1%82%D0%BE%D0%B2-%D1%80%D0%BA%D0%BA-%D0%BF%D0%BE%D0%B3%D0%B8%D0%B1%D0%BB%D0%B8-4-%D1%82%D1%83%D1%80%D0%B5%D1%86%D0%BA%D0%B8%D1%85-%D0%B2%D0%BE%D0%B5%D0%BD%D0%BD%D1%8B%D1%85-\/1458056\" target=\"_blank\" rel=\"noopener\">\u201cAnadolu\u201d<\/a>\u00a0agentliyi T\u00fcrkiy\u0259 Milli M\u00fcdafi\u0259 Nazirliyin\u0259 istinad\u0259n m\u0259lumat yay\u0131b.<\/p>\n<p>Bildirilir ki, x\u00fcsusi \u0259m\u0259liyyat zaman\u0131 PKK yaraql\u0131lar\u0131 il\u0259 T\u00fcrkiy\u0259 h\u0259rb\u00e7il\u0259ri aras\u0131nda at\u0131\u015fma ba\u015f verib.<\/p>\n<p>\u0130ki t\u00fcrkiy\u0259li h\u0259rbi qulluq\u00e7u d\u00f6y\u00fc\u015fl\u0259r zaman\u0131 h\u0259lak olub, daha ikisi is\u0259 x\u0259st\u0259xanada d\u00fcnyas\u0131n\u0131 d\u0259yi\u015fib.<\/p>\n<p>T\u00fcrkiy\u0259 Silahl\u0131 Q\u00fcvv\u0259l\u0259rini PKK terror\u00e7ular\u0131na qar\u015f\u0131 yer\u00fcst\u00fc v\u0259 hava \u0259m\u0259liyyatlar\u0131n\u0131 davam etdirir.<\/p>\n","protected":false},"excerpt":{"rendered":"<p>T\u00fcrkiy\u0259-\u0130raq s\u0259rh\u0259dind\u0259 PKK terror qrupla\u015fmas\u0131n\u0131n \u00fczvl\u0259rin\u0259 qar\u015f\u0131 ke\u00e7iril\u0259n \u0259m\u0259liyyat zaman\u0131 T\u00fcrkiy\u0259 Silahl\u0131 Q\u00fcvv\u0259l\u0259rinin d\u00f6rd h\u0259rbi qulluq\u00e7usu \u015f\u0259hid olub. Bu bar\u0259d\u0259\u00a0\u201cAnadolu\u201d\u00a0agentliyi T\u00fcrkiy\u0259 Milli M\u00fcdafi\u0259 Nazirliyin\u0259 istinad\u0259n m\u0259lumat yay\u0131b. Bildirilir ki, x\u00fcsusi \u0259m\u0259liyyat zaman\u0131 PKK yaraql\u0131lar\u0131 il\u0259 T\u00fcrkiy\u0259 h\u0259rb\u00e7il\u0259ri aras\u0131nda at\u0131\u015fma ba\u015f verib. \u0130ki t\u00fcrkiy\u0259li h\u0259rbi qulluq\u00e7u d\u00f6y\u00fc\u015fl\u0259r zaman\u0131 h\u0259lak olub, daha ikisi is\u0259 x\u0259st\u0259xanada d\u00fcnyas\u0131n\u0131 d\u0259yi\u015fib. T\u00fcrkiy\u0259 Silahl\u0131 Q\u00fcvv\u0259l\u0259rini PKK terror\u00e7ular\u0131na qar\u015f\u0131 yer\u00fcst\u00fc v\u0259 hava \u0259m\u0259liyyatlar\u0131n\u0131 davam etdirir.<\/p>\n","protected":false},"author":2,"featured_media":51980,"comment_status":"closed","ping_status":"closed","sticky":false,"template":"","format":"standard","meta":{"om_disable_all_campaigns":false,"_monsterinsights_skip_tracking":false,"_monsterinsights_sitenote_active":false,"_monsterinsights_sitenote_note":"","_monsterinsights_sitenote_category":0},"categories":[7],"tags":[],"aioseo_notices":[],"gutentor_comment":0,"rttpg_featured_image_url":{"full":["https:\/\/arantv.az\/wp-content\/uploads\/2019\/04\/turciya_armiya6_siriya.jpg",620,404,false],"landscape":["https:\/\/arantv.az\/wp-content\/uploads\/2019\/04\/turciya_armiya6_siriya.jpg",620,404,false],"portraits":["https:\/\/arantv.az\/wp-content\/uploads\/2019\/04\/turciya_armiya6_siriya.jpg",620,404,false],"thumbnail":["https:\/\/arantv.az\/wp-content\/uploads\/2019\/04\/turciya_armiya6_siriya-150x150.jpg",150,150,true],"medium":["https:\/\/arantv.az\/wp-content\/uploads\/2019\/04\/turciya_armiya6_siriya-300x195.jpg",300,195,true],"large":["https:\/\/arantv.az\/wp-content\/uploads\/2019\/04\/turciya_armiya6_siriya.jpg",620,404,false],"1536x1536":["https:\/\/arantv.az\/wp-content\/uploads\/2019\/04\/turciya_armiya6_siriya.jpg",620,404,false],"2048x2048":["https:\/\/arantv.az\/wp-content\/uploads\/2019\/04\/turciya_armiya6_siriya.jpg",620,404,false],"post-thumbnail":["https:\/\/arantv.az\/wp-content\/uploads\/2019\/04\/turciya_armiya6_siriya-240x172.jpg",240,172,true],"advps-thumb-one":["https:\/\/arantv.az\/wp-content\/uploads\/2019\/04\/turciya_armiya6_siriya.jpg",620,404,false]},"rttpg_author":{"display_name":"V\u00fcsal Rafiqo\u011flu","author_link":"https:\/\/arantv.az\/?author=2"},"rttpg_comment":0,"rttpg_category":"<a href=\"https:\/\/arantv.az\/?cat=7\" rel=\"category\">D\u00fcnya<\/a>","rttpg_excerpt":"T\u00fcrkiy\u0259-\u0130raq s\u0259rh\u0259dind\u0259 PKK terror qrupla\u015fmas\u0131n\u0131n \u00fczvl\u0259rin\u0259 qar\u015f\u0131 ke\u00e7iril\u0259n \u0259m\u0259liyyat zaman\u0131 T\u00fcrkiy\u0259 Silahl\u0131 Q\u00fcvv\u0259l\u0259rinin d\u00f6rd h\u0259rbi qulluq\u00e7usu \u015f\u0259hid olub. Bu bar\u0259d\u0259\u00a0\u201cAnadolu\u201d\u00a0agentliyi T\u00fcrkiy\u0259 Milli M\u00fcdafi\u0259 Nazirliyin\u0259 istinad\u0259n m\u0259lumat yay\u0131b. Bildirilir ki, x\u00fcsusi \u0259m\u0259liyyat zaman\u0131 PKK yaraql\u0131lar\u0131 il\u0259 T\u00fcrkiy\u0259 h\u0259rb\u00e7il\u0259ri aras\u0131nda at\u0131\u015fma ba\u015f verib. \u0130ki t\u00fcrkiy\u0259li h\u0259rbi qulluq\u00e7u d\u00f6y\u00fc\u015fl\u0259r zaman\u0131 h\u0259lak olub, daha ikisi is\u0259 x\u0259st\u0259xanada d\u00fcnyas\u0131n\u0131 d\u0259yi\u015fib.&hellip;","_links":{"self":[{"href":"https:\/\/arantv.az\/index.php?rest_route=\/wp\/v2\/posts\/51979"}],"collection":[{"href":"https:\/\/arantv.az\/index.php?rest_route=\/wp\/v2\/posts"}],"about":[{"href":"https:\/\/arantv.az\/index.php?rest_route=\/wp\/v2\/types\/post"}],"author":[{"embeddable":true,"href":"https:\/\/arantv.az\/index.php?rest_route=\/wp\/v2\/users\/2"}],"replies":[{"embeddable":true,"href":"https:\/\/arantv.az\/index.php?rest_route=%2Fwp%2Fv2%2Fcomments&post=51979"}],"version-history":[{"count":0,"href":"https:\/\/arantv.az\/index.php?rest_route=\/wp\/v2\/posts\/51979\/revisions"}],"wp:featuredmedia":[{"embeddable":true,"href":"https:\/\/arantv.az\/index.php?rest_route=\/wp\/v2\/media\/51980"}],"wp:attachment":[{"href":"https:\/\/arantv.az\/index.php?rest_route=%2Fwp%2Fv2%2Fmedia&parent=51979"}],"wp:term":[{"taxonomy":"category","embeddable":true,"href":"https:\/\/arantv.az\/index.php?rest_route=%2Fwp%2Fv2%2Fcategories&post=51979"},{"taxonomy":"post_tag","embeddable":true,"href":"https:\/\/arantv.az\/index.php?rest_route=%2Fwp%2Fv2%2Ftags&post=51979"}],"curies":[{"name":"wp","href":"https:\/\/api.w.org\/{rel}","templated":true}]}}