{"id":51985,"date":"2019-04-20T15:18:08","date_gmt":"2019-04-20T12:18:08","guid":{"rendered":"http:\/\/arantv.az\/?p=51985"},"modified":"2019-04-20T15:18:08","modified_gmt":"2019-04-20T12:18:08","slug":"%c9%99li-%c9%99hm%c9%99dov-islahatlar-az%c9%99rbaycan-hokum%c9%99tinin-imkanlarinin-artmasi-n%c9%99tic%c9%99sind%c9%99-reallasdirilir","status":"publish","type":"post","link":"https:\/\/arantv.az\/?p=51985","title":{"rendered":"\u018fli \u018fhm\u0259dov: &#8220;\u0130slahatlar Az\u0259rbaycan h\u00f6kum\u0259tinin imkanlar\u0131n\u0131n artmas\u0131 n\u0259tic\u0259sind\u0259 realla\u015fd\u0131r\u0131l\u0131r&#8221;"},"content":{"rendered":"<p><strong>Yeni Az\u0259rbaycan Partiyas\u0131n\u0131n (YAP) t\u0259\u015fkilat\u00e7\u0131l\u0131\u011f\u0131 il\u0259 \u015e\u0259ki \u015f\u0259h\u0259rind\u0259 &#8220;U\u011furlu sosial siyas\u0259tin yeni h\u0259d\u0259fl\u0259ri&#8221; m\u00f6vzusunda regional m\u00fc\u015favir\u0259 ke\u00e7irilib.<\/strong><\/p>\n<p><strong>ARANTV.AZ<\/strong>\u00a0\u00a0<a href=\"http:\/\/az.trend.az\/\" target=\"_blank\" rel=\"noopener\"><span style=\"color: #000000;\">Trend<\/span><\/a>-\u0259 istinad\u0259n bildirir ki,\u00a0Ba\u015f nazirinin m\u00fcavini, Yeni Az\u0259rbaycan Partiyas\u0131 s\u0259drinin m\u00fcavini &#8211; icra katibi \u018fli \u018fhm\u0259dov v\u0259 m\u00fc\u015favir\u0259 i\u015ftirak\u00e7\u0131lar\u0131 \u0259vv\u0259lc\u0259 \u015e\u0259ki \u015f\u0259h\u0259rind\u0259 \u00dcmummilli Lider Heyd\u0259r \u018fliyevin abid\u0259sini ziyar\u0259t ed\u0259r\u0259k \u00f6n\u00fcn\u0259 g\u00fcl d\u0259st\u0259si qoyublar.<\/p>\n<p>\u018f.\u018fhm\u0259dovun r\u0259hb\u0259rliyi il\u0259 ke\u00e7iril\u0259n m\u00fc\u015favir\u0259d\u0259 Milli M\u0259clisin deputatlar\u0131ndan Az\u0259r K\u0259rimli, Yaqub Mahmudov, F\u0259ttah Heyd\u0259rov, Aqiy\u0259 Nax\u00e7\u0131vanl\u0131, Kamil\u0259 \u018fliyeva, N\u0259sib M\u0259h\u0259m\u0259liyev, \u018fli M\u0259simli, Cavan\u015fir Feyziyev, El\u015f\u0259n Musayev, partiyan\u0131n rayon t\u0259\u015fkilat\u0131n\u0131n s\u0259drl\u0259ri, \u015e\u0259ki rayon ictimaiyy\u0259tinin n\u00fcmay\u0259nd\u0259l\u0259ri i\u015ftirak edibl\u0259r.<\/p>\n<p>M\u00fc\u015favir\u0259d\u0259 giri\u015f s\u00f6z\u00fc il\u0259 \u015e\u0259ki rayon \u0130cra Hakimiyy\u0259tinin ba\u015f\u00e7\u0131s\u0131 Elxan Usubov \u00e7\u0131x\u0131\u015f ed\u0259r\u0259k rayonda sosial sah\u0259 il\u0259 ba\u011fl\u0131 g\u00f6r\u00fcl\u0259n i\u015fl\u0259r haqq\u0131nda m\u0259lumat verib.<\/p>\n<p>M\u00fc\u015favir\u0259d\u0259 \u00e7\u0131x\u0131\u015f ed\u0259n Ba\u015f nazirin m\u00fcavini \u018f.\u018fhm\u0259dov bildirib ki, bir il bundan \u00f6nc\u0259 xalq\u0131m\u0131z n\u00f6vb\u0259ti d\u0259f\u0259 c\u0259nab \u0130lham \u018fliyev\u0259 s\u0259s ver\u0259r\u0259k ona 2025-ci il\u0259 q\u0259d\u0259r Az\u0259rbaycan Prezidenti v\u0259zif\u0259sini h\u0259yata ke\u00e7irm\u0259yi h\u0259val\u0259 etdi: &#8220;Xalq\u0131m\u0131z bu add\u0131mla yenid\u0259n Ulu \u00d6nd\u0259r Heyd\u0259r \u018fliyev siyas\u0259tinin davam etm\u0259sin\u0259 \u00f6z raz\u0131l\u0131\u011f\u0131n\u0131 bildirdi. Bel\u0259likl\u0259, 2018-ci ild\u0259 ke\u00e7iril\u0259n se\u00e7kil\u0259rd\u0259n bir il sonrak\u0131 m\u00fcdd\u0259t \u0259rzind\u0259 \u00e7ox \u0259h\u0259miyy\u0259tli, h\u0259yat\u0131m\u0131z\u0131n b\u00fct\u00fcn sah\u0259l\u0259rini \u0259hat\u0259 ed\u0259n d\u0259yi\u015fiklikl\u0259r ba\u015f verib. Bu d\u0259yi\u015fiklikl\u0259r i\u00e7\u0259risind\u0259 x\u00fcsusi diqq\u0259ti c\u0259lb ed\u0259n m\u0259s\u0259l\u0259 v\u0259t\u0259nda\u015flar\u0131m\u0131z\u0131n rifah hal\u0131n\u0131n yax\u015f\u0131la\u015fd\u0131r\u0131lmas\u0131 il\u0259 \u0259laq\u0259dar \u00e7ox \u0259h\u0259miyy\u0259tli v\u0259 geni\u015fmiqyasl\u0131 strategiyan\u0131n realla\u015fmas\u0131d\u0131r. Prezident se\u00e7kil\u0259rind\u0259n sonra \u0130lham \u018fliyevin imzalad\u0131\u011f\u0131 ilk f\u0259rman da v\u0259t\u0259nda\u015flar\u0131m\u0131z\u0131n m\u00fc\u0259yy\u0259n qisminin sosial rifah hal\u0131n\u0131n yax\u015f\u0131la\u015fd\u0131r\u0131lmas\u0131 il\u0259 \u0259laq\u0259dar olub. \u00d6t\u0259n bir il \u0259rzind\u0259 h\u0259yata ke\u00e7iril\u0259n \u00e7oxmiqyasl\u0131 t\u0259dbirl\u0259r \u00e7\u0259r\u00e7iv\u0259sind\u0259 Prezident t\u0259r\u0259find\u0259n sosial y\u00f6n\u00fcml\u00fc, sosial strategiyan\u0131n h\u0259yata ke\u00e7irilm\u0259si il\u0259 ba\u011fl\u0131 \u00e7ox vacib s\u0259n\u0259dl\u0259r imzalan\u0131b. N\u0259tic\u0259 etibaril\u0259 Az\u0259rbaycan v\u0259t\u0259nda\u015flar\u0131n\u0131n sosial rifah\u0131n\u0131n yax\u015f\u0131la\u015fd\u0131r\u0131lmas\u0131 istiqam\u0259tind\u0259 \u0259h\u0259miyy\u0259tli add\u0131mlar\u0131n at\u0131lmas\u0131na ba\u015flan\u0131b&#8221;.<\/p>\n<p>O qeyd edib ki, Prezidentin imzalad\u0131\u011f\u0131 s\u0259r\u0259ncamlarla Az\u0259rbaycanda minimum \u0259m\u0259khaqq\u0131 38 faiz art\u0131r\u0131laraq 130 manatdan 180 manata qald\u0131r\u0131l\u0131b: &#8220;Bel\u0259likl\u0259, Az\u0259rbaycanda t\u0259xmin\u0259n 600 mind\u0259n \u00e7ox insan\u0131n ya\u015fay\u0131\u015f s\u0259viyy\u0259sind\u0259, ald\u0131\u011f\u0131 \u0259m\u0259k haqlar\u0131nda ciddi art\u0131m ba\u015f verib. Eynil\u0259 minimum pensiyalar\u0131n 116 manatdan 160 manata \u00e7atd\u0131r\u0131lmas\u0131 n\u0259tic\u0259sind\u0259 yen\u0259 d\u0259 t\u0259xmin\u0259n 600 mind\u0259n \u00e7ox insan\u0131n pensiyas\u0131nda \u0259h\u0259miyy\u0259tli art\u0131m ba\u015f verib ki, bu da onlar\u0131n rifah\u0131n\u0131n yax\u015f\u0131la\u015fmas\u0131na k\u00f6m\u0259k g\u00f6st\u0259r\u0259c\u0259k. Eyni zamanda, Az\u0259rbaycan h\u00f6kum\u0259tinin m\u00fc\u0259yy\u0259nl\u0259\u015fdirdiyi v\u0259 ill\u0259r boyu h\u0259yata ke\u00e7irdiyi m\u00fcavin\u0259tl\u0259r, sosial yard\u0131mlar, g\u00fcz\u0259\u015ftl\u0259rl\u0259 \u0259laq\u0259dar imzalanan s\u0259r\u0259ncamlarla \u00e7ox ciddi add\u0131mlar at\u0131l\u0131b. Az\u0259rbaycanda b\u00fct\u00fcn z\u00fcmr\u0259d\u0259n olan v\u0259t\u0259nda\u015flara veril\u0259n m\u00fcavin\u0259t, t\u0259qa\u00fcd v\u0259 g\u00fcz\u0259\u015ftl\u0259r \u0259h\u0259miyy\u0259tli d\u0259r\u0259c\u0259d\u0259 art\u0131b. El\u0259 bir z\u00fcmr\u0259 yoxdur ki, d\u00f6vl\u0259t t\u0259r\u0259find\u0259n m\u00fc\u0259yy\u0259nl\u0259\u015fdiril\u0259n t\u0259qa\u00fcd, g\u00fcz\u0259\u015ft v\u0259 yard\u0131mlarda bu v\u0259 ya dig\u0259r d\u0259r\u0259c\u0259d\u0259 art\u0131mlar\u0131 hiss etm\u0259sin. Bel\u0259likl\u0259, Az\u0259rbaycan v\u0259t\u0259nda\u015f\u0131n\u0131n h\u0259yat s\u0259viyy\u0259sinin yax\u015f\u0131la\u015fd\u0131r\u0131lmas\u0131 istiqam\u0259tind\u0259 \u00e7ox \u0259h\u0259miyy\u0259tli add\u0131m at\u0131l\u0131b&#8221;.<\/p>\n<p>Ba\u015f nazirin m\u00fcavini m\u0259mnunluqla qeyd edib ki, bu add\u0131mlar\u0131n at\u0131lmas\u0131, sosial strategiyan\u0131n daha qabar\u0131q \u015f\u0259kild\u0259 realla\u015fmas\u0131, bununla \u0259laq\u0259dar olaraq Prezident t\u0259r\u0259find\u0259n imzalanan \u00e7ox vacib s\u0259n\u0259dl\u0259r iqtisadiyyat\u0131m\u0131z\u0131n inki\u015faf\u0131 il\u0259 ba\u011fl\u0131 olan, h\u0259yata ke\u00e7iril\u0259n islahatlar\u0131n m\u0259ntiqi n\u0259tic\u0259sin\u0259, yekunlar\u0131na s\u00f6yk\u0259nir: &#8220;\u0130qtisadi sah\u0259d\u0259, el\u0259c\u0259 d\u0259 dig\u0259r sah\u0259l\u0259rd\u0259 h\u0259yata ke\u00e7iril\u0259n islahatlar Az\u0259rbaycan h\u00f6kum\u0259tinin imkanlar\u0131n\u0131n artmas\u0131 n\u0259tic\u0259sind\u0259 realla\u015fd\u0131r\u0131l\u0131r. Bunun say\u0259sind\u0259 bu ild\u0259n etibar\u0259n sosial siyas\u0259tin daha qabar\u0131q \u015f\u0259kild\u0259 h\u0259yata ke\u00e7irilm\u0259si istiqam\u0259tind\u0259 add\u0131mlar at\u0131l\u0131r. H\u0259r bir d\u00f6vl\u0259tin h\u0259yata ke\u00e7irdiyi funksiyalar \u00e7\u0259r\u00e7iv\u0259sind\u0259 iki v\u0259zif\u0259 fundamental m\u0259na v\u0259 \u0259h\u0259miyy\u0259t k\u0259sb edir. Onlardan biri t\u0259hl\u00fck\u0259sizliyin t\u0259min edilm\u0259si, ikincisi, insanlar\u0131n rifah\u0131n\u0131n yax\u015f\u0131la\u015fd\u0131r\u0131lmas\u0131d\u0131r. \u018flb\u0259tt\u0259, sevindirici hald\u0131r ki, Az\u0259rbaycanda Ulu \u00d6nd\u0259rin qoydu\u011fu \u0259n\u0259n\u0259y\u0259 sadiqlik, \u0259min-amanl\u0131q, t\u0259hl\u00fck\u0259sizlik t\u0259min olunur. Bu g\u00fcn Az\u0259rbaycan d\u00fcnyan\u0131n \u0259n sabit \u00f6lk\u0259l\u0259rind\u0259n biridir. \u0130ndiki halda d\u00fcnyan\u0131n bir \u00e7ox \u00f6lk\u0259l\u0259rind\u0259 ba\u015f ver\u0259n qanl\u0131 toqqu\u015fmalar, f\u0259lak\u0259tl\u0259r, m\u00fcharib\u0259l\u0259r fonunda Az\u0259rbaycanda m\u00f6vcud olan sabitlik insanlar\u0131n h\u0259yat\u0131 \u00fc\u00e7\u00fcn b\u00f6y\u00fck s\u0259rv\u0259tdir. Bu s\u0259rv\u0259t Heyd\u0259r \u018fliyev siyas\u0259tinin Az\u0259rbaycana verdiyi \u0259n b\u00f6y\u00fck nem\u0259tl\u0259rd\u0259n biridir. Prezident \u0130lham \u018fliyev d\u0259 bu x\u0259tti, strategiyan\u0131 u\u011furla davam etdirir&#8221;.<\/p>\n<p>\u018f.\u018fhm\u0259dov bildirib ki, sabitlik, \u0259min-amanl\u0131q insanlar\u0131n t\u0259hl\u00fck\u0259siz ya\u015famas\u0131 \u00fc\u00e7\u00fcn \u0259v\u0259zedilm\u0259z \u015f\u0259rtdir: &#8220;Sabitlik, t\u0259hl\u00fck\u0259sizlik \u00f6lk\u0259nin inki\u015faf\u0131n\u0131n \u0259n \u00fcmd\u0259 \u0259saslar\u0131ndan, ilkin \u015f\u0259rtl\u0259rind\u0259n biridir. T\u0259hl\u00fck\u0259sizlik, sabitlik olmasa, h\u0259r hans\u0131 iqtisadi islahatlardan, m\u00fc\u015fahid\u0259 etdiyimiz u\u011furlardan, nailiyy\u0259tl\u0259rd\u0259n s\u00f6z a\u00e7maq olmaz. Hesab edir\u0259m ki, Az\u0259rbaycan v\u0259t\u0259nda\u015flar\u0131 sabit bir \u00f6lk\u0259nin v\u0259t\u0259nda\u015flar\u0131 oldu\u011fu \u00fc\u00e7\u00fcn \u00f6zl\u0259rini m\u0259mnun v\u0259 xo\u015fb\u0259xt hesab ed\u0259 bil\u0259rl\u0259r. B\u00fct\u00fcn bunlar\u0131n say\u0259sind\u0259 Az\u0259rbaycan inki\u015faf edir. H\u0259yat\u0131m\u0131z\u0131n b\u00fct\u00fcn sferalar\u0131nda b\u00f6y\u00fck inki\u015faf gedir. Az\u0259rbaycan m\u00fcasirl\u0259\u015fir, yenil\u0259\u015fir, b\u00fct\u00fcn b\u00f6lg\u0259l\u0259rimiz s\u00fcr\u0259tl\u0259 inki\u015faf edir, insanlar\u0131n yax\u015f\u0131 ya\u015famas\u0131 \u00fc\u00e7\u00fcn b\u00fct\u00fcn \u015f\u0259rtl\u0259r yarad\u0131l\u0131b. Bu ill\u0259r \u0259rzind\u0259 Az\u0259rbaycan k\u00f6kl\u00fc \u015f\u0259kild\u0259 d\u0259yi\u015fib, yenil\u0259\u015fib. Bu inki\u015faf \u015e\u0259kid\u0259n d\u0259 yan ke\u00e7m\u0259yib. Az\u0259rbaycan\u0131n h\u0259r yerind\u0259 h\u00f6km s\u00fcr\u0259n inki\u015faf burada da \u00f6z\u00fcn\u00fc g\u00f6st\u0259rm\u0259kd\u0259dir. B\u00fct\u00fcn bunlar daha \u00e7ox insanlar\u0131n rahat ya\u015famas\u0131, layiq olduqlar\u0131 s\u0259viyy\u0259d\u0259 \u015f\u0259rait v\u0259 imkanlar\u0131n yarad\u0131lmas\u0131 m\u0259qs\u0259dil\u0259 ba\u015f verir. Bu m\u0259nada sabitlik, \u0259min-amanl\u0131q ba\u015f ver\u0259n d\u0259yi\u015fiklikl\u0259r \u00fc\u00e7\u00fcn ilkin \u015f\u0259rtdir&#8221;.<\/p>\n<p>YAP-\u0131n s\u0259dr m\u00fcavini vur\u011fulay\u0131b ki, 2003-c\u00fc ild\u0259n prezidentlik f\u0259aliyy\u0259tind\u0259 olan \u0130lham \u018fliyevin h\u0259yata ke\u00e7irdiyi siyas\u0259tin \u0259sas qay\u0259sini insanlar\u0131n rifah\u0131n\u0131n yax\u015f\u0131la\u015fd\u0131r\u0131lmas\u0131 t\u0259\u015fkil edir: &#8220;Bu ist\u0259yin h\u0259yata ke\u00e7irilm\u0259si \u00fc\u00e7\u00fcn maddi bazan\u0131n yeti\u015fdirilm\u0259si vacibdir. \u0130qtisadiyyat\u0131 inki\u015faf etdirm\u0259d\u0259n, insanlar\u0131 i\u015fl\u0259 t\u0259min etm\u0259d\u0259n, onlar\u0131n h\u0259yat s\u0259viyy\u0259sinin y\u00fcks\u0259ldilm\u0259si \u00fc\u00e7\u00fcn laz\u0131m olan resurslar\u0131 qazanmadan sosial rifah\u0131n y\u00fcks\u0259ldilm\u0259si il\u0259 ba\u011fl\u0131 arzular\u0131 realla\u015fd\u0131rmaq m\u00fcmk\u00fcn deyil. Bu, x\u0259yaldan ba\u015fqa bir \u015fey olmayacaq. Ona g\u00f6r\u0259 d\u0259 2003-c\u00fc ild\u0259n h\u0259yata ke\u00e7iril\u0259n siyas\u0259tin qay\u0259si bu \u015f\u0259rtl\u0259ri formala\u015fd\u0131rmaq, bu \u015f\u0259rtl\u0259r \u0259sas\u0131nda insanlar\u0131n rifah hal\u0131n\u0131 yax\u015f\u0131la\u015fd\u0131rmaq olub. M\u0259hz bu \u015f\u0259rtl\u0259r yarand\u0131\u011f\u0131na g\u00f6r\u0259 art\u0131q geni\u015fmiqyasl\u0131 sosial xarakterli islahatlar, layih\u0259l\u0259rin h\u0259yata ke\u00e7irilm\u0259sin\u0259 ba\u015flan\u0131b. Bu layih\u0259l\u0259rd\u0259n Az\u0259rbaycan v\u0259t\u0259nda\u015flar\u0131n\u0131n b\u00fct\u00fcn t\u0259b\u0259q\u0259l\u0259ri b\u0259hr\u0259l\u0259nir&#8221;.<\/p>\n<p>\u0130clas\u0131n davam\u0131nda \u00e7\u0131x\u0131\u015f ed\u0259n mill\u0259t v\u0259kill\u0259ri F.Heyd\u0259rov, Y.Mahmudov Az\u0259rbaycanda h\u0259yata ke\u00e7iril\u0259n u\u011furlu sosial siyas\u0259t haqq\u0131nda fikirl\u0259rini bildiribl\u0259r.<\/p>\n","protected":false},"excerpt":{"rendered":"<p>Yeni Az\u0259rbaycan Partiyas\u0131n\u0131n (YAP) t\u0259\u015fkilat\u00e7\u0131l\u0131\u011f\u0131 il\u0259 \u015e\u0259ki \u015f\u0259h\u0259rind\u0259 &#8220;U\u011furlu sosial siyas\u0259tin yeni h\u0259d\u0259fl\u0259ri&#8221; m\u00f6vzusunda regional m\u00fc\u015favir\u0259 ke\u00e7irilib. ARANTV.AZ\u00a0\u00a0Trend-\u0259 istinad\u0259n bildirir ki,\u00a0Ba\u015f nazirinin m\u00fcavini, Yeni Az\u0259rbaycan Partiyas\u0131 s\u0259drinin m\u00fcavini &#8211; icra katibi \u018fli \u018fhm\u0259dov v\u0259 m\u00fc\u015favir\u0259 i\u015ftirak\u00e7\u0131lar\u0131 \u0259vv\u0259lc\u0259 \u015e\u0259ki \u015f\u0259h\u0259rind\u0259 \u00dcmummilli Lider Heyd\u0259r \u018fliyevin abid\u0259sini ziyar\u0259t ed\u0259r\u0259k \u00f6n\u00fcn\u0259 g\u00fcl d\u0259st\u0259si qoyublar. \u018f.\u018fhm\u0259dovun r\u0259hb\u0259rliyi il\u0259 ke\u00e7iril\u0259n m\u00fc\u015favir\u0259d\u0259 Milli M\u0259clisin deputatlar\u0131ndan Az\u0259r K\u0259rimli, Yaqub Mahmudov, F\u0259ttah Heyd\u0259rov, Aqiy\u0259 Nax\u00e7\u0131vanl\u0131, Kamil\u0259 \u018fliyeva, N\u0259sib M\u0259h\u0259m\u0259liyev, \u018fli M\u0259simli, Cavan\u015fir Feyziyev, El\u015f\u0259n Musayev, partiyan\u0131n rayon t\u0259\u015fkilat\u0131n\u0131n s\u0259drl\u0259ri, \u015e\u0259ki rayon ictimaiyy\u0259tinin n\u00fcmay\u0259nd\u0259l\u0259ri i\u015ftirak edibl\u0259r. M\u00fc\u015favir\u0259d\u0259 giri\u015f s\u00f6z\u00fc il\u0259&hellip;<\/p>\n","protected":false},"author":2,"featured_media":51986,"comment_status":"closed","ping_status":"closed","sticky":false,"template":"","format":"standard","meta":{"om_disable_all_campaigns":false,"_monsterinsights_skip_tracking":false,"_monsterinsights_sitenote_active":false,"_monsterinsights_sitenote_note":"","_monsterinsights_sitenote_category":0},"categories":[4],"tags":[],"aioseo_notices":[],"gutentor_comment":0,"rttpg_featured_image_url":{"full":["https:\/\/arantv.az\/wp-content\/uploads\/2019\/04\/748528.jpg",800,600,false],"landscape":["https:\/\/arantv.az\/wp-content\/uploads\/2019\/04\/748528.jpg",800,600,false],"portraits":["https:\/\/arantv.az\/wp-content\/uploads\/2019\/04\/748528.jpg",800,600,false],"thumbnail":["https:\/\/arantv.az\/wp-content\/uploads\/2019\/04\/748528-150x150.jpg",150,150,true],"medium":["https:\/\/arantv.az\/wp-content\/uploads\/2019\/04\/748528-300x225.jpg",300,225,true],"large":["https:\/\/arantv.az\/wp-content\/uploads\/2019\/04\/748528.jpg",640,480,false],"1536x1536":["https:\/\/arantv.az\/wp-content\/uploads\/2019\/04\/748528.jpg",800,600,false],"2048x2048":["https:\/\/arantv.az\/wp-content\/uploads\/2019\/04\/748528.jpg",800,600,false],"post-thumbnail":["https:\/\/arantv.az\/wp-content\/uploads\/2019\/04\/748528-240x172.jpg",240,172,true],"advps-thumb-one":["https:\/\/arantv.az\/wp-content\/uploads\/2019\/04\/748528.jpg",800,600,false]},"rttpg_author":{"display_name":"V\u00fcsal Rafiqo\u011flu","author_link":"https:\/\/arantv.az\/?author=2"},"rttpg_comment":0,"rttpg_category":"<a href=\"https:\/\/arantv.az\/?cat=4\" rel=\"category\">Siyas\u0259t<\/a>","rttpg_excerpt":"Yeni Az\u0259rbaycan Partiyas\u0131n\u0131n (YAP) t\u0259\u015fkilat\u00e7\u0131l\u0131\u011f\u0131 il\u0259 \u015e\u0259ki \u015f\u0259h\u0259rind\u0259 &#8220;U\u011furlu sosial siyas\u0259tin yeni h\u0259d\u0259fl\u0259ri&#8221; m\u00f6vzusunda regional m\u00fc\u015favir\u0259 ke\u00e7irilib. ARANTV.AZ\u00a0\u00a0Trend-\u0259 istinad\u0259n bildirir ki,\u00a0Ba\u015f nazirinin m\u00fcavini, Yeni Az\u0259rbaycan Partiyas\u0131 s\u0259drinin m\u00fcavini &#8211; icra katibi \u018fli \u018fhm\u0259dov v\u0259 m\u00fc\u015favir\u0259 i\u015ftirak\u00e7\u0131lar\u0131 \u0259vv\u0259lc\u0259 \u015e\u0259ki \u015f\u0259h\u0259rind\u0259 \u00dcmummilli Lider Heyd\u0259r \u018fliyevin abid\u0259sini ziyar\u0259t ed\u0259r\u0259k \u00f6n\u00fcn\u0259 g\u00fcl d\u0259st\u0259si qoyublar. \u018f.\u018fhm\u0259dovun r\u0259hb\u0259rliyi il\u0259 ke\u00e7iril\u0259n m\u00fc\u015favir\u0259d\u0259&hellip;","_links":{"self":[{"href":"https:\/\/arantv.az\/index.php?rest_route=\/wp\/v2\/posts\/51985"}],"collection":[{"href":"https:\/\/arantv.az\/index.php?rest_route=\/wp\/v2\/posts"}],"about":[{"href":"https:\/\/arantv.az\/index.php?rest_route=\/wp\/v2\/types\/post"}],"author":[{"embeddable":true,"href":"https:\/\/arantv.az\/index.php?rest_route=\/wp\/v2\/users\/2"}],"replies":[{"embeddable":true,"href":"https:\/\/arantv.az\/index.php?rest_route=%2Fwp%2Fv2%2Fcomments&post=51985"}],"version-history":[{"count":0,"href":"https:\/\/arantv.az\/index.php?rest_route=\/wp\/v2\/posts\/51985\/revisions"}],"wp:featuredmedia":[{"embeddable":true,"href":"https:\/\/arantv.az\/index.php?rest_route=\/wp\/v2\/media\/51986"}],"wp:attachment":[{"href":"https:\/\/arantv.az\/index.php?rest_route=%2Fwp%2Fv2%2Fmedia&parent=51985"}],"wp:term":[{"taxonomy":"category","embeddable":true,"href":"https:\/\/arantv.az\/index.php?rest_route=%2Fwp%2Fv2%2Fcategories&post=51985"},{"taxonomy":"post_tag","embeddable":true,"href":"https:\/\/arantv.az\/index.php?rest_route=%2Fwp%2Fv2%2Ftags&post=51985"}],"curies":[{"name":"wp","href":"https:\/\/api.w.org\/{rel}","templated":true}]}}