{"id":52,"date":"2018-07-23T16:37:14","date_gmt":"2018-07-23T13:37:14","guid":{"rendered":"http:\/\/arantv.az\/?p=52"},"modified":"2018-07-23T16:37:14","modified_gmt":"2018-07-23T13:37:14","slug":"prezident-ilham-%c9%99liyevin-fransaya-s%c9%99f%c9%99ri-zamani-%c9%99ld%c9%99-edil%c9%99n-razilasmalar-az%c9%99rbaycanin-avropada-tutdugu-yer%c9%99-xususi-tohf%c9%99-ver%c9%99c%c9%99k","status":"publish","type":"post","link":"https:\/\/arantv.az\/?p=52","title":{"rendered":"&#8220;Prezident \u0130lham \u018fliyevin Fransaya s\u0259f\u0259ri zaman\u0131 \u0259ld\u0259 edil\u0259n raz\u0131la\u015fmalar Az\u0259rbaycan\u0131n Avropada tutdu\u011fu yer\u0259 x\u00fcsusi t\u00f6hf\u0259 ver\u0259c\u0259k&#8221;"},"content":{"rendered":"<p>&#8220;Az\u0259rbaycan Prezidenti \u0130lham \u018fliyevin Fransaya r\u0259smi s\u0259f\u0259ri ilk n\u00f6vb\u0259d\u0259 \u00f6lk\u0259mizin Avropa qit\u0259sind\u0259ki \u0259h\u0259miyy\u0259tli rolunu v\u0259 yerini s\u00fcbuta yetirdi&#8221;.<\/p>\n<p><strong>ARANTV.AZ<\/strong> x\u0259b\u0259r verir ki, bunu trend-\u0259 siyasi ekspert B\u0259hruz Quliyev \u00f6lk\u0259 ba\u015f\u00e7\u0131s\u0131n\u0131n Fransaya s\u0259f\u0259rini v\u0259 s\u0259f\u0259r \u00e7\u0259r\u00e7iv\u0259sind\u0259 \u0259ld\u0259 edil\u0259n raz\u0131la\u015fmalar\u0131 \u015f\u0259rh ed\u0259rk\u0259n deyib.<\/p>\n<p>B.Quliyevin s\u00f6zl\u0259rin\u0259 g\u00f6r\u0259, bu s\u0259f\u0259rin \u0259sas n\u0259tic\u0259si \u00f6lk\u0259l\u0259rimiz aras\u0131nda iqtisadi v\u0259 dig\u0259r sah\u0259l\u0259rd\u0259 \u0259ld\u0259 edil\u0259n raz\u0131la\u015fmalar oldu:<\/p>\n<p>&#8220;Qeyd etm\u0259k ist\u0259rdim ki, Az\u0259rbaycan ist\u0259r Avropan\u0131n siyasi arenas\u0131nda, ist\u0259rs\u0259 d\u0259 Fransada etibarl\u0131 t\u0259r\u0259fda\u015f kimi tan\u0131nan \u00f6lk\u0259l\u0259rd\u0259ndir. Art\u0131q bu amil \u00f6z\u00fcn\u00fc Fransada da t\u0259sdiq etdi. Xususil\u0259, c\u0259nab \u0130lham \u018fliyevin Fransa Prezidenti Emmanuel Makronla, el\u0259c\u0259 d\u0259 Fransa Senat\u0131n\u0131n s\u0259dri Jerar Lar\u015fe il\u0259, h\u0259m\u00e7inin Fransa Milli Assambleyas\u0131n\u0131n s\u0259dri Fransua de R\u00fcji il\u0259 g\u00f6r\u00fc\u015fl\u0259ri \u00f6lk\u0259mizin ist\u0259r siyasi, ist\u0259rs\u0259 d\u0259 iqtisadi c\u0259h\u0259td\u0259n beyn\u0259lxalq al\u0259md\u0259ki ali m\u00f6vqeyini s\u00fcbuta yetirdi. N\u0259z\u0259r\u0259 alsaq ki, Fransa AT\u018fT-in Minsk qrupunun \u00fczv\u00fcd\u00fcr v\u0259 Erm\u0259nistan-Az\u0259rbaycan, Da\u011fl\u0131q Qaraba\u011f m\u00fcnaqi\u015f\u0259sind\u0259 s\u00f6z dey\u0259 bil\u0259c\u0259k bir \u00f6lk\u0259dir, bu zaman Prezident \u0130lham \u018fliyevin \u0259n y\u00fcks\u0259k s\u0259viyy\u0259d\u0259 qar\u015f\u0131lanmas\u0131 vur\u011fulanan m\u0259qamlar\u0131 tamamil\u0259 isbatlay\u0131r&#8221;.<\/p>\n<p>Ekspert qeyd edib ki, Az\u0259rbaycan d\u00f6vl\u0259tinin siyasi arenadak\u0131 m\u00f6vqeyi yaln\u0131z yuxar\u0131da qeyd edil\u0259n fikirl\u0259rl\u0259 sona \u00e7atm\u0131r:<\/p>\n<p>&#8220;Hesab edir\u0259m ki, Prezident \u0130lham \u018fliyevin Fransaya s\u0259f\u0259ri \u00e7oxt\u0259r\u0259fli faktorlara \u0259saslan\u0131r. Bel\u0259 ki, m\u00fch\u00fcm m\u0259qamlardan biri d\u0259 humanitar v\u0259 h\u0259rbi s\u0259naye sah\u0259l\u0259ri il\u0259 ba\u011fl\u0131d\u0131r. \u018fb\u0259s deyil ki, d\u00f6vl\u0259t ba\u015f\u00e7\u0131m\u0131z s\u0259f\u0259r \u0259snas\u0131nda m\u0259hz bu sah\u0259l\u0259rin d\u0259 r\u0259smil\u0259ri il\u0259 g\u00f6r\u00fc\u015fl\u0259r ke\u00e7irib, m\u00fch\u00fcm q\u0259rarlar verilib. Bu da bel\u0259 q\u0259na\u0259t\u0259 g\u0259lm\u0259y\u0259 \u0259sas verir ki, n\u0259inki iqtisadiyyat, el\u0259c\u0259 d\u0259 dig\u0259r sah\u0259l\u0259rd\u0259 \u0259ld\u0259 edil\u0259n raz\u0131la\u015fmalar Az\u0259rbaycan\u0131n Avropada tutdu\u011fu yer\u0259 x\u00fcsusi t\u00f6hf\u0259 ver\u0259c\u0259k. O c\u00fcml\u0259d\u0259n, b\u00fct\u00fcn bunlar Fransa-Az\u0259rbaycan m\u00fcnasib\u0259tl\u0259ri, h\u0259m\u00e7inin Avropa \u0130ttifaq\u0131 il\u0259 m\u00fcnasib\u0259tl\u0259rin inki\u015faf\u0131 bax\u0131m\u0131ndan m\u00fch\u00fcm \u0259h\u0259miyy\u0259t k\u0259sb edir&#8221;.<\/p>\n<p>Qeyd ed\u0259k ki, Prezident \u0130lham \u018fliyevin 19-20 iyul tarixl\u0259rind\u0259 Paris\u0259 s\u0259f\u0259ri \u00e7\u0259r\u00e7iv\u0259sind\u0259 Fransan\u0131n 11 \u015firk\u0259tinin n\u00fcmay\u0259nd\u0259l\u0259ri il\u0259 s\u0259m\u0259r\u0259li g\u00f6r\u00fc\u015fl\u0259r apar\u0131l\u0131b, Az\u0259rbaycanla Fransa \u015firk\u0259tl\u0259ri aras\u0131nda 2 milyard dollardan \u00e7ox d\u0259y\u0259rind\u0259 m\u00fcqavil\u0259l\u0259r imzalan\u0131b.<\/p>\n","protected":false},"excerpt":{"rendered":"<p>&#8220;Az\u0259rbaycan Prezidenti \u0130lham \u018fliyevin Fransaya r\u0259smi s\u0259f\u0259ri ilk n\u00f6vb\u0259d\u0259 \u00f6lk\u0259mizin Avropa qit\u0259sind\u0259ki \u0259h\u0259miyy\u0259tli rolunu v\u0259 yerini s\u00fcbuta yetirdi&#8221;. ARANTV.AZ x\u0259b\u0259r verir ki, bunu trend-\u0259 siyasi ekspert B\u0259hruz Quliyev \u00f6lk\u0259 ba\u015f\u00e7\u0131s\u0131n\u0131n Fransaya s\u0259f\u0259rini v\u0259 s\u0259f\u0259r \u00e7\u0259r\u00e7iv\u0259sind\u0259 \u0259ld\u0259 edil\u0259n raz\u0131la\u015fmalar\u0131 \u015f\u0259rh ed\u0259rk\u0259n deyib. B.Quliyevin s\u00f6zl\u0259rin\u0259 g\u00f6r\u0259, bu s\u0259f\u0259rin \u0259sas n\u0259tic\u0259si \u00f6lk\u0259l\u0259rimiz aras\u0131nda iqtisadi v\u0259 dig\u0259r sah\u0259l\u0259rd\u0259 \u0259ld\u0259 edil\u0259n raz\u0131la\u015fmalar oldu: &#8220;Qeyd etm\u0259k ist\u0259rdim ki, Az\u0259rbaycan ist\u0259r Avropan\u0131n siyasi arenas\u0131nda, ist\u0259rs\u0259 d\u0259 Fransada etibarl\u0131 t\u0259r\u0259fda\u015f kimi tan\u0131nan \u00f6lk\u0259l\u0259rd\u0259ndir. Art\u0131q bu amil \u00f6z\u00fcn\u00fc Fransada da t\u0259sdiq etdi. Xususil\u0259, c\u0259nab \u0130lham \u018fliyevin Fransa Prezidenti Emmanuel&hellip;<\/p>\n","protected":false},"author":2,"featured_media":53,"comment_status":"open","ping_status":"open","sticky":false,"template":"","format":"standard","meta":{"om_disable_all_campaigns":false,"_monsterinsights_skip_tracking":false,"_monsterinsights_sitenote_active":false,"_monsterinsights_sitenote_note":"","_monsterinsights_sitenote_category":0},"categories":[4],"tags":[],"aioseo_notices":[],"gutentor_comment":0,"rttpg_featured_image_url":{"full":["https:\/\/arantv.az\/wp-content\/uploads\/2018\/07\/behruz_quliyev_1.jpg",482,361,false],"landscape":["https:\/\/arantv.az\/wp-content\/uploads\/2018\/07\/behruz_quliyev_1.jpg",482,361,false],"portraits":["https:\/\/arantv.az\/wp-content\/uploads\/2018\/07\/behruz_quliyev_1.jpg",482,361,false],"thumbnail":["https:\/\/arantv.az\/wp-content\/uploads\/2018\/07\/behruz_quliyev_1-150x150.jpg",150,150,true],"medium":["https:\/\/arantv.az\/wp-content\/uploads\/2018\/07\/behruz_quliyev_1-300x225.jpg",300,225,true],"large":["https:\/\/arantv.az\/wp-content\/uploads\/2018\/07\/behruz_quliyev_1.jpg",482,361,false],"1536x1536":["https:\/\/arantv.az\/wp-content\/uploads\/2018\/07\/behruz_quliyev_1.jpg",482,361,false],"2048x2048":["https:\/\/arantv.az\/wp-content\/uploads\/2018\/07\/behruz_quliyev_1.jpg",482,361,false],"post-thumbnail":["https:\/\/arantv.az\/wp-content\/uploads\/2018\/07\/behruz_quliyev_1.jpg",230,172,false],"advps-thumb-one":["https:\/\/arantv.az\/wp-content\/uploads\/2018\/07\/behruz_quliyev_1.jpg",482,361,false]},"rttpg_author":{"display_name":"V\u00fcsal Rafiqo\u011flu","author_link":"https:\/\/arantv.az\/?author=2"},"rttpg_comment":0,"rttpg_category":"<a href=\"https:\/\/arantv.az\/?cat=4\" rel=\"category\">Siyas\u0259t<\/a>","rttpg_excerpt":"&#8220;Az\u0259rbaycan Prezidenti \u0130lham \u018fliyevin Fransaya r\u0259smi s\u0259f\u0259ri ilk n\u00f6vb\u0259d\u0259 \u00f6lk\u0259mizin Avropa qit\u0259sind\u0259ki \u0259h\u0259miyy\u0259tli rolunu v\u0259 yerini s\u00fcbuta yetirdi&#8221;. ARANTV.AZ x\u0259b\u0259r verir ki, bunu trend-\u0259 siyasi ekspert B\u0259hruz Quliyev \u00f6lk\u0259 ba\u015f\u00e7\u0131s\u0131n\u0131n Fransaya s\u0259f\u0259rini v\u0259 s\u0259f\u0259r \u00e7\u0259r\u00e7iv\u0259sind\u0259 \u0259ld\u0259 edil\u0259n raz\u0131la\u015fmalar\u0131 \u015f\u0259rh ed\u0259rk\u0259n deyib. B.Quliyevin s\u00f6zl\u0259rin\u0259 g\u00f6r\u0259, bu s\u0259f\u0259rin \u0259sas n\u0259tic\u0259si \u00f6lk\u0259l\u0259rimiz aras\u0131nda iqtisadi v\u0259 dig\u0259r sah\u0259l\u0259rd\u0259 \u0259ld\u0259&hellip;","_links":{"self":[{"href":"https:\/\/arantv.az\/index.php?rest_route=\/wp\/v2\/posts\/52"}],"collection":[{"href":"https:\/\/arantv.az\/index.php?rest_route=\/wp\/v2\/posts"}],"about":[{"href":"https:\/\/arantv.az\/index.php?rest_route=\/wp\/v2\/types\/post"}],"author":[{"embeddable":true,"href":"https:\/\/arantv.az\/index.php?rest_route=\/wp\/v2\/users\/2"}],"replies":[{"embeddable":true,"href":"https:\/\/arantv.az\/index.php?rest_route=%2Fwp%2Fv2%2Fcomments&post=52"}],"version-history":[{"count":0,"href":"https:\/\/arantv.az\/index.php?rest_route=\/wp\/v2\/posts\/52\/revisions"}],"wp:featuredmedia":[{"embeddable":true,"href":"https:\/\/arantv.az\/index.php?rest_route=\/wp\/v2\/media\/53"}],"wp:attachment":[{"href":"https:\/\/arantv.az\/index.php?rest_route=%2Fwp%2Fv2%2Fmedia&parent=52"}],"wp:term":[{"taxonomy":"category","embeddable":true,"href":"https:\/\/arantv.az\/index.php?rest_route=%2Fwp%2Fv2%2Fcategories&post=52"},{"taxonomy":"post_tag","embeddable":true,"href":"https:\/\/arantv.az\/index.php?rest_route=%2Fwp%2Fv2%2Ftags&post=52"}],"curies":[{"name":"wp","href":"https:\/\/api.w.org\/{rel}","templated":true}]}}