{"id":52005,"date":"2019-04-22T07:56:12","date_gmt":"2019-04-22T04:56:12","guid":{"rendered":"http:\/\/arantv.az\/?p=52005"},"modified":"2019-04-22T07:56:12","modified_gmt":"2019-04-22T04:56:12","slug":"az%c9%99rbaycan-millisinin-sabiq-futbolcusu-doyulub","status":"publish","type":"post","link":"https:\/\/arantv.az\/?p=52005","title":{"rendered":"Az\u0259rbaycan millisinin sabiq futbol\u00e7usu d\u00f6y\u00fcl\u00fcb"},"content":{"rendered":"<p>Az\u0259rbaycan millisinin sabiq futbol\u00e7usu Sa\u015fa Yuniso\u011flu d\u00f6y\u00fcl\u00fcb.<\/p>\n<p><strong>ARANTV.AZ<\/strong>-\u0131n m\u0259lumat\u0131na g\u00f6r\u0259, hadis\u0259 X\u0259tai rayonu N.R\u0259fiyev k\u00fc\u00e7\u0259sind\u0259 qeyd\u0259 al\u0131n\u0131b.<\/p>\n<p>Bel\u0259 ki, 2 n\u0259f\u0259r nam\u0259lum \u015f\u0259xs xuliqanl\u0131q z\u0259minind\u0259 1985-ci il t\u0259v\u0259ll\u00fcdl\u00fc Bak\u0131 \u015f\u0259h\u0259r sakini Sa\u015fa Yuniso\u011flunu d\u00f6y\u00fcb. Polis\u0259 bu bar\u0259d\u0259 z\u0259r\u0259r\u00e7\u0259k\u0259n \u00f6z\u00fc \u015fikay\u0259t edib. Hadis\u0259ni t\u00f6r\u0259d\u0259n \u015f\u0259xsl\u0259r axtar\u0131l\u0131r.<\/p>\n<p>Qeyd ed\u0259k ki, d\u00f6y\u00fcl\u0259n \u015f\u0259xs 2007-2011-ci ill\u0259rd\u0259 Az\u0259rbaycan y\u0131\u011fmas\u0131n\u0131n \u015f\u0259r\u0259fini qoruyub.ona<\/p>\n","protected":false},"excerpt":{"rendered":"<p>Az\u0259rbaycan millisinin sabiq futbol\u00e7usu Sa\u015fa Yuniso\u011flu d\u00f6y\u00fcl\u00fcb. ARANTV.AZ-\u0131n m\u0259lumat\u0131na g\u00f6r\u0259, hadis\u0259 X\u0259tai rayonu N.R\u0259fiyev k\u00fc\u00e7\u0259sind\u0259 qeyd\u0259 al\u0131n\u0131b. Bel\u0259 ki, 2 n\u0259f\u0259r nam\u0259lum \u015f\u0259xs xuliqanl\u0131q z\u0259minind\u0259 1985-ci il t\u0259v\u0259ll\u00fcdl\u00fc Bak\u0131 \u015f\u0259h\u0259r sakini Sa\u015fa Yuniso\u011flunu d\u00f6y\u00fcb. Polis\u0259 bu bar\u0259d\u0259 z\u0259r\u0259r\u00e7\u0259k\u0259n \u00f6z\u00fc \u015fikay\u0259t edib. Hadis\u0259ni t\u00f6r\u0259d\u0259n \u015f\u0259xsl\u0259r axtar\u0131l\u0131r. Qeyd ed\u0259k ki, d\u00f6y\u00fcl\u0259n \u015f\u0259xs 2007-2011-ci ill\u0259rd\u0259 Az\u0259rbaycan y\u0131\u011fmas\u0131n\u0131n \u015f\u0259r\u0259fini qoruyub.ona<\/p>\n","protected":false},"author":2,"featured_media":52006,"comment_status":"closed","ping_status":"closed","sticky":false,"template":"","format":"standard","meta":{"om_disable_all_campaigns":false,"_monsterinsights_skip_tracking":false,"_monsterinsights_sitenote_active":false,"_monsterinsights_sitenote_note":"","_monsterinsights_sitenote_category":0},"categories":[5],"tags":[],"aioseo_notices":[],"gutentor_comment":0,"rttpg_featured_image_url":{"full":["https:\/\/arantv.az\/wp-content\/uploads\/2019\/04\/295cbcb378d83d2.jpg",620,384,false],"landscape":["https:\/\/arantv.az\/wp-content\/uploads\/2019\/04\/295cbcb378d83d2.jpg",620,384,false],"portraits":["https:\/\/arantv.az\/wp-content\/uploads\/2019\/04\/295cbcb378d83d2.jpg",620,384,false],"thumbnail":["https:\/\/arantv.az\/wp-content\/uploads\/2019\/04\/295cbcb378d83d2-150x150.jpg",150,150,true],"medium":["https:\/\/arantv.az\/wp-content\/uploads\/2019\/04\/295cbcb378d83d2-300x186.jpg",300,186,true],"large":["https:\/\/arantv.az\/wp-content\/uploads\/2019\/04\/295cbcb378d83d2.jpg",620,384,false],"1536x1536":["https:\/\/arantv.az\/wp-content\/uploads\/2019\/04\/295cbcb378d83d2.jpg",620,384,false],"2048x2048":["https:\/\/arantv.az\/wp-content\/uploads\/2019\/04\/295cbcb378d83d2.jpg",620,384,false],"post-thumbnail":["https:\/\/arantv.az\/wp-content\/uploads\/2019\/04\/295cbcb378d83d2-240x172.jpg",240,172,true],"advps-thumb-one":["https:\/\/arantv.az\/wp-content\/uploads\/2019\/04\/295cbcb378d83d2.jpg",620,384,false]},"rttpg_author":{"display_name":"V\u00fcsal Rafiqo\u011flu","author_link":"https:\/\/arantv.az\/?author=2"},"rttpg_comment":0,"rttpg_category":"<a href=\"https:\/\/arantv.az\/?cat=5\" rel=\"category\">Hadis\u0259<\/a>","rttpg_excerpt":"Az\u0259rbaycan millisinin sabiq futbol\u00e7usu Sa\u015fa Yuniso\u011flu d\u00f6y\u00fcl\u00fcb. ARANTV.AZ-\u0131n m\u0259lumat\u0131na g\u00f6r\u0259, hadis\u0259 X\u0259tai rayonu N.R\u0259fiyev k\u00fc\u00e7\u0259sind\u0259 qeyd\u0259 al\u0131n\u0131b. Bel\u0259 ki, 2 n\u0259f\u0259r nam\u0259lum \u015f\u0259xs xuliqanl\u0131q z\u0259minind\u0259 1985-ci il t\u0259v\u0259ll\u00fcdl\u00fc Bak\u0131 \u015f\u0259h\u0259r sakini Sa\u015fa Yuniso\u011flunu d\u00f6y\u00fcb. Polis\u0259 bu bar\u0259d\u0259 z\u0259r\u0259r\u00e7\u0259k\u0259n \u00f6z\u00fc \u015fikay\u0259t edib. Hadis\u0259ni t\u00f6r\u0259d\u0259n \u015f\u0259xsl\u0259r axtar\u0131l\u0131r. Qeyd ed\u0259k ki, d\u00f6y\u00fcl\u0259n \u015f\u0259xs 2007-2011-ci ill\u0259rd\u0259 Az\u0259rbaycan y\u0131\u011fmas\u0131n\u0131n \u015f\u0259r\u0259fini&hellip;","_links":{"self":[{"href":"https:\/\/arantv.az\/index.php?rest_route=\/wp\/v2\/posts\/52005"}],"collection":[{"href":"https:\/\/arantv.az\/index.php?rest_route=\/wp\/v2\/posts"}],"about":[{"href":"https:\/\/arantv.az\/index.php?rest_route=\/wp\/v2\/types\/post"}],"author":[{"embeddable":true,"href":"https:\/\/arantv.az\/index.php?rest_route=\/wp\/v2\/users\/2"}],"replies":[{"embeddable":true,"href":"https:\/\/arantv.az\/index.php?rest_route=%2Fwp%2Fv2%2Fcomments&post=52005"}],"version-history":[{"count":0,"href":"https:\/\/arantv.az\/index.php?rest_route=\/wp\/v2\/posts\/52005\/revisions"}],"wp:featuredmedia":[{"embeddable":true,"href":"https:\/\/arantv.az\/index.php?rest_route=\/wp\/v2\/media\/52006"}],"wp:attachment":[{"href":"https:\/\/arantv.az\/index.php?rest_route=%2Fwp%2Fv2%2Fmedia&parent=52005"}],"wp:term":[{"taxonomy":"category","embeddable":true,"href":"https:\/\/arantv.az\/index.php?rest_route=%2Fwp%2Fv2%2Fcategories&post=52005"},{"taxonomy":"post_tag","embeddable":true,"href":"https:\/\/arantv.az\/index.php?rest_route=%2Fwp%2Fv2%2Ftags&post=52005"}],"curies":[{"name":"wp","href":"https:\/\/api.w.org\/{rel}","templated":true}]}}