{"id":520085,"date":"2022-10-05T13:44:28","date_gmt":"2022-10-05T10:44:28","guid":{"rendered":"https:\/\/arantv.az\/?p=520085"},"modified":"2022-10-05T13:44:28","modified_gmt":"2022-10-05T10:44:28","slug":"erm%c9%99nistan-insan-haqlari-carcisi-v%c9%99-mina-terrorcusu-r%c9%99y-foto","status":"publish","type":"post","link":"https:\/\/arantv.az\/?p=520085","title":{"rendered":"Erm\u0259nistan: \u201c\u0130nsan haqlar\u0131 car\u00e7\u0131s\u0131\u201d v\u0259 mina terror\u00e7usu &#8211; R\u018fY + FOTO"},"content":{"rendered":"<p>\u201cB\u00fct\u00fcn d\u00fcnyaya insan h\u00fcquqlar\u0131 il\u0259 ba\u011fl\u0131 car \u00e7\u0259k\u0259n Erm\u0259nistan \u00f6z m\u0259nfur \u0259m\u0259ll\u0259rinin n\u0259tic\u0259si olaraq m\u00fclki \u0259haliy\u0259 qar\u015f\u0131 mina terroruna davam etm\u0259kd\u0259n \u00e7\u0259kinmir\u201d.<\/p>\n<p>Bunu \u201cReport\u201da a\u00e7\u0131qlamas\u0131nda Milli M\u0259clisin M\u00fcdafi\u0259, t\u0259hl\u00fck\u0259sizlik v\u0259 korrupsiya il\u0259 m\u00fcbariz\u0259 komit\u0259sinin \u00fczv\u00fc Arzu Na\u011f\u0131yev deyib.<\/p>\n<div class=\"AdviadNativeVideo\"><\/div>\n<p>B\u00fct\u00fcn d\u00fcnyan\u0131n terrora qar\u015f\u0131 vahid c\u0259bh\u0259d\u0259 birl\u0259\u015fm\u0259li oldu\u011funu vur\u011fulayan deputat bildirib ki, buna baxmayaraq, h\u0259l\u0259 d\u0259 az\u0259rbaycanl\u0131lara qar\u015f\u0131 davam ed\u0259n mina terroru bar\u0259d\u0259 Erm\u0259nistana qar\u015f\u0131 beyn\u0259lxalq t\u0259\u015fkilatlardan h\u0259r hans\u0131 q\u0131nama, adekvat cavab g\u0259lmir:<\/p>\n<p>\u201cPrezident\u00a0<strong>\u0130lham \u018fliyev<\/strong>\u00a0d\u0259 d\u0259f\u0259l\u0259rl\u0259 \u00f6z \u00e7\u0131x\u0131\u015flar\u0131nda s\u00f6z\u00fcged\u0259n m\u0259s\u0259l\u0259 bar\u0259d\u0259 dan\u0131\u015f\u0131b v\u0259 beyn\u0259lxalq t\u0259\u015fkilatlar\u0131 bu \u0259razil\u0259r\u0259 d\u0259v\u0259t edib ki, Erm\u0259nistan\u0131n t\u00f6r\u0259tdiyi cinay\u0259tl\u0259ri \u00f6z g\u00f6zl\u0259ri il\u0259 g\u00f6rs\u00fcnl\u0259r. T\u0259\u0259ss\u00fcf ki, m\u0259hz el\u0259 h\u0259min beyn\u0259lxalq t\u0259\u015fkilatlarda k\u00f6k salm\u0131\u015f erm\u0259ni lobbisi v\u0259 yaxud onun maliyy\u0259 d\u0259st\u0259yind\u0259n istifad\u0259 ed\u0259n m\u0259murlar bu v\u0259h\u015filiy\u0259 g\u00f6z yumma\u011fa davam edirl\u0259r. Bu, birba\u015fa insan h\u00fcquqlar\u0131n\u0131n pozulmas\u0131d\u0131r v\u0259 d\u00fcnya birliyi buna susmamal\u0131d\u0131r\u201d.<\/p>\n<p><img src=\"https:\/\/cdn.oxu.az\/uploads\/W1siZiIsIjIwMjIvMTAvMDUvMTMvNDUvNTUvZTVkNDhjMzgtN2JkNi00ZTJkLWI5ZmQtNTQ1YzYxNjM4MGNiL0NELmpwZyJdLFsicCIsImVuY29kZSIsImpwZyIsIi1xdWFsaXR5IDgwIl0sWyJwIiwidGh1bWIiLCI1OTB4NTkwXHUwMDNlIl1d?sha=c172cc8d1adf3f8e\" alt=\"\" \/><\/p>\n<p>Onun s\u00f6zl\u0259rin\u0259 g\u00f6r\u0259, Az\u0259rbaycan \u0259z\u0259li torpaqlar\u0131n\u0131 i\u015f\u011faldan azad etdikd\u0259n sonra h\u0259min \u0259razil\u0259rd\u0259 dinc quruculuq i\u015fl\u0259ri il\u0259 m\u0259\u015f\u011ful olmal\u0131 idi:<\/p>\n<p>\u201cErm\u0259nil\u0259r is\u0259 n\u0259yin bahas\u0131na olursa-olsun, bu m\u0259skunla\u015fman\u0131n, B\u00f6y\u00fck Qay\u0131d\u0131\u015f\u0131n qar\u015f\u0131s\u0131n\u0131 almaq \u00fc\u00e7\u00fcn mina terroruna \u0259l at\u0131b. Onlar \u0259sas\u0259n elektrik, qaz x\u0259tl\u0259ri, avtomobil yollar\u0131 kimi h\u0259yat \u00fc\u00e7\u00fcn \u0259h\u0259miyy\u0259tli olan infrastrukturun ke\u00e7diyi \u0259razil\u0259ri minalay\u0131blar. Az\u0259rbaycan bu g\u00fcn qarda\u015f T\u00fcrkiy\u0259nin d\u0259 d\u0259st\u0259yi il\u0259 \u00f6z g\u00fcc\u00fc hesab\u0131na \u0259razil\u0259ri minalardan t\u0259mizl\u0259yir. Bu is\u0259 \u00e7ox ciddi maliyy\u0259 v\u0259saiti v\u0259 texnika t\u0259l\u0259b ed\u0259n bir m\u0259s\u0259l\u0259dir. Erm\u0259nil\u0259rin ill\u0259rl\u0259 tarixi torpaqlar\u0131m\u0131z\u0131 minalamas\u0131n\u0131n \u0259sas m\u0259qs\u0259di is\u0259 az\u0259rbaycanl\u0131lar\u0131n \u00f6z yurdlar\u0131na qay\u0131tmas\u0131n\u0131 l\u0259ngitm\u0259k v\u0259 insanlarda qorxu hissi yaratmaq olub. B\u00fct\u00fcn d\u00fcnyaya insan h\u00fcquqlar\u0131 il\u0259 ba\u011fl\u0131 car \u00e7\u0259k\u0259n Erm\u0259nistan \u00f6z m\u0259nfur \u0259m\u0259ll\u0259rinin n\u0259tic\u0259si olaraq m\u00fclki \u0259haliy\u0259 qar\u015f\u0131 mina terroruna davam etm\u0259kd\u0259n \u00e7\u0259kinmir\u201d.<\/p>\n<p>\u201cH\u0259r g\u00fcn mina partlay\u0131\u015flar\u0131na g\u00f6r\u0259 insanlar\u0131n x\u0259sar\u0259t ald\u0131\u011f\u0131 v\u0259 ya h\u0259lak oldu\u011fu halda iki \u00f6lk\u0259 aras\u0131nda hans\u0131 s\u00fclh prosesind\u0259n s\u00f6hb\u0259t ged\u0259 bil\u0259r?! B\u00fct\u00fcn bunlar regionda s\u00fclh\u00fcn yarad\u0131lmas\u0131na mane olan \u0259sas faktorlardan biridir\u201d, &#8211; A.Na\u011f\u0131yev s\u00f6yl\u0259yib.<\/p>\n","protected":false},"excerpt":{"rendered":"<p>\u201cB\u00fct\u00fcn d\u00fcnyaya insan h\u00fcquqlar\u0131 il\u0259 ba\u011fl\u0131 car \u00e7\u0259k\u0259n Erm\u0259nistan \u00f6z m\u0259nfur \u0259m\u0259ll\u0259rinin n\u0259tic\u0259si olaraq m\u00fclki \u0259haliy\u0259 qar\u015f\u0131 mina terroruna davam etm\u0259kd\u0259n \u00e7\u0259kinmir\u201d. Bunu \u201cReport\u201da a\u00e7\u0131qlamas\u0131nda Milli M\u0259clisin M\u00fcdafi\u0259, t\u0259hl\u00fck\u0259sizlik v\u0259 korrupsiya il\u0259 m\u00fcbariz\u0259 komit\u0259sinin \u00fczv\u00fc Arzu Na\u011f\u0131yev deyib. B\u00fct\u00fcn d\u00fcnyan\u0131n terrora qar\u015f\u0131 vahid c\u0259bh\u0259d\u0259 birl\u0259\u015fm\u0259li oldu\u011funu vur\u011fulayan deputat bildirib ki, buna baxmayaraq, h\u0259l\u0259 d\u0259 az\u0259rbaycanl\u0131lara qar\u015f\u0131 davam ed\u0259n mina terroru bar\u0259d\u0259 Erm\u0259nistana qar\u015f\u0131 beyn\u0259lxalq t\u0259\u015fkilatlardan h\u0259r hans\u0131 q\u0131nama, adekvat cavab g\u0259lmir: \u201cPrezident\u00a0\u0130lham \u018fliyev\u00a0d\u0259 d\u0259f\u0259l\u0259rl\u0259 \u00f6z \u00e7\u0131x\u0131\u015flar\u0131nda s\u00f6z\u00fcged\u0259n m\u0259s\u0259l\u0259 bar\u0259d\u0259 dan\u0131\u015f\u0131b v\u0259 beyn\u0259lxalq t\u0259\u015fkilatlar\u0131 bu \u0259razil\u0259r\u0259 d\u0259v\u0259t edib ki, Erm\u0259nistan\u0131n t\u00f6r\u0259tdiyi&hellip;<\/p>\n","protected":false},"author":2,"featured_media":520086,"comment_status":"closed","ping_status":"closed","sticky":false,"template":"","format":"standard","meta":{"om_disable_all_campaigns":false,"_monsterinsights_skip_tracking":false,"_monsterinsights_sitenote_active":false,"_monsterinsights_sitenote_note":"","_monsterinsights_sitenote_category":0},"categories":[4],"tags":[],"aioseo_notices":[],"gutentor_comment":0,"rttpg_featured_image_url":{"full":["https:\/\/arantv.az\/wp-content\/uploads\/2022\/10\/MA\u00b0NA.jpg",620,413,false],"landscape":["https:\/\/arantv.az\/wp-content\/uploads\/2022\/10\/MA\u00b0NA.jpg",620,413,false],"portraits":["https:\/\/arantv.az\/wp-content\/uploads\/2022\/10\/MA\u00b0NA.jpg",620,413,false],"thumbnail":["https:\/\/arantv.az\/wp-content\/uploads\/2022\/10\/MA\u00b0NA-500x280.jpg",500,280,true],"medium":["https:\/\/arantv.az\/wp-content\/uploads\/2022\/10\/MA\u00b0NA-548x365.jpg",548,365,true],"large":["https:\/\/arantv.az\/wp-content\/uploads\/2022\/10\/MA\u00b0NA.jpg",620,413,false],"1536x1536":["https:\/\/arantv.az\/wp-content\/uploads\/2022\/10\/MA\u00b0NA.jpg",620,413,false],"2048x2048":["https:\/\/arantv.az\/wp-content\/uploads\/2022\/10\/MA\u00b0NA.jpg",620,413,false],"post-thumbnail":["https:\/\/arantv.az\/wp-content\/uploads\/2022\/10\/MA\u00b0NA-240x172.jpg",240,172,true],"advps-thumb-one":["https:\/\/arantv.az\/wp-content\/uploads\/2022\/10\/MA\u00b0NA.jpg",620,413,false]},"rttpg_author":{"display_name":"V\u00fcsal Rafiqo\u011flu","author_link":"https:\/\/arantv.az\/?author=2"},"rttpg_comment":0,"rttpg_category":"<a href=\"https:\/\/arantv.az\/?cat=4\" rel=\"category\">Siyas\u0259t<\/a>","rttpg_excerpt":"\u201cB\u00fct\u00fcn d\u00fcnyaya insan h\u00fcquqlar\u0131 il\u0259 ba\u011fl\u0131 car \u00e7\u0259k\u0259n Erm\u0259nistan \u00f6z m\u0259nfur \u0259m\u0259ll\u0259rinin n\u0259tic\u0259si olaraq m\u00fclki \u0259haliy\u0259 qar\u015f\u0131 mina terroruna davam etm\u0259kd\u0259n \u00e7\u0259kinmir\u201d. Bunu \u201cReport\u201da a\u00e7\u0131qlamas\u0131nda Milli M\u0259clisin M\u00fcdafi\u0259, t\u0259hl\u00fck\u0259sizlik v\u0259 korrupsiya il\u0259 m\u00fcbariz\u0259 komit\u0259sinin \u00fczv\u00fc Arzu Na\u011f\u0131yev deyib. B\u00fct\u00fcn d\u00fcnyan\u0131n terrora qar\u015f\u0131 vahid c\u0259bh\u0259d\u0259 birl\u0259\u015fm\u0259li oldu\u011funu vur\u011fulayan deputat bildirib ki, buna baxmayaraq, h\u0259l\u0259 d\u0259 az\u0259rbaycanl\u0131lara&hellip;","_links":{"self":[{"href":"https:\/\/arantv.az\/index.php?rest_route=\/wp\/v2\/posts\/520085"}],"collection":[{"href":"https:\/\/arantv.az\/index.php?rest_route=\/wp\/v2\/posts"}],"about":[{"href":"https:\/\/arantv.az\/index.php?rest_route=\/wp\/v2\/types\/post"}],"author":[{"embeddable":true,"href":"https:\/\/arantv.az\/index.php?rest_route=\/wp\/v2\/users\/2"}],"replies":[{"embeddable":true,"href":"https:\/\/arantv.az\/index.php?rest_route=%2Fwp%2Fv2%2Fcomments&post=520085"}],"version-history":[{"count":0,"href":"https:\/\/arantv.az\/index.php?rest_route=\/wp\/v2\/posts\/520085\/revisions"}],"wp:featuredmedia":[{"embeddable":true,"href":"https:\/\/arantv.az\/index.php?rest_route=\/wp\/v2\/media\/520086"}],"wp:attachment":[{"href":"https:\/\/arantv.az\/index.php?rest_route=%2Fwp%2Fv2%2Fmedia&parent=520085"}],"wp:term":[{"taxonomy":"category","embeddable":true,"href":"https:\/\/arantv.az\/index.php?rest_route=%2Fwp%2Fv2%2Fcategories&post=520085"},{"taxonomy":"post_tag","embeddable":true,"href":"https:\/\/arantv.az\/index.php?rest_route=%2Fwp%2Fv2%2Ftags&post=520085"}],"curies":[{"name":"wp","href":"https:\/\/api.w.org\/{rel}","templated":true}]}}