{"id":520094,"date":"2022-10-05T14:13:20","date_gmt":"2022-10-05T11:13:20","guid":{"rendered":"https:\/\/arantv.az\/?p=520094"},"modified":"2022-10-05T14:13:20","modified_gmt":"2022-10-05T11:13:20","slug":"az%c9%99rbaycan-ii-x%c9%99z%c9%99r-iqtisadi-forumunda-t%c9%99msil-olunub-foto","status":"publish","type":"post","link":"https:\/\/arantv.az\/?p=520094","title":{"rendered":"Az\u0259rbaycan II X\u0259z\u0259r \u0130qtisadi Forumunda t\u0259msil olunub &#8211; FOTO"},"content":{"rendered":"<article class=\"news\">\n<div class=\"news-inner\">\n<p>\u0130qtisadiyyat naziri Mikay\u0131l Cabbarov Rusiyan\u0131n paytaxt\u0131 Moskvada ke\u00e7iril\u0259n II X\u0259z\u0259r \u0130qtisadi Forumunda i\u015ftirak edib.<\/p>\n<p>Bu bar\u0259d\u0259 nazir \u201cFacebook\u201d hesab\u0131nda m\u0259lumat verib.<\/p>\n<p>\u201cAz\u0259rbaycan X\u0259z\u0259ryan\u0131 \u00f6lk\u0259l\u0259r aras\u0131nda iqtisadi \u0259m\u0259kda\u015fl\u0131\u011f\u0131n g\u00fccl\u0259ndirilm\u0259sind\u0259 maraql\u0131d\u0131r. Forumda iqlim siyas\u0259ti \u00fczr\u0259 qlobal \u00e7a\u011f\u0131r\u0131\u015flardan ir\u0259li g\u0259l\u0259n f\u0259aliyy\u0259t istiqam\u0259tl\u0259ri bar\u0259d\u0259 m\u00fczakir\u0259l\u0259r apard\u0131q. H\u0259mkarlarla birlikd\u0259 X\u0259z\u0259ryan\u0131 \u00f6lk\u0259l\u0259r aras\u0131nda iqtisadi \u0259m\u0259kda\u015fl\u0131\u011f\u0131n g\u00fccl\u0259ndirilm\u0259sinin, yeni konsepsiyalar\u0131n t\u0259tbiqinin \u0259h\u0259miyy\u0259tini vur\u011fulad\u0131q\u201d, &#8211; dey\u0259 o\u00a0qeyd edib.<\/p>\n<div><iframe loading=\"lazy\" src=\"https:\/\/www.facebook.com\/plugins\/post.php?href=https%3A%2F%2Fwww.facebook.com%2FJabbarovMikayil%2Fposts%2Fpfbid02yQJeinpoLCCn1mC3fBhPhcLnihdFja72YCTK7Bx2E1QHcZm5LvDv781uEmgwb1qsl&amp;show_text=true&amp;width=500\" width=\"500\" height=\"784\" frameborder=\"0\" scrolling=\"no\" allowfullscreen=\"allowfullscreen\" data-mce-fragment=\"1\"><\/iframe><\/div>\n<\/div>\n<\/article>\n","protected":false},"excerpt":{"rendered":"<p>\u0130qtisadiyyat naziri Mikay\u0131l Cabbarov Rusiyan\u0131n paytaxt\u0131 Moskvada ke\u00e7iril\u0259n II X\u0259z\u0259r \u0130qtisadi Forumunda i\u015ftirak edib. Bu bar\u0259d\u0259 nazir \u201cFacebook\u201d hesab\u0131nda m\u0259lumat verib. \u201cAz\u0259rbaycan X\u0259z\u0259ryan\u0131 \u00f6lk\u0259l\u0259r aras\u0131nda iqtisadi \u0259m\u0259kda\u015fl\u0131\u011f\u0131n g\u00fccl\u0259ndirilm\u0259sind\u0259 maraql\u0131d\u0131r. Forumda iqlim siyas\u0259ti \u00fczr\u0259 qlobal \u00e7a\u011f\u0131r\u0131\u015flardan ir\u0259li g\u0259l\u0259n f\u0259aliyy\u0259t istiqam\u0259tl\u0259ri bar\u0259d\u0259 m\u00fczakir\u0259l\u0259r apard\u0131q. H\u0259mkarlarla birlikd\u0259 X\u0259z\u0259ryan\u0131 \u00f6lk\u0259l\u0259r aras\u0131nda iqtisadi \u0259m\u0259kda\u015fl\u0131\u011f\u0131n g\u00fccl\u0259ndirilm\u0259sinin, yeni konsepsiyalar\u0131n t\u0259tbiqinin \u0259h\u0259miyy\u0259tini vur\u011fulad\u0131q\u201d, &#8211; dey\u0259 o\u00a0qeyd edib.<\/p>\n","protected":false},"author":2,"featured_media":520095,"comment_status":"closed","ping_status":"closed","sticky":false,"template":"","format":"standard","meta":{"om_disable_all_campaigns":false,"_monsterinsights_skip_tracking":false,"_monsterinsights_sitenote_active":false,"_monsterinsights_sitenote_note":"","_monsterinsights_sitenote_category":0},"categories":[19],"tags":[],"aioseo_notices":[],"gutentor_comment":0,"rttpg_featured_image_url":{"full":["https:\/\/arantv.az\/wp-content\/uploads\/2022\/10\/c33b85f5-8126-3f28-94a8-32ce325d7305_850.jpg",620,413,false],"landscape":["https:\/\/arantv.az\/wp-content\/uploads\/2022\/10\/c33b85f5-8126-3f28-94a8-32ce325d7305_850.jpg",620,413,false],"portraits":["https:\/\/arantv.az\/wp-content\/uploads\/2022\/10\/c33b85f5-8126-3f28-94a8-32ce325d7305_850.jpg",620,413,false],"thumbnail":["https:\/\/arantv.az\/wp-content\/uploads\/2022\/10\/c33b85f5-8126-3f28-94a8-32ce325d7305_850-500x280.jpg",500,280,true],"medium":["https:\/\/arantv.az\/wp-content\/uploads\/2022\/10\/c33b85f5-8126-3f28-94a8-32ce325d7305_850-548x365.jpg",548,365,true],"large":["https:\/\/arantv.az\/wp-content\/uploads\/2022\/10\/c33b85f5-8126-3f28-94a8-32ce325d7305_850.jpg",620,413,false],"1536x1536":["https:\/\/arantv.az\/wp-content\/uploads\/2022\/10\/c33b85f5-8126-3f28-94a8-32ce325d7305_850.jpg",620,413,false],"2048x2048":["https:\/\/arantv.az\/wp-content\/uploads\/2022\/10\/c33b85f5-8126-3f28-94a8-32ce325d7305_850.jpg",620,413,false],"post-thumbnail":["https:\/\/arantv.az\/wp-content\/uploads\/2022\/10\/c33b85f5-8126-3f28-94a8-32ce325d7305_850-240x172.jpg",240,172,true],"advps-thumb-one":["https:\/\/arantv.az\/wp-content\/uploads\/2022\/10\/c33b85f5-8126-3f28-94a8-32ce325d7305_850.jpg",620,413,false]},"rttpg_author":{"display_name":"V\u00fcsal Rafiqo\u011flu","author_link":"https:\/\/arantv.az\/?author=2"},"rttpg_comment":0,"rttpg_category":"<a href=\"https:\/\/arantv.az\/?cat=19\" rel=\"category\">G\u00fcnd\u0259m<\/a>","rttpg_excerpt":"\u0130qtisadiyyat naziri Mikay\u0131l Cabbarov Rusiyan\u0131n paytaxt\u0131 Moskvada ke\u00e7iril\u0259n II X\u0259z\u0259r \u0130qtisadi Forumunda i\u015ftirak edib. Bu bar\u0259d\u0259 nazir \u201cFacebook\u201d hesab\u0131nda m\u0259lumat verib. \u201cAz\u0259rbaycan X\u0259z\u0259ryan\u0131 \u00f6lk\u0259l\u0259r aras\u0131nda iqtisadi \u0259m\u0259kda\u015fl\u0131\u011f\u0131n g\u00fccl\u0259ndirilm\u0259sind\u0259 maraql\u0131d\u0131r. Forumda iqlim siyas\u0259ti \u00fczr\u0259 qlobal \u00e7a\u011f\u0131r\u0131\u015flardan ir\u0259li g\u0259l\u0259n f\u0259aliyy\u0259t istiqam\u0259tl\u0259ri bar\u0259d\u0259 m\u00fczakir\u0259l\u0259r apard\u0131q. H\u0259mkarlarla birlikd\u0259 X\u0259z\u0259ryan\u0131 \u00f6lk\u0259l\u0259r aras\u0131nda iqtisadi \u0259m\u0259kda\u015fl\u0131\u011f\u0131n g\u00fccl\u0259ndirilm\u0259sinin, yeni konsepsiyalar\u0131n t\u0259tbiqinin \u0259h\u0259miyy\u0259tini vur\u011fulad\u0131q\u201d,&hellip;","_links":{"self":[{"href":"https:\/\/arantv.az\/index.php?rest_route=\/wp\/v2\/posts\/520094"}],"collection":[{"href":"https:\/\/arantv.az\/index.php?rest_route=\/wp\/v2\/posts"}],"about":[{"href":"https:\/\/arantv.az\/index.php?rest_route=\/wp\/v2\/types\/post"}],"author":[{"embeddable":true,"href":"https:\/\/arantv.az\/index.php?rest_route=\/wp\/v2\/users\/2"}],"replies":[{"embeddable":true,"href":"https:\/\/arantv.az\/index.php?rest_route=%2Fwp%2Fv2%2Fcomments&post=520094"}],"version-history":[{"count":0,"href":"https:\/\/arantv.az\/index.php?rest_route=\/wp\/v2\/posts\/520094\/revisions"}],"wp:featuredmedia":[{"embeddable":true,"href":"https:\/\/arantv.az\/index.php?rest_route=\/wp\/v2\/media\/520095"}],"wp:attachment":[{"href":"https:\/\/arantv.az\/index.php?rest_route=%2Fwp%2Fv2%2Fmedia&parent=520094"}],"wp:term":[{"taxonomy":"category","embeddable":true,"href":"https:\/\/arantv.az\/index.php?rest_route=%2Fwp%2Fv2%2Fcategories&post=520094"},{"taxonomy":"post_tag","embeddable":true,"href":"https:\/\/arantv.az\/index.php?rest_route=%2Fwp%2Fv2%2Ftags&post=520094"}],"curies":[{"name":"wp","href":"https:\/\/api.w.org\/{rel}","templated":true}]}}