{"id":520113,"date":"2022-10-05T14:57:02","date_gmt":"2022-10-05T11:57:02","guid":{"rendered":"https:\/\/arantv.az\/?p=520113"},"modified":"2022-10-05T14:57:02","modified_gmt":"2022-10-05T11:57:02","slug":"britaniya-sirk%c9%99ti-c%c9%99brayilin-dirc%c9%99ldilm%c9%99sind%c9%99-istirak-etm%c9%99k-ist%c9%99yir","status":"publish","type":"post","link":"https:\/\/arantv.az\/?p=520113","title":{"rendered":"Britaniya \u015firk\u0259ti C\u0259bray\u0131l\u0131n dir\u00e7\u0259ldilm\u0259sind\u0259 i\u015ftirak etm\u0259k ist\u0259yir"},"content":{"rendered":"<p>B\u00f6y\u00fck Britaniyan\u0131n \u201cChapman Taylor\u201d \u015firk\u0259ti Az\u0259rbaycan\u0131n i\u015f\u011faldan azad edilmi\u015f \u0259razil\u0259rind\u0259ki \u015f\u0259h\u0259rsalma i\u015fl\u0259rind\u0259 i\u015ftiraka\u00a0maraq g\u00f6st\u0259rir.<\/p>\n<div class=\"AdviadNativeVideo\"><\/div>\n<p><strong>ARANTV.AZ<\/strong>-\u0131n m\u0259lumat\u0131na \u0259sas\u0259n, bunu A\u011fdamda ke\u00e7iril\u0259n Milli \u015e\u0259h\u0259rsalma Forumunda \u015firk\u0259tin direktoru Marselina Zielinska deyib.<\/p>\n<p>O, t\u0259msil etdiyi \u015firk\u0259tin \u015eu\u015fan\u0131n ba\u015f plan\u0131n\u0131n haz\u0131rlanmas\u0131nda i\u015ftirak etdiyini v\u0259 Az\u0259rbaycan h\u00f6kum\u0259tin\u0259 t\u0259klifl\u0259r verdiyini bildirib.<\/p>\n<p>Marselina Zielinska onu da s\u00f6yl\u0259yib ki, \u015firk\u0259t C\u0259bray\u0131l\u0131n ba\u015f plan\u0131n\u0131n haz\u0131rlanmas\u0131nda da i\u015ftirak etm\u0259k ist\u0259yir.<\/p>\n","protected":false},"excerpt":{"rendered":"<p>B\u00f6y\u00fck Britaniyan\u0131n \u201cChapman Taylor\u201d \u015firk\u0259ti Az\u0259rbaycan\u0131n i\u015f\u011faldan azad edilmi\u015f \u0259razil\u0259rind\u0259ki \u015f\u0259h\u0259rsalma i\u015fl\u0259rind\u0259 i\u015ftiraka\u00a0maraq g\u00f6st\u0259rir. ARANTV.AZ-\u0131n m\u0259lumat\u0131na \u0259sas\u0259n, bunu A\u011fdamda ke\u00e7iril\u0259n Milli \u015e\u0259h\u0259rsalma Forumunda \u015firk\u0259tin direktoru Marselina Zielinska deyib. O, t\u0259msil etdiyi \u015firk\u0259tin \u015eu\u015fan\u0131n ba\u015f plan\u0131n\u0131n haz\u0131rlanmas\u0131nda i\u015ftirak etdiyini v\u0259 Az\u0259rbaycan h\u00f6kum\u0259tin\u0259 t\u0259klifl\u0259r verdiyini bildirib. Marselina Zielinska onu da s\u00f6yl\u0259yib ki, \u015firk\u0259t C\u0259bray\u0131l\u0131n ba\u015f plan\u0131n\u0131n haz\u0131rlanmas\u0131nda da i\u015ftirak etm\u0259k ist\u0259yir.<\/p>\n","protected":false},"author":2,"featured_media":520114,"comment_status":"closed","ping_status":"closed","sticky":false,"template":"","format":"standard","meta":{"om_disable_all_campaigns":false,"_monsterinsights_skip_tracking":false,"_monsterinsights_sitenote_active":false,"_monsterinsights_sitenote_note":"","_monsterinsights_sitenote_category":0},"categories":[1],"tags":[],"aioseo_notices":[],"gutentor_comment":0,"rttpg_featured_image_url":{"full":["https:\/\/arantv.az\/wp-content\/uploads\/2022\/10\/mar.jpg",620,413,false],"landscape":["https:\/\/arantv.az\/wp-content\/uploads\/2022\/10\/mar.jpg",620,413,false],"portraits":["https:\/\/arantv.az\/wp-content\/uploads\/2022\/10\/mar.jpg",620,413,false],"thumbnail":["https:\/\/arantv.az\/wp-content\/uploads\/2022\/10\/mar-500x280.jpg",500,280,true],"medium":["https:\/\/arantv.az\/wp-content\/uploads\/2022\/10\/mar-548x365.jpg",548,365,true],"large":["https:\/\/arantv.az\/wp-content\/uploads\/2022\/10\/mar.jpg",620,413,false],"1536x1536":["https:\/\/arantv.az\/wp-content\/uploads\/2022\/10\/mar.jpg",620,413,false],"2048x2048":["https:\/\/arantv.az\/wp-content\/uploads\/2022\/10\/mar.jpg",620,413,false],"post-thumbnail":["https:\/\/arantv.az\/wp-content\/uploads\/2022\/10\/mar-240x172.jpg",240,172,true],"advps-thumb-one":["https:\/\/arantv.az\/wp-content\/uploads\/2022\/10\/mar.jpg",620,413,false]},"rttpg_author":{"display_name":"V\u00fcsal Rafiqo\u011flu","author_link":"https:\/\/arantv.az\/?author=2"},"rttpg_comment":0,"rttpg_category":"<a href=\"https:\/\/arantv.az\/?cat=1\" rel=\"category\">C\u0259miyy\u0259t<\/a>","rttpg_excerpt":"B\u00f6y\u00fck Britaniyan\u0131n \u201cChapman Taylor\u201d \u015firk\u0259ti Az\u0259rbaycan\u0131n i\u015f\u011faldan azad edilmi\u015f \u0259razil\u0259rind\u0259ki \u015f\u0259h\u0259rsalma i\u015fl\u0259rind\u0259 i\u015ftiraka\u00a0maraq g\u00f6st\u0259rir. ARANTV.AZ-\u0131n m\u0259lumat\u0131na \u0259sas\u0259n, bunu A\u011fdamda ke\u00e7iril\u0259n Milli \u015e\u0259h\u0259rsalma Forumunda \u015firk\u0259tin direktoru Marselina Zielinska deyib. O, t\u0259msil etdiyi \u015firk\u0259tin \u015eu\u015fan\u0131n ba\u015f plan\u0131n\u0131n haz\u0131rlanmas\u0131nda i\u015ftirak etdiyini v\u0259 Az\u0259rbaycan h\u00f6kum\u0259tin\u0259 t\u0259klifl\u0259r verdiyini bildirib. Marselina Zielinska onu da s\u00f6yl\u0259yib ki, \u015firk\u0259t C\u0259bray\u0131l\u0131n ba\u015f plan\u0131n\u0131n haz\u0131rlanmas\u0131nda&hellip;","_links":{"self":[{"href":"https:\/\/arantv.az\/index.php?rest_route=\/wp\/v2\/posts\/520113"}],"collection":[{"href":"https:\/\/arantv.az\/index.php?rest_route=\/wp\/v2\/posts"}],"about":[{"href":"https:\/\/arantv.az\/index.php?rest_route=\/wp\/v2\/types\/post"}],"author":[{"embeddable":true,"href":"https:\/\/arantv.az\/index.php?rest_route=\/wp\/v2\/users\/2"}],"replies":[{"embeddable":true,"href":"https:\/\/arantv.az\/index.php?rest_route=%2Fwp%2Fv2%2Fcomments&post=520113"}],"version-history":[{"count":0,"href":"https:\/\/arantv.az\/index.php?rest_route=\/wp\/v2\/posts\/520113\/revisions"}],"wp:featuredmedia":[{"embeddable":true,"href":"https:\/\/arantv.az\/index.php?rest_route=\/wp\/v2\/media\/520114"}],"wp:attachment":[{"href":"https:\/\/arantv.az\/index.php?rest_route=%2Fwp%2Fv2%2Fmedia&parent=520113"}],"wp:term":[{"taxonomy":"category","embeddable":true,"href":"https:\/\/arantv.az\/index.php?rest_route=%2Fwp%2Fv2%2Fcategories&post=520113"},{"taxonomy":"post_tag","embeddable":true,"href":"https:\/\/arantv.az\/index.php?rest_route=%2Fwp%2Fv2%2Ftags&post=520113"}],"curies":[{"name":"wp","href":"https:\/\/api.w.org\/{rel}","templated":true}]}}