{"id":520143,"date":"2022-10-05T15:57:40","date_gmt":"2022-10-05T12:57:40","guid":{"rendered":"https:\/\/arantv.az\/?p=520143"},"modified":"2022-10-05T15:57:40","modified_gmt":"2022-10-05T12:57:40","slug":"mikayil-cabbarov-rusiyali-nazir-il%c9%99-gorusdu-foto","status":"publish","type":"post","link":"https:\/\/arantv.az\/?p=520143","title":{"rendered":"Mikay\u0131l Cabbarov rusiyal\u0131 nazir il\u0259 g\u00f6r\u00fc\u015fd\u00fc &#8211; FOTO"},"content":{"rendered":"<p>\u0130qtisadiyyat naziri Mikay\u0131l Cabbarov Rusiyan\u0131n iqtisadi inki\u015faf naziri Maksim Re\u015fetnikovla g\u00f6r\u00fc\u015f\u00fcb<\/p>\n<div class=\"AdviadNativeVideo\"><\/div>\n<p>Bu bar\u0259d\u0259 o, \u00f6z\u00fcn\u00fcn \u201cFacebook\u201d s\u0259hif\u0259sind\u0259 m\u0259lumat yay\u0131b:<\/p>\n<p>\u201c\u00d6lk\u0259l\u0259rimiz aras\u0131nda ticar\u0259t \u0259laq\u0259l\u0259rinin geni\u015fl\u0259ndirilm\u0259si, iqtisadi \u0259m\u0259kda\u015fl\u0131q \u00e7\u0259r\u00e7iv\u0259sind\u0259 klasterl\u0259rin yarad\u0131lmas\u0131, Az\u0259rbaycan-Rusiya regionlararas\u0131 forumunun ke\u00e7irilm\u0259si v\u0259 iqtisadi zonalar \u00fczr\u0259 t\u0259r\u0259fda\u015fl\u0131\u011f\u0131n t\u0259\u015fviqi bar\u0259d\u0259 m\u00fczakir\u0259l\u0259r apard\u0131q\u201d.<\/p>\n<div><iframe loading=\"lazy\" src=\"https:\/\/www.facebook.com\/plugins\/post.php?href=https%3A%2F%2Fwww.facebook.com%2FJabbarovMikayil%2Fposts%2Fpfbid0vCRvf5AYgMXYbvpfxMWuvdShFzWcfwfy3i9cU9jywWmpQs3cZnrwnADwmJG6cwQol&amp;show_text=true&amp;width=500\" width=\"500\" height=\"784\" frameborder=\"0\" scrolling=\"no\" allowfullscreen=\"allowfullscreen\" data-mce-fragment=\"1\"><\/iframe><\/div>\n<p>&nbsp;<\/p>\n","protected":false},"excerpt":{"rendered":"<p>\u0130qtisadiyyat naziri Mikay\u0131l Cabbarov Rusiyan\u0131n iqtisadi inki\u015faf naziri Maksim Re\u015fetnikovla g\u00f6r\u00fc\u015f\u00fcb Bu bar\u0259d\u0259 o, \u00f6z\u00fcn\u00fcn \u201cFacebook\u201d s\u0259hif\u0259sind\u0259 m\u0259lumat yay\u0131b: \u201c\u00d6lk\u0259l\u0259rimiz aras\u0131nda ticar\u0259t \u0259laq\u0259l\u0259rinin geni\u015fl\u0259ndirilm\u0259si, iqtisadi \u0259m\u0259kda\u015fl\u0131q \u00e7\u0259r\u00e7iv\u0259sind\u0259 klasterl\u0259rin yarad\u0131lmas\u0131, Az\u0259rbaycan-Rusiya regionlararas\u0131 forumunun ke\u00e7irilm\u0259si v\u0259 iqtisadi zonalar \u00fczr\u0259 t\u0259r\u0259fda\u015fl\u0131\u011f\u0131n t\u0259\u015fviqi bar\u0259d\u0259 m\u00fczakir\u0259l\u0259r apard\u0131q\u201d. &nbsp;<\/p>\n","protected":false},"author":2,"featured_media":520144,"comment_status":"closed","ping_status":"closed","sticky":false,"template":"","format":"standard","meta":{"om_disable_all_campaigns":false,"_monsterinsights_skip_tracking":false,"_monsterinsights_sitenote_active":false,"_monsterinsights_sitenote_note":"","_monsterinsights_sitenote_category":0},"categories":[19],"tags":[],"aioseo_notices":[],"gutentor_comment":0,"rttpg_featured_image_url":{"full":["https:\/\/arantv.az\/wp-content\/uploads\/2022\/10\/310902875_633646971465732_3845829945123142700_n.jpg",620,413,false],"landscape":["https:\/\/arantv.az\/wp-content\/uploads\/2022\/10\/310902875_633646971465732_3845829945123142700_n.jpg",620,413,false],"portraits":["https:\/\/arantv.az\/wp-content\/uploads\/2022\/10\/310902875_633646971465732_3845829945123142700_n.jpg",620,413,false],"thumbnail":["https:\/\/arantv.az\/wp-content\/uploads\/2022\/10\/310902875_633646971465732_3845829945123142700_n-500x280.jpg",500,280,true],"medium":["https:\/\/arantv.az\/wp-content\/uploads\/2022\/10\/310902875_633646971465732_3845829945123142700_n-548x365.jpg",548,365,true],"large":["https:\/\/arantv.az\/wp-content\/uploads\/2022\/10\/310902875_633646971465732_3845829945123142700_n.jpg",620,413,false],"1536x1536":["https:\/\/arantv.az\/wp-content\/uploads\/2022\/10\/310902875_633646971465732_3845829945123142700_n.jpg",620,413,false],"2048x2048":["https:\/\/arantv.az\/wp-content\/uploads\/2022\/10\/310902875_633646971465732_3845829945123142700_n.jpg",620,413,false],"post-thumbnail":["https:\/\/arantv.az\/wp-content\/uploads\/2022\/10\/310902875_633646971465732_3845829945123142700_n-240x172.jpg",240,172,true],"advps-thumb-one":["https:\/\/arantv.az\/wp-content\/uploads\/2022\/10\/310902875_633646971465732_3845829945123142700_n.jpg",620,413,false]},"rttpg_author":{"display_name":"V\u00fcsal Rafiqo\u011flu","author_link":"https:\/\/arantv.az\/?author=2"},"rttpg_comment":0,"rttpg_category":"<a href=\"https:\/\/arantv.az\/?cat=19\" rel=\"category\">G\u00fcnd\u0259m<\/a>","rttpg_excerpt":"\u0130qtisadiyyat naziri Mikay\u0131l Cabbarov Rusiyan\u0131n iqtisadi inki\u015faf naziri Maksim Re\u015fetnikovla g\u00f6r\u00fc\u015f\u00fcb Bu bar\u0259d\u0259 o, \u00f6z\u00fcn\u00fcn \u201cFacebook\u201d s\u0259hif\u0259sind\u0259 m\u0259lumat yay\u0131b: \u201c\u00d6lk\u0259l\u0259rimiz aras\u0131nda ticar\u0259t \u0259laq\u0259l\u0259rinin geni\u015fl\u0259ndirilm\u0259si, iqtisadi \u0259m\u0259kda\u015fl\u0131q \u00e7\u0259r\u00e7iv\u0259sind\u0259 klasterl\u0259rin yarad\u0131lmas\u0131, Az\u0259rbaycan-Rusiya regionlararas\u0131 forumunun ke\u00e7irilm\u0259si v\u0259 iqtisadi zonalar \u00fczr\u0259 t\u0259r\u0259fda\u015fl\u0131\u011f\u0131n t\u0259\u015fviqi bar\u0259d\u0259 m\u00fczakir\u0259l\u0259r apard\u0131q\u201d. &nbsp;","_links":{"self":[{"href":"https:\/\/arantv.az\/index.php?rest_route=\/wp\/v2\/posts\/520143"}],"collection":[{"href":"https:\/\/arantv.az\/index.php?rest_route=\/wp\/v2\/posts"}],"about":[{"href":"https:\/\/arantv.az\/index.php?rest_route=\/wp\/v2\/types\/post"}],"author":[{"embeddable":true,"href":"https:\/\/arantv.az\/index.php?rest_route=\/wp\/v2\/users\/2"}],"replies":[{"embeddable":true,"href":"https:\/\/arantv.az\/index.php?rest_route=%2Fwp%2Fv2%2Fcomments&post=520143"}],"version-history":[{"count":0,"href":"https:\/\/arantv.az\/index.php?rest_route=\/wp\/v2\/posts\/520143\/revisions"}],"wp:featuredmedia":[{"embeddable":true,"href":"https:\/\/arantv.az\/index.php?rest_route=\/wp\/v2\/media\/520144"}],"wp:attachment":[{"href":"https:\/\/arantv.az\/index.php?rest_route=%2Fwp%2Fv2%2Fmedia&parent=520143"}],"wp:term":[{"taxonomy":"category","embeddable":true,"href":"https:\/\/arantv.az\/index.php?rest_route=%2Fwp%2Fv2%2Fcategories&post=520143"},{"taxonomy":"post_tag","embeddable":true,"href":"https:\/\/arantv.az\/index.php?rest_route=%2Fwp%2Fv2%2Ftags&post=520143"}],"curies":[{"name":"wp","href":"https:\/\/api.w.org\/{rel}","templated":true}]}}