{"id":520153,"date":"2022-10-05T18:58:31","date_gmt":"2022-10-05T15:58:31","guid":{"rendered":"https:\/\/arantv.az\/?p=520153"},"modified":"2022-10-05T18:58:31","modified_gmt":"2022-10-05T15:58:31","slug":"ceyhun-bayramov-v%c9%99t%c9%99n-muharib%c9%99sind%c9%99n-sonra-257-n%c9%99f%c9%99r-mina-qurbani-olub-foto","status":"publish","type":"post","link":"https:\/\/arantv.az\/?p=520153","title":{"rendered":"Ceyhun Bayramov: \u201cV\u0259t\u0259n m\u00fcharib\u0259sind\u0259n sonra 257 n\u0259f\u0259r mina qurban\u0131 olub\u201d &#8211; FOTO"},"content":{"rendered":"<p>\u201c2020-ci il V\u0259t\u0259n m\u00fcharib\u0259sind\u0259n sonra 257 n\u0259f\u0259r mina qurban\u0131 olub\u201d.<\/p>\n<div class=\"AdviadNativeVideo\"><\/div>\n<p>Bu bar\u0259d\u0259 Az\u0259rbaycan\u0131n xarici i\u015fl\u0259r naziri Ceyhun Bayramov \u201cTwitter\u201dd\u0259 bildirib.<\/p>\n<p>\u201cErm\u0259nistan t\u0259r\u0259find\u0259n minalar\u0131n kort\u0259bii istifad\u0259si v\u0259 minalar\u0131n basd\u0131r\u0131lmas\u0131na h\u0259l\u0259 d\u0259 davam edilm\u0259si yaralanmalara v\u0259 iztirablara s\u0259b\u0259b olur. \u00d6t\u0259n 30 il \u0259rzind\u0259 mina qurbanlar\u0131n\u0131n say\u0131 38-i qad\u0131n, 357-si u\u015faq olmaqla 3 336-ya \u00e7at\u0131b\u201d, &#8211; dey\u0259 payla\u015f\u0131mda deyilir.<\/p>\n<div>\n<div class=\"twitter-tweet twitter-tweet-rendered\"><iframe id=\"twitter-widget-0\" class=\"\" title=\"Twitter Tweet\" src=\"https:\/\/platform.twitter.com\/embed\/Tweet.html?creatorScreenName=oxuaz&amp;dnt=false&amp;embedId=twitter-widget-0&amp;features=eyJ0ZndfdGltZWxpbmVfbGlzdCI6eyJidWNrZXQiOlsibGlua3RyLmVlIiwidHIuZWUiLCJ0ZXJyYS5jb20uYnIiLCJ3d3cubGlua3RyLmVlIiwid3d3LnRyLmVlIiwid3d3LnRlcnJhLmNvbS5iciJdLCJ2ZXJzaW9uIjpudWxsfSwidGZ3X2hvcml6b25fdGltZWxpbmVfMTIwMzQiOnsiYnVja2V0IjoidHJlYXRtZW50IiwidmVyc2lvbiI6bnVsbH0sInRmd190d2VldF9lZGl0X2JhY2tlbmQiOnsiYnVja2V0Ijoib24iLCJ2ZXJzaW9uIjpudWxsfSwidGZ3X3JlZnNyY19zZXNzaW9uIjp7ImJ1Y2tldCI6Im9uIiwidmVyc2lvbiI6bnVsbH0sInRmd19jaGluX3BpbGxzXzE0NzQxIjp7ImJ1Y2tldCI6ImNvbG9yX2ljb25zIiwidmVyc2lvbiI6bnVsbH0sInRmd190d2VldF9yZXN1bHRfbWlncmF0aW9uXzEzOTc5Ijp7ImJ1Y2tldCI6InR3ZWV0X3Jlc3VsdCIsInZlcnNpb24iOm51bGx9LCJ0Zndfc2Vuc2l0aXZlX21lZGlhX2ludGVyc3RpdGlhbF8xMzk2MyI6eyJidWNrZXQiOiJpbnRlcnN0aXRpYWwiLCJ2ZXJzaW9uIjpudWxsfSwidGZ3X2V4cGVyaW1lbnRzX2Nvb2tpZV9leHBpcmF0aW9uIjp7ImJ1Y2tldCI6MTIwOTYwMCwidmVyc2lvbiI6bnVsbH0sInRmd19kdXBsaWNhdGVfc2NyaWJlc190b19zZXR0aW5ncyI6eyJidWNrZXQiOiJvbiIsInZlcnNpb24iOm51bGx9LCJ0ZndfdmlkZW9faGxzX2R5bmFtaWNfbWFuaWZlc3RzXzE1MDgyIjp7ImJ1Y2tldCI6InRydWVfYml0cmF0ZSIsInZlcnNpb24iOm51bGx9LCJ0ZndfdHdlZXRfZWRpdF9mcm9udGVuZCI6eyJidWNrZXQiOiJvbiIsInZlcnNpb24iOm51bGx9fQ%3D%3D&amp;frame=false&amp;hideCard=false&amp;hideThread=false&amp;id=1577667479052115972&amp;lang=en&amp;origin=https%3A%2F%2Foxu.az%2Fpolitics%2F650500&amp;sessionId=9d8fb1837c1b1239ea6df17ca0e6669aaef2c67f&amp;siteScreenName=oxuaz&amp;theme=light&amp;widgetsVersion=1c23387b1f70c%3A1664388199485&amp;width=550px\" frameborder=\"0\" scrolling=\"no\" allowfullscreen=\"allowfullscreen\" data-tweet-id=\"1577667479052115972\" data-mce-fragment=\"1\"><\/iframe><\/div>\n<\/div>\n<p>&nbsp;<\/p>\n","protected":false},"excerpt":{"rendered":"<p>\u201c2020-ci il V\u0259t\u0259n m\u00fcharib\u0259sind\u0259n sonra 257 n\u0259f\u0259r mina qurban\u0131 olub\u201d. Bu bar\u0259d\u0259 Az\u0259rbaycan\u0131n xarici i\u015fl\u0259r naziri Ceyhun Bayramov \u201cTwitter\u201dd\u0259 bildirib. \u201cErm\u0259nistan t\u0259r\u0259find\u0259n minalar\u0131n kort\u0259bii istifad\u0259si v\u0259 minalar\u0131n basd\u0131r\u0131lmas\u0131na h\u0259l\u0259 d\u0259 davam edilm\u0259si yaralanmalara v\u0259 iztirablara s\u0259b\u0259b olur. \u00d6t\u0259n 30 il \u0259rzind\u0259 mina qurbanlar\u0131n\u0131n say\u0131 38-i qad\u0131n, 357-si u\u015faq olmaqla 3 336-ya \u00e7at\u0131b\u201d, &#8211; dey\u0259 payla\u015f\u0131mda deyilir. &nbsp;<\/p>\n","protected":false},"author":2,"featured_media":520154,"comment_status":"closed","ping_status":"closed","sticky":false,"template":"","format":"standard","meta":{"om_disable_all_campaigns":false,"_monsterinsights_skip_tracking":false,"_monsterinsights_sitenote_active":false,"_monsterinsights_sitenote_note":"","_monsterinsights_sitenote_category":0},"categories":[4],"tags":[],"aioseo_notices":[],"gutentor_comment":0,"rttpg_featured_image_url":{"full":["https:\/\/arantv.az\/wp-content\/uploads\/2022\/10\/wQgKm7kNZQgIr4xNqxxG76x8eq7OfOLTLX4xWqRu-1-1.jpg",620,413,false],"landscape":["https:\/\/arantv.az\/wp-content\/uploads\/2022\/10\/wQgKm7kNZQgIr4xNqxxG76x8eq7OfOLTLX4xWqRu-1-1.jpg",620,413,false],"portraits":["https:\/\/arantv.az\/wp-content\/uploads\/2022\/10\/wQgKm7kNZQgIr4xNqxxG76x8eq7OfOLTLX4xWqRu-1-1.jpg",620,413,false],"thumbnail":["https:\/\/arantv.az\/wp-content\/uploads\/2022\/10\/wQgKm7kNZQgIr4xNqxxG76x8eq7OfOLTLX4xWqRu-1-1-500x280.jpg",500,280,true],"medium":["https:\/\/arantv.az\/wp-content\/uploads\/2022\/10\/wQgKm7kNZQgIr4xNqxxG76x8eq7OfOLTLX4xWqRu-1-1-548x365.jpg",548,365,true],"large":["https:\/\/arantv.az\/wp-content\/uploads\/2022\/10\/wQgKm7kNZQgIr4xNqxxG76x8eq7OfOLTLX4xWqRu-1-1.jpg",620,413,false],"1536x1536":["https:\/\/arantv.az\/wp-content\/uploads\/2022\/10\/wQgKm7kNZQgIr4xNqxxG76x8eq7OfOLTLX4xWqRu-1-1.jpg",620,413,false],"2048x2048":["https:\/\/arantv.az\/wp-content\/uploads\/2022\/10\/wQgKm7kNZQgIr4xNqxxG76x8eq7OfOLTLX4xWqRu-1-1.jpg",620,413,false],"post-thumbnail":["https:\/\/arantv.az\/wp-content\/uploads\/2022\/10\/wQgKm7kNZQgIr4xNqxxG76x8eq7OfOLTLX4xWqRu-1-1-240x172.jpg",240,172,true],"advps-thumb-one":["https:\/\/arantv.az\/wp-content\/uploads\/2022\/10\/wQgKm7kNZQgIr4xNqxxG76x8eq7OfOLTLX4xWqRu-1-1.jpg",620,413,false]},"rttpg_author":{"display_name":"V\u00fcsal Rafiqo\u011flu","author_link":"https:\/\/arantv.az\/?author=2"},"rttpg_comment":0,"rttpg_category":"<a href=\"https:\/\/arantv.az\/?cat=4\" rel=\"category\">Siyas\u0259t<\/a>","rttpg_excerpt":"\u201c2020-ci il V\u0259t\u0259n m\u00fcharib\u0259sind\u0259n sonra 257 n\u0259f\u0259r mina qurban\u0131 olub\u201d. Bu bar\u0259d\u0259 Az\u0259rbaycan\u0131n xarici i\u015fl\u0259r naziri Ceyhun Bayramov \u201cTwitter\u201dd\u0259 bildirib. \u201cErm\u0259nistan t\u0259r\u0259find\u0259n minalar\u0131n kort\u0259bii istifad\u0259si v\u0259 minalar\u0131n basd\u0131r\u0131lmas\u0131na h\u0259l\u0259 d\u0259 davam edilm\u0259si yaralanmalara v\u0259 iztirablara s\u0259b\u0259b olur. \u00d6t\u0259n 30 il \u0259rzind\u0259 mina qurbanlar\u0131n\u0131n say\u0131 38-i qad\u0131n, 357-si u\u015faq olmaqla 3 336-ya \u00e7at\u0131b\u201d, &#8211; dey\u0259 payla\u015f\u0131mda&hellip;","_links":{"self":[{"href":"https:\/\/arantv.az\/index.php?rest_route=\/wp\/v2\/posts\/520153"}],"collection":[{"href":"https:\/\/arantv.az\/index.php?rest_route=\/wp\/v2\/posts"}],"about":[{"href":"https:\/\/arantv.az\/index.php?rest_route=\/wp\/v2\/types\/post"}],"author":[{"embeddable":true,"href":"https:\/\/arantv.az\/index.php?rest_route=\/wp\/v2\/users\/2"}],"replies":[{"embeddable":true,"href":"https:\/\/arantv.az\/index.php?rest_route=%2Fwp%2Fv2%2Fcomments&post=520153"}],"version-history":[{"count":0,"href":"https:\/\/arantv.az\/index.php?rest_route=\/wp\/v2\/posts\/520153\/revisions"}],"wp:featuredmedia":[{"embeddable":true,"href":"https:\/\/arantv.az\/index.php?rest_route=\/wp\/v2\/media\/520154"}],"wp:attachment":[{"href":"https:\/\/arantv.az\/index.php?rest_route=%2Fwp%2Fv2%2Fmedia&parent=520153"}],"wp:term":[{"taxonomy":"category","embeddable":true,"href":"https:\/\/arantv.az\/index.php?rest_route=%2Fwp%2Fv2%2Fcategories&post=520153"},{"taxonomy":"post_tag","embeddable":true,"href":"https:\/\/arantv.az\/index.php?rest_route=%2Fwp%2Fv2%2Ftags&post=520153"}],"curies":[{"name":"wp","href":"https:\/\/api.w.org\/{rel}","templated":true}]}}