{"id":520156,"date":"2022-10-05T18:59:38","date_gmt":"2022-10-05T15:59:38","guid":{"rendered":"https:\/\/arantv.az\/?p=520156"},"modified":"2022-10-05T18:59:38","modified_gmt":"2022-10-05T15:59:38","slug":"az%c9%99rbaycanda-genis-amnistiya-olacaq-aciqlama-foto","status":"publish","type":"post","link":"https:\/\/arantv.az\/?p=520156","title":{"rendered":"Az\u0259rbaycanda geni\u015f amnistiya olacaq? &#8211; A\u00c7IQLAMA + FOTO"},"content":{"rendered":"<p>G\u0259l\u0259n il &#8211;\u00a0\u201cHeyd\u0259r \u018fliyev ili\u201dnd\u0259 Az\u0259rbaycanda geni\u015f amnistiya elan olunacaq.<\/p>\n<p>Bakupost.az-\u0131n \u0259ld\u0259 etdiyi m\u0259lumata g\u00f6r\u0259, bu amnistiya akt\u0131 il\u0259 minl\u0259rl\u0259 m\u0259hbusun h\u0259bsd\u0259n azad edil\u0259c\u0259yi, eyni zamanda xeyli m\u0259hbusun c\u0259zas\u0131n\u0131n azald\u0131laca\u011f\u0131 g\u00f6zl\u0259nilir.<\/p>\n<div class=\"AdviadNativeVideo\"><\/div>\n<p>M\u0259lumatl\u0131 m\u0259nb\u0259nin bildirdiyin\u0259 g\u00f6r\u0259, \u00fcmumimilli lider Heyd\u0259r \u018fliyevin anadan olmas\u0131n\u0131n 100 illiyi m\u00fcnasib\u0259til\u0259 elan olunacaq amnistiyan\u0131n Az\u0259rbaycanda \u0259n b\u00f6y\u00fck amnistiya akt\u0131 olaca\u011f\u0131 g\u00f6zl\u0259nilir.<\/p>\n<p>M\u0259s\u0259l\u0259 il\u0259 ba\u011fl\u0131\u00a0a\u00e7\u0131qlama ver\u0259n\u00a0Az\u0259rbaycan Respublikas\u0131n\u0131n Prezidenti yan\u0131nda \u018ffv M\u0259s\u0259l\u0259l\u0259ri Komissiyas\u0131n\u0131n \u00fczv\u00fc, Konstitusiya Ara\u015fd\u0131rmalar Fondunun prezidenti \u018flim\u0259mm\u0259d Nuriyev\u00a0bildirib ki, 2023-c\u00fc il Az\u0259rbaycan\u0131n ictimai-siyasi h\u0259yat\u0131nda b\u00f6y\u00fck hadis\u0259l\u0259r olacaq:<\/p>\n<p><img src=\"https:\/\/cdn.oxu.az\/uploads\/W1siZiIsIjIwMjIvMTAvMDUvMTkvMzAvMzUvMTk0ZDQ1YTQtMjFkZi00MjVjLWJhZjQtOTAwZDdlMmNlZDYzLzIwMjItMDgtMzEtMTctMzgtMjFFc2JaQzZxWXpKaE1FWGJZeDF6MF9maWxlLmpwZyJdLFsicCIsImVuY29kZSIsImpwZyIsIi1xdWFsaXR5IDgwIl0sWyJwIiwidGh1bWIiLCI1OTB4NTkwXHUwMDNlIl1d?sha=ab2bb67d2b11af42\" alt=\"\" \/><\/p>\n<p>\u201c\u00c7\u00fcnki Prezident<strong>\u00a0\u0130lham \u018fliyev<\/strong>\u00a0t\u0259r\u0259find\u0259n 2023-c\u00fc il Ulu \u00f6nd\u0259r Heyd\u0259r \u018fliyevin anadan olmas\u0131n\u0131n 100 illiyil\u0259 ba\u011fl\u0131\u00a0\u201cHeyd\u0259r \u018fliyev ili\u201d\u00a0elan edildi.\u00a0Prezident Adminstrasiyas\u0131na da iki ay m\u00fcdd\u0259tind\u0259 t\u0259dbirl\u0259r plan\u0131n\u0131n haz\u0131rlanmas\u0131 tap\u015f\u0131r\u0131l\u0131b. Bu t\u0259dbirl\u0259r plan\u0131nda n\u0259l\u0259r olaca\u011f\u0131n\u0131 \u0259vv\u0259lc\u0259d\u0259n m\u00fc\u0259yy\u0259n etm\u0259k, q\u0259ti fikir s\u00f6yl\u0259m\u0259k \u00e7\u0259tindir. Do\u011frudur, bu t\u0259dbirl\u0259r plan\u0131na ist\u0259nil\u0259n qurumlar, d\u00f6vl\u0259t orqanlar\u0131, v\u0259t\u0259nda\u015f c\u0259miyy\u0259tl\u0259ri t\u0259klifl\u0259r ver\u0259 bil\u0259r. Eyni zamanda, el\u0259 t\u0259\u015f\u0259bb\u00fcsl\u0259r ola bil\u0259r ki, onlar do\u011furdan da t\u0259dbirl\u0259r plan\u0131na d\u00fc\u015fm\u0259y\u0259 layiqdir\u201d.<\/p>\n<p>\u018f.Nuriyev, g\u0259l\u0259n il \u00fcmummilli lider Heyd\u0259r \u018fliyevin 100 illiyil\u0259 \u0259laq\u0259dar \u0259fv s\u0259r\u0259ncam\u0131n\u0131n olmas\u0131 il\u0259 ba\u011fl\u0131 \u00e7ox fikirl\u0259r s\u0259sl\u0259ndiyini v\u0259 bunu istisna etm\u0259diyini vur\u011fulay\u0131b:<\/p>\n<p>\u201cX\u00fcsusil\u0259 b\u00f6y\u00fck g\u00fcnl\u0259r \u00fc\u00e7\u00fcn \u0259fv s\u0259r\u0259ncamlar\u0131n\u0131n imzalanmas\u0131n\u0131n \u015fahidi olmu\u015fuq. M\u0259s\u0259l\u0259n, 2018-ci ild\u0259 C\u00fcmhuriyy\u0259tin 100 illiyil\u0259 ba\u011fl\u0131, h\u0259m\u00e7inin Z\u0259f\u0259r g\u00fcn\u00fc il\u0259 ba\u011fl\u0131 b\u00f6y\u00fck bir \u0259fv s\u0259r\u0259ncam\u0131 oldu. Y\u0259ni, bel\u0259 m\u00fch\u00fcm tarixl\u0259rd\u0259 \u0259fv s\u0259r\u0259ncam\u0131n\u0131n imzalanmas\u0131 istisna olunmur. Eyni zamanda, Az\u0259rbaycanda \u00fcmumilikd\u0259 68 \u0259fv s\u0259r\u0259ncam\u0131 olub ki, onun 33-\u00fc m\u0259hz Ulu \u00d6nd\u0259r Heyd\u0259r \u018fliyev t\u0259r\u0259find\u0259n imzalan\u0131b.1995-ci ild\u0259 Konstitusiyaya \u0259fv h\u00fcququnun sal\u0131nmas\u0131 da m\u0259hz onun t\u0259\u015f\u0259bb\u00fcs\u00fc il\u0259 olub. Humanizm v\u0259 m\u0259rh\u0259m\u0259t \u00fcmummilli lider Heyd\u0259r \u018fliyevin f\u0259aliyy\u0259tinin \u0259sas prinsipl\u0259rind\u0259n olub. Ona g\u00f6r\u0259 d\u0259 biz amnistiya akt\u0131n\u0131n olaca\u011f\u0131n\u0131 istisna etmirik. Az\u0259rbaycan xalq\u0131, d\u00f6vl\u0259t\u00e7iliyi \u00fc\u00e7\u00fcn n\u0259h\u0259ng miqyasl\u0131 i\u015fl\u0259r g\u00f6rm\u00fc\u015f bir \u015f\u0259xsin 100-c\u00fc ild\u00f6n\u00fcm\u00fc t\u0259bii ki, b\u00f6y\u00fck hadis\u0259l\u0259rl\u0259 z\u0259ngin olacaq\u201d.<\/p>\n","protected":false},"excerpt":{"rendered":"<p>G\u0259l\u0259n il &#8211;\u00a0\u201cHeyd\u0259r \u018fliyev ili\u201dnd\u0259 Az\u0259rbaycanda geni\u015f amnistiya elan olunacaq. Bakupost.az-\u0131n \u0259ld\u0259 etdiyi m\u0259lumata g\u00f6r\u0259, bu amnistiya akt\u0131 il\u0259 minl\u0259rl\u0259 m\u0259hbusun h\u0259bsd\u0259n azad edil\u0259c\u0259yi, eyni zamanda xeyli m\u0259hbusun c\u0259zas\u0131n\u0131n azald\u0131laca\u011f\u0131 g\u00f6zl\u0259nilir. M\u0259lumatl\u0131 m\u0259nb\u0259nin bildirdiyin\u0259 g\u00f6r\u0259, \u00fcmumimilli lider Heyd\u0259r \u018fliyevin anadan olmas\u0131n\u0131n 100 illiyi m\u00fcnasib\u0259til\u0259 elan olunacaq amnistiyan\u0131n Az\u0259rbaycanda \u0259n b\u00f6y\u00fck amnistiya akt\u0131 olaca\u011f\u0131 g\u00f6zl\u0259nilir. M\u0259s\u0259l\u0259 il\u0259 ba\u011fl\u0131\u00a0a\u00e7\u0131qlama ver\u0259n\u00a0Az\u0259rbaycan Respublikas\u0131n\u0131n Prezidenti yan\u0131nda \u018ffv M\u0259s\u0259l\u0259l\u0259ri Komissiyas\u0131n\u0131n \u00fczv\u00fc, Konstitusiya Ara\u015fd\u0131rmalar Fondunun prezidenti \u018flim\u0259mm\u0259d Nuriyev\u00a0bildirib ki, 2023-c\u00fc il Az\u0259rbaycan\u0131n ictimai-siyasi h\u0259yat\u0131nda b\u00f6y\u00fck hadis\u0259l\u0259r olacaq: \u201c\u00c7\u00fcnki Prezident\u00a0\u0130lham \u018fliyev\u00a0t\u0259r\u0259find\u0259n 2023-c\u00fc il Ulu \u00f6nd\u0259r Heyd\u0259r \u018fliyevin anadan&hellip;<\/p>\n","protected":false},"author":2,"featured_media":520157,"comment_status":"closed","ping_status":"closed","sticky":false,"template":"","format":"standard","meta":{"om_disable_all_campaigns":false,"_monsterinsights_skip_tracking":false,"_monsterinsights_sitenote_active":false,"_monsterinsights_sitenote_note":"","_monsterinsights_sitenote_category":0},"categories":[4],"tags":[],"aioseo_notices":[],"gutentor_comment":0,"rttpg_featured_image_url":{"full":["https:\/\/arantv.az\/wp-content\/uploads\/2022\/10\/FotoJet-2022-10-05T192943.241.jpg",620,413,false],"landscape":["https:\/\/arantv.az\/wp-content\/uploads\/2022\/10\/FotoJet-2022-10-05T192943.241.jpg",620,413,false],"portraits":["https:\/\/arantv.az\/wp-content\/uploads\/2022\/10\/FotoJet-2022-10-05T192943.241.jpg",620,413,false],"thumbnail":["https:\/\/arantv.az\/wp-content\/uploads\/2022\/10\/FotoJet-2022-10-05T192943.241-500x280.jpg",500,280,true],"medium":["https:\/\/arantv.az\/wp-content\/uploads\/2022\/10\/FotoJet-2022-10-05T192943.241-548x365.jpg",548,365,true],"large":["https:\/\/arantv.az\/wp-content\/uploads\/2022\/10\/FotoJet-2022-10-05T192943.241.jpg",620,413,false],"1536x1536":["https:\/\/arantv.az\/wp-content\/uploads\/2022\/10\/FotoJet-2022-10-05T192943.241.jpg",620,413,false],"2048x2048":["https:\/\/arantv.az\/wp-content\/uploads\/2022\/10\/FotoJet-2022-10-05T192943.241.jpg",620,413,false],"post-thumbnail":["https:\/\/arantv.az\/wp-content\/uploads\/2022\/10\/FotoJet-2022-10-05T192943.241-240x172.jpg",240,172,true],"advps-thumb-one":["https:\/\/arantv.az\/wp-content\/uploads\/2022\/10\/FotoJet-2022-10-05T192943.241.jpg",620,413,false]},"rttpg_author":{"display_name":"V\u00fcsal Rafiqo\u011flu","author_link":"https:\/\/arantv.az\/?author=2"},"rttpg_comment":0,"rttpg_category":"<a href=\"https:\/\/arantv.az\/?cat=4\" rel=\"category\">Siyas\u0259t<\/a>","rttpg_excerpt":"G\u0259l\u0259n il &#8211;\u00a0\u201cHeyd\u0259r \u018fliyev ili\u201dnd\u0259 Az\u0259rbaycanda geni\u015f amnistiya elan olunacaq. Bakupost.az-\u0131n \u0259ld\u0259 etdiyi m\u0259lumata g\u00f6r\u0259, bu amnistiya akt\u0131 il\u0259 minl\u0259rl\u0259 m\u0259hbusun h\u0259bsd\u0259n azad edil\u0259c\u0259yi, eyni zamanda xeyli m\u0259hbusun c\u0259zas\u0131n\u0131n azald\u0131laca\u011f\u0131 g\u00f6zl\u0259nilir. M\u0259lumatl\u0131 m\u0259nb\u0259nin bildirdiyin\u0259 g\u00f6r\u0259, \u00fcmumimilli lider Heyd\u0259r \u018fliyevin anadan olmas\u0131n\u0131n 100 illiyi m\u00fcnasib\u0259til\u0259 elan olunacaq amnistiyan\u0131n Az\u0259rbaycanda \u0259n b\u00f6y\u00fck amnistiya akt\u0131 olaca\u011f\u0131 g\u00f6zl\u0259nilir. M\u0259s\u0259l\u0259&hellip;","_links":{"self":[{"href":"https:\/\/arantv.az\/index.php?rest_route=\/wp\/v2\/posts\/520156"}],"collection":[{"href":"https:\/\/arantv.az\/index.php?rest_route=\/wp\/v2\/posts"}],"about":[{"href":"https:\/\/arantv.az\/index.php?rest_route=\/wp\/v2\/types\/post"}],"author":[{"embeddable":true,"href":"https:\/\/arantv.az\/index.php?rest_route=\/wp\/v2\/users\/2"}],"replies":[{"embeddable":true,"href":"https:\/\/arantv.az\/index.php?rest_route=%2Fwp%2Fv2%2Fcomments&post=520156"}],"version-history":[{"count":0,"href":"https:\/\/arantv.az\/index.php?rest_route=\/wp\/v2\/posts\/520156\/revisions"}],"wp:featuredmedia":[{"embeddable":true,"href":"https:\/\/arantv.az\/index.php?rest_route=\/wp\/v2\/media\/520157"}],"wp:attachment":[{"href":"https:\/\/arantv.az\/index.php?rest_route=%2Fwp%2Fv2%2Fmedia&parent=520156"}],"wp:term":[{"taxonomy":"category","embeddable":true,"href":"https:\/\/arantv.az\/index.php?rest_route=%2Fwp%2Fv2%2Fcategories&post=520156"},{"taxonomy":"post_tag","embeddable":true,"href":"https:\/\/arantv.az\/index.php?rest_route=%2Fwp%2Fv2%2Ftags&post=520156"}],"curies":[{"name":"wp","href":"https:\/\/api.w.org\/{rel}","templated":true}]}}