{"id":520210,"date":"2022-10-06T07:05:30","date_gmt":"2022-10-06T04:05:30","guid":{"rendered":"https:\/\/arantv.az\/?p=520210"},"modified":"2022-10-06T07:05:30","modified_gmt":"2022-10-06T04:05:30","slug":"%c9%99traf-muhiti-qoruyaq-daha-goz%c9%99l-s%c9%99h%c9%99rl%c9%99rd%c9%99-yasayaq","status":"publish","type":"post","link":"https:\/\/arantv.az\/?p=520210","title":{"rendered":"\u018ftraf m\u00fchiti qoruyaq, daha g\u00f6z\u0259l \u015f\u0259h\u0259rl\u0259rd\u0259 ya\u015fayaq!"},"content":{"rendered":"<p><em><strong>BMT-nin M\u0259skunla\u015fma Proqram\u0131n\u0131n, Az\u0259rbaycan Respublikas\u0131 D\u00f6vl\u0259t \u015e\u0259h\u0259rsalma v\u0259 Arxitektura Komit\u0259sinin \u0259m\u0259kda\u015fl\u0131\u011f\u0131, ADA Universitetinin t\u0259\u015fkilati d\u0259st\u0259yi il\u0259 Az\u0259rbaycan Milli \u015e\u0259h\u0259rsalma Forumu\u201dnun Bak\u0131 v\u0259 A\u011fdamda ke\u00e7irilm\u0259si \u00f6lk\u0259mizin t\u0259\u015f\u0259bb\u00fcskarl\u0131q \u0259n\u0259n\u0259sinin y\u00fcks\u0259k d\u0259y\u0259rl\u0259ndirilm\u0259sidir<\/strong><\/em><\/p>\n<p>Beyn\u0259lxalq s\u0259viyy\u0259d\u0259 d\u0259st\u0259kl\u0259n\u0259n \u00a0siyasi, iqtisadi, humanitar m\u0259s\u0259l\u0259l\u0259rin m\u00fczakir\u0259si \u00fc\u00e7\u00fcn platforma olan, sivilizasiyalararas\u0131\u00a0 m\u0259kan kimi tan\u0131nan \u00f6lk\u0259mizd\u0259\u00a0 ke\u00e7iril\u0259n t\u0259dbirl\u0259r multikultural d\u0259y\u0259rl\u0259r\u0259 sadiq\u00a0 Az\u0259rbaycan\u0131n d\u00fcnya ictimaiyy\u0259tin\u0259 \u0259m\u0259kda\u015fl\u0131q, h\u0259mr\u0259ylik \u00e7a\u011f\u0131r\u0131\u015f\u0131d\u0131r. \u00a0Q\u0259dimlikl\u0259\u00a0 m\u00fcasirliyin v\u0259hd\u0259tind\u0259 inki\u015faf ed\u0259n,\u00a0\u00a0 g\u00f6rk\u0259mi, t\u0259krarolunmaz g\u00f6z\u0259lliyi, tarixi abid\u0259l\u0259ri il\u0259 qonaqlar\u0131n\u0131 heyran ed\u0259n, \u00a0meqapolis kimi tan\u0131nan Bak\u0131n\u0131n ad\u0131n\u0131n Avropan\u0131n \u0259n inki\u015faf etmi\u015f \u015f\u0259h\u0259rl\u0259ri il\u0259 eyni s\u0131rada \u00e7\u0259kilm\u0259si t\u0259biidir.<\/p>\n<p>Prezident \u0130lham \u018fliyevin \u00abM\u0259n demi\u015f\u0259m, bir daha dem\u0259k ist\u0259yir\u0259m ki, vaxt g\u0259l\u0259c\u0259k, dey\u0259c\u0259yik ki,\u00a0 Bak\u0131 d\u00fcnyan\u0131n \u0259n\u00a0 g\u00f6z\u0259l \u015f\u0259h\u0259ridir\u00bb s\u00f6zl\u0259ri art\u0131q reall\u0131qd\u0131r. Beyn\u0259lxalq t\u0259\u015fkilatlar\u0131n hesabatlar\u0131nda d\u00fcnyan\u0131n 10 \u0259n ya\u015famal\u0131,\u00a0 \u00abh\u0259yat s\u0259viyy\u0259si\u00a0 yax\u015f\u0131la\u015fan \u015f\u0259h\u0259rl\u0259r\u00bb reytinqind\u0259 \u00a0Bak\u0131n\u0131n da\u00a0 ad\u0131n\u0131n \u00e7\u0259kilm\u0259si b\u00fct\u00fcnl\u00fckd\u0259 Az\u0259rbaycanda\u00a0 apar\u0131lan\u00a0 sosial, iqtisadi inki\u015faf\u0131n m\u0259ntiqi n\u0259tic\u0259sidir.<\/p>\n<p>BMT-nin insan inki\u015faf\u0131 \u00fczr\u0259\u00a0 m\u0259ruz\u0259l\u0259rind\u0259, \u00dcmumd\u00fcnya \u0130qtisadi Forumunun \u00f6lk\u0259l\u0259rin qlobal r\u0259qab\u0259t qabiliyy\u0259ti reytinqin\u0259 dair\u00a0 hesabat\u0131nda\u00a0 Az\u0259rbaycan\u0131n \u00a0ad\u0131n\u0131n yuxar\u0131 pill\u0259d\u0259\u00a0 q\u0259rarla\u015fmas\u0131 \u00f6lk\u0259mizin\u00a0\u00a0 inki\u015faf, dinamikas\u0131n\u0131n,\u00a0 \u0259halinin sosial m\u00fcdafi\u0259sinin\u00a0 t\u0259\u015fkilin\u0259 \u00a0artan diqq\u0259tin, neft \u00a0amilinin insan kapital\u0131na\u00a0 \u00e7evrilm\u0259sinin \u0259yani t\u0259zah\u00fcr\u00fcd\u00fcr. Paytaxt\u0131m\u0131z\u0131 Moskva, Monte Karlo v\u0259 Parisin sintezi adland\u0131ran xarici qonaqlar\u00a0 m\u00fcasir\u00a0 infrastrukturu, z\u0259ngin tarixi \u0259n\u0259n\u0259l\u0259ri, y\u00fcks\u0259k\u00a0 m\u0259d\u0259niyy\u0259ti bax\u0131m\u0131ndan\u00a0 se\u00e7il\u0259n, g\u00fccl\u00fc, sabit \u00f6lk\u0259 olan Az\u0259rbaycan\u0131 b\u00fct\u00fcn irql\u0259r\u0259,\u00a0 dini inanclara m\u0259xsus insanlar\u0131n V\u0259t\u0259ni,\u00a0 tolerantl\u0131q, dostluq \u00f6lk\u0259si kimi tan\u0131y\u0131rlar. Davam etdiril\u0259n b\u0259rpa-quruculuq i\u015fl\u0259ri say\u0259sind\u0259 \u00a0Bak\u0131n\u0131n m\u00fcasir g\u00f6rk\u0259mi Q\u0259rb standartlar\u0131ndan he\u00e7 d\u0259 gerid\u0259 qalm\u0131r. Beyn\u0259lxalq s\u0259viyy\u0259li m\u00f6ht\u0259\u015f\u0259m\u00a0 t\u0259dbirl\u0259r\u0259 ev sahibliyi bax\u0131m\u0131ndan Az\u0259rbaycan\u0131 xo\u015fb\u0259xt \u00f6lk\u0259 adland\u0131ranlar da \u00a0q\u0259na\u0259tl\u0259rind\u0259 yan\u0131lm\u0131rlar.<\/p>\n<p>Paytaxt\u0131m\u0131z\u0131n simvollar\u0131 v\u0259 r\u0259mzl\u0259ri olan, ad\u0131 m\u00fcasir memarl\u0131q incil\u0259ri\u00a0 s\u0131ras\u0131nda \u00e7\u0259kil\u0259n\u00a0\u00a0 Heyd\u0259r \u018fliyev M\u0259rk\u0259zi, \u00abAlov q\u00fcll\u0259l\u0259ri\u00bb, \u00abBak\u0131 Kristal Saray\u0131\u00bb Az\u0259rbaycan\u0131n inki\u015faf dinamikas\u0131n\u0131 g\u00f6st\u0259r\u0259n m\u00fcasir abid\u0259l\u0259rdir. \u00a0Respublikam\u0131z\u0131 d\u00fcnyada tan\u0131dan\u00a0 Prezident \u0130lham \u018fliyevin quruculuq, yarad\u0131c\u0131l\u0131q, t\u0259\u015f\u0259bb\u00fcskarl\u0131q liderliyinin n\u0259tic\u0259sidir ki, t\u0259kc\u0259 paytaxt\u0131m\u0131z deyil, Az\u0259rbaycan\u0131n b\u00fct\u00fcn b\u00f6lg\u0259l\u0259ri g\u00f6z\u0259ll\u0259\u015fir, abadla\u015f\u0131r.<\/p>\n<p>\u00d6lk\u0259mizin ilk beyn\u0259lxalq \u015f\u0259h\u0259rsalma t\u0259dbirin\u0259 \u2013 Az\u0259rbaycan Milli \u015e\u0259h\u0259rsalma Forumu\u201dna ev sahibliyi etm\u0259si respublikam\u0131z\u0131n \u00a0yenilikl\u0259r\u0259\u00a0 m\u00fc\u0259lliflik t\u0259\u015f\u0259bb\u00fcs\u00fcn\u0259 sadiqliyinin ifad\u0259si olmaqla,\u00a0 Erm\u0259nistan\u0131n i\u015f\u011fal alt\u0131nda saxlad\u0131\u011f\u0131 \u0259razil\u0259rimizd\u0259 t\u00f6r\u0259tdiyi v\u0259h\u015filikl\u0259rin beyn\u0259lxalq ictimaiyy\u0259t\u0259 \u00e7atd\u0131r\u0131lmas\u0131 olacaq.<\/p>\n<p>5-6 oktyabr tarixl\u0259rind\u0259 A\u011fdam v\u0259 Bak\u0131 \u015f\u0259h\u0259rl\u0259rind\u0259 BMT-nin M\u0259skunla\u015fma Proqram\u0131, Az\u0259rbaycan Respublikas\u0131 \u00a0D\u00f6vl\u0259t \u015e\u0259h\u0259rsalma v\u0259 Arxitektura Komit\u0259sinin \u0259m\u0259kda\u015fl\u0131\u011f\u0131, ADA Universitetinin t\u0259\u015fkilati d\u0259st\u0259yi il\u0259 h\u0259yata ke\u00e7iril\u0259n,\u00a0 milli rifah\u0131n t\u0259min edilm\u0259si v\u0259 i\u015f\u011faldan azad edilmi\u015f \u0259razil\u0259rin b\u0259rpas\u0131 \u00fc\u00e7\u00fcn \u00f6lk\u0259mizd\u0259 prioritet istiqam\u0259t olan dayan\u0131ql\u0131 \u015f\u0259h\u0259rsalma sah\u0259sind\u0259 \u0259ld\u0259 edilmi\u015f nailiyy\u0259tl\u0259rin d\u00fcnya ictimaiyy\u0259tinin diqq\u0259tin\u0259 \u00e7atd\u0131r\u0131lmas\u0131 bax\u0131m\u0131ndan b\u00f6y\u00fck \u0259h\u0259miyy\u0259t\u0259 malik bu \u00a0Forum d\u00f6vl\u0259tl\u0259raras\u0131 \u0259m\u0259kda\u015fl\u0131\u011f\u0131n, h\u0259mr\u0259yliyin m\u00f6hk\u0259ml\u0259nm\u0259si\u00a0 bax\u0131m\u0131ndan da\u00a0 \u00f6n\u0259mlidir. \u015e\u0259h\u0259rl\u0259rin inki\u015faf\u0131 \u00fczr\u0259 t\u0259tbiq edil\u0259n inkl\u00fcziv, a\u011f\u0131ll\u0131 v\u0259 dayan\u0131ql\u0131 urbanizasiyaya \u0259saslanan t\u0259cr\u00fcb\u0259 v\u0259 yana\u015fmalar\u0131n payla\u015f\u0131lmas\u0131 \u00a0kimi son d\u0259r\u0259c\u0259 vacib amil\u0259 xidm\u0259t ed\u0259n bu c\u00fcr t\u0259dbirl\u0259r \u00a0beyn\u0259lxalq platforman\u0131n yarad\u0131lmas\u0131 bax\u0131m\u0131ndan da \u0259h\u0259miyy\u0259tlidir.<\/p>\n<p>Postm\u00fcnaqi\u015f\u0259 \u015f\u0259raitind\u0259 yenid\u0259nqurma v\u0259 reabilitasiyan\u0131n, o c\u00fcml\u0259d\u0259n konflikt sonras\u0131 b\u0259rpan\u0131n \u0259h\u0259miyy\u0259tini n\u0259z\u0259r\u0259 alaraq \u0259minlikl\u0259 dem\u0259k olar ki, Forumda daha \u00e7ox \u00a0Erm\u0259nistan t\u0259r\u0259find\u0259n da\u011f\u0131nt\u0131ya m\u0259ruz qalm\u0131\u015f Az\u0259rbaycanla ba\u011fl\u0131 fikirl\u0259r s\u0259sl\u0259n\u0259c\u0259k. Diqq\u0259t t\u0259bii v\u0259 texnogen xarakterli f\u00f6vq\u0259lad\u0259 hallar\u0131n t\u0259sirin\u0259 m\u0259ruz qalm\u0131\u015f \u0259razil\u0259rd\u0259 ya\u015fay\u0131\u015f vasit\u0259l\u0259rinin b\u0259rpas\u0131 v\u0259 bu torpaqlara h\u0259yat\u0131n qaytar\u0131lmas\u0131 \u00fc\u00e7\u00fcn Dayan\u0131ql\u0131 \u0130nki\u015faf M\u0259qs\u0259dl\u0259ri v\u0259 Yeni \u015e\u0259h\u0259r G\u00fcnd\u0259liyinin potensial\u0131ndan istifad\u0259y\u0259 y\u00f6n\u0259ldilir. \u0130lk d\u0259f\u0259 ba\u015f tutan \u00a0Forumda\u00a044 g\u00fcnl\u00fck V\u0259t\u0259n m\u00fcharib\u0259si n\u0259tic\u0259sind\u0259\u00a0i\u015f\u011faldan azad edilmi\u015f Qaraba\u011f v\u0259 \u015e\u0259rqi Z\u0259ng\u0259zur iqtisadi rayonlar\u0131nda apar\u0131lan \u015f\u0259h\u0259rsalma, b\u0259rpa v\u0259 quruculuq i\u015fl\u0259rinin, burada t\u0259tbiq olunan texnologiyalar\u0131n, unikal t\u0259cr\u00fcb\u0259nin v\u0259 Az\u0259rbaycan h\u0259qiq\u0259tl\u0259rinin d\u00fcnya ictimaiyy\u0259tin\u0259 \u00e7atd\u0131r\u0131lmas\u0131na x\u00fcsusi diqq\u0259t yetirilir. Az\u0259rbaycan Milli \u015e\u0259h\u0259rsalma Forumu nda \u015f\u0259h\u0259rl\u0259rin b\u0259rpas\u0131 il\u0259 ba\u011fl\u0131 beyn\u0259lxalq v\u0259 \u00e7oxt\u0259r\u0259fli \u0259m\u0259kda\u015fl\u0131q \u00fc\u00e7\u00fcn unikal imkan yaran\u0131r, \u00a0\u015f\u0259h\u0259r \u0259razil\u0259rind\u0259 b\u00f6hranlar\u0131n aradan qald\u0131r\u0131lmas\u0131na dair \u00e7\u0259tinlikl\u0259rin m\u00fc\u0259yy\u0259n edilib, aradan qald\u0131r\u0131lmas\u0131 \u00a0yollar\u0131 \u00a0m\u00fczakir\u0259 olunacaq, \u00a0t\u0259cr\u00fcb\u0259 m\u00fcbadil\u0259si apar\u0131l\u0131r.<\/p>\n<p>3 oktyabr 2022-ci il tarixind\u0259 \u00abKarbonsuz d\u00fcnya \u00fc\u00e7\u00fcn \u015f\u0259h\u0259rl\u0259rd\u0259 f\u0259aliyy\u0259tin s\u00fcr\u0259tl\u0259ndirilm\u0259si\u00bb m\u00f6vzusuna h\u0259sr edil\u0259n \u00ab\u00dcmumd\u00fcnya Ya\u015fay\u0131\u015f M\u0259sk\u0259nl\u0259ri G\u00fcn\u00fc\u00bb il\u0259 start veril\u0259n, \u015f\u0259h\u0259rsalma m\u0259s\u0259l\u0259l\u0259rin\u0259 h\u0259sr olunmu\u015f Forum silsil\u0259 t\u0259dbirl\u0259rl\u0259\u00a0 davam etdiril\u0259c\u0259k.<\/p>\n<p>\u018ftraf m\u00fchitin qorunmas\u0131, sa\u011flamla\u015fd\u0131r\u0131lmas\u0131, insan amilin\u0259 diqq\u0259tin art\u0131r\u0131lmas\u0131 m\u0259qs\u0259dil\u0259 t\u0259\u015fkil olunan Forumun \u00a0h\u0259d\u0259fi keyfiyy\u0259tl\u0259 s\u00fcr\u0259ti birl\u0259\u015fdirm\u0259k,\u00a0d\u00fcnya xalqlar\u0131n\u0131n diqq\u0259tini ekoloji t\u0259hl\u00fck\u0259sizliyin t\u0259minat\u0131 namin\u0259 s\u0259f\u0259rb\u0259r etm\u0259k, h\u0259yat qayna\u011f\u0131 olan, lakin t\u00fck\u0259nm\u0259kd\u0259 olan\u00a0 t\u0259bii resurslardan israf\u00e7\u0131l\u0131qla istifad\u0259nin qar\u015f\u0131s\u0131n\u0131 almaq, tullant\u0131lar\u0131n \u0259traf m\u00fchit\u0259 t\u0259sirinin azald\u0131lmas\u0131 yollar\u0131n\u0131 birlikd\u0259 m\u00fc\u0259yy\u0259nl\u0259\u015fdirm\u0259kdir.<\/p>\n<p>\u0130nsan amilin\u0259 diqq\u0259ti d\u00f6vl\u0259t siyas\u0259tinin ba\u015fl\u0131ca v\u0259zif\u0259si kimi daim n\u0259z\u0259rd\u0259 saxlayan, Pol\u015fan\u0131n Katovitse \u015f\u0259h\u0259rind\u0259 \u00a0\u00dcmumd\u00fcnya \u015e\u0259h\u0259r Forumunun \u00abDaha yax\u015f\u0131 g\u0259l\u0259c\u0259k namin\u0259 \u015f\u0259h\u0259rl\u0259rimizi d\u0259yi\u015fdir\u0259k\u00bb m\u00f6vzusunda\u00a0 ke\u00e7iril\u0259n XI sessiyas\u0131nda video-formatda i\u015ftirak ed\u0259n, \u00e7\u0131x\u0131\u015f\u0131nda\u00a0 Erm\u0259nistan\u0131n i\u015f\u011fal\u0131 alt\u0131nda\u00a0 qalan \u00a0Az\u0259rbaycan \u0259razil\u0259rind\u0259\u00a0 t\u00f6r\u0259dil\u0259n v\u0259h\u015filikl\u0259rd\u0259n, ekoloji terrorlardan s\u00f6z a\u00e7an Prezident \u0130lham \u018fliyev\u00a0 azad edil\u0259n \u0259razil\u0259rd\u0259 apar\u0131lan abadl\u0131q-quruculuq i\u015fl\u0259rind\u0259n, infrastrukturun yenil\u0259nm\u0259sind\u0259n, b\u00f6lg\u0259l\u0259rin enerji t\u0259chizat\u0131 m\u0259s\u0259l\u0259l\u0259rind\u0259n, su h\u00f6vz\u0259l\u0259rinin b\u0259rpas\u0131ndan \u0259trafl\u0131 b\u0259hs etmi\u015fdir.<\/p>\n<p>\u0130\u015f\u011faldan azad edilmi\u015f \u0259razil\u0259r\u0259 B\u00f6y\u00fck Qay\u0131d\u0131\u015f\u0131n s\u00fcr\u0259tl\u0259nm\u0259si \u00fc\u00e7\u00fcn\u00a0ilk m\u0259rh\u0259l\u0259 kimi \u00a0Z\u0259ngilan rayonunun A\u011fal\u0131 k\u0259ndind\u0259 h\u0259yata ke\u00e7iril\u0259n \u00a0\u00aba\u011f\u0131ll\u0131 k\u0259nd\u00bb, \u00aba\u011f\u0131ll\u0131 \u015f\u0259h\u0259r\u00bb, h\u0259m\u00e7inin \u00abya\u015f\u0131l enerji\u00bb \u00a0layih\u0259l\u0259rind\u0259n s\u00f6z a\u00e7an Prezident \u0130lham \u018fliyev \u00a0Qaraba\u011f v\u0259 \u015e\u0259rqi Z\u0259ng\u0259zur iqtisadi rayonlar\u0131n\u0131n b\u00fct\u00fcnl\u00fckd\u0259 b\u00f6lg\u0259 \u00fc\u00e7\u00fcn \u0259h\u0259miyy\u0259tini d\u0259 reall\u0131qlar, geosiyasi \u0259h\u0259miyy\u0259t bax\u0131m\u0131ndan a\u00e7\u0131qlam\u0131\u015fd\u0131r. Park \u015f\u0259h\u0259rin\u0259 \u00e7evril\u0259n Z\u0259ngilan\u0131n \u00a0A\u011fal\u0131 k\u0259ndind\u0259\u00a0 h\u0259yata ke\u00e7iril\u0259n m\u00fct\u0259r\u0259qqi\u00a0 t\u0259\u015f\u0259bb\u00fcsl\u0259rin davaml\u0131 olaca\u011f\u0131n\u0131 bildir\u0259n d\u00f6vl\u0259t ba\u015f\u00e7\u0131m\u0131z\u00a0 quruculuq i\u015fl\u0259rind\u0259 beyn\u0259lxalq t\u0259\u015fkilatlar\u0131n i\u015ftirak\u0131n\u0131 h\u0259mr\u0259ylik n\u00fcmun\u0259si adland\u0131rm\u0131\u015fd\u0131r. Az\u0259rbaycan\u0131n m\u0259d\u0259niyy\u0259t paytaxt\u0131 \u015eu\u015fa \u015f\u0259h\u0259rind\u0259 m\u00fcharib\u0259d\u0259n sonrak\u0131 d\u00f6vrd\u0259 BMT qurumlar\u0131n\u0131n i\u015ftirak\u0131 il\u0259 Dayan\u0131ql\u0131 \u0130nki\u015faf M\u0259qs\u0259dl\u0259rin\u0259 nail olunmas\u0131na h\u0259sr edilmi\u015f \u00e7ox m\u00fch\u00fcm t\u0259dbirin t\u0259\u015fkilini qar\u015f\u0131l\u0131ql\u0131 \u0259m\u0259kda\u015fl\u0131\u011f\u0131n n\u00fcmun\u0259si kimi d\u0259y\u0259rl\u0259ndirmi\u015fdir. Vur\u011fulanm\u0131\u015fd\u0131r ki,\u00a0 \u00ab2030-cu il\u0259 q\u0259d\u0259r Dayan\u0131ql\u0131 \u0130nki\u015faf G\u00fcnd\u0259liyi\u00bb v\u0259 \u00abYeni \u015e\u0259h\u0259r G\u00fcnd\u0259liyi\u00bb s\u0259yl\u0259ri \u00a0dayan\u0131ql\u0131 urbanizasiya v\u0259 \u015f\u0259h\u0259rl\u0259rimiz \u00fc\u00e7\u00fcn daha yax\u015f\u0131 g\u0259l\u0259c\u0259y\u0259\u00a0 istiqam\u0259tl\u0259ndirir.<\/p>\n<p>\u00d6lk\u0259mizd\u0259 apar\u0131lan geni\u015fmiqyasl\u0131\u00a0 yenid\u0259nqurma i\u015fl\u0259rinin n\u0259tic\u0259sidir ki, Bak\u0131 \u015f\u0259h\u0259ri d\u0259 daxil olmaqla respublikan\u0131n b\u00fct\u00fcn b\u00f6lg\u0259l\u0259rind\u0259 tarixi, memarl\u0131q n\u00fcmun\u0259l\u0259ri\u00a0 qorunur,\u00a0 infrastruktur yenil\u0259nir,\u00a0 m\u00fcasir d\u00f6vr\u00fcn\u00a0 \u015f\u0259h\u0259rsalma t\u0259l\u0259bl\u0259rin\u0259 uy\u011fun quruculuq i\u015fl\u0259ri davam etdirilir.\u00a0 44 g\u00fcn davam ed\u0259n \u0130kinci Qaraba\u011f m\u00fcharib\u0259si zaman\u0131 i\u015f\u011faldan azad edil\u0259n \u0259razil\u0259rd\u0259 q\u0131sa m\u00fcdd\u0259td\u0259\u00a0 g\u00f6r\u00fcl\u0259n i\u015fl\u0259r say\u0259sind\u0259 \u00a0erm\u0259ni fa\u015fistl\u0259rinin t\u00f6r\u0259tdikl\u0259ri vandalizmin n\u0259tic\u0259l\u0259ri t\u0259dric\u0259n aradan qald\u0131r\u0131l\u0131r. \u00abB\u0259lk\u0259 d\u0259 \u0130kinci D\u00fcnya m\u00fcharib\u0259sind\u0259n sonra \u015f\u0259h\u0259rl\u0259rin bu miqyasda da\u011f\u0131d\u0131lmas\u0131 d\u00fcnyan\u0131n he\u00e7 bir yerind\u0259 ba\u015f verm\u0259yib. Az\u0259rbaycan\u0131n 9 \u015f\u0259h\u0259ri v\u0259 y\u00fczl\u0259rl\u0259 k\u0259ndi yer \u00fcz\u00fcnd\u0259n silinib. A\u011fdam \u015f\u0259h\u0259ri o d\u0259r\u0259c\u0259d\u0259 da\u011f\u0131d\u0131l\u0131b ki, \u0259cn\u0259bi m\u00fct\u0259x\u0259ssisl\u0259r onu \u00abQafqaz\u0131n Xirosimas\u0131\u00bb adland\u0131r\u0131blar. F\u00fczuli \u015f\u0259h\u0259ri i\u015f\u011faldan azad edildikd\u0259n sonra Az\u0259rbaycan Ordusu orada bayra\u011f\u0131m\u0131z\u0131 dal\u011faland\u0131rma\u011fa bir d\u0259n\u0259 d\u0259 olsun tikili tapa bilm\u0259yib\u00bb s\u00f6zl\u0259ri il\u0259 \u00a0erm\u0259ni\u00a0 vandallar\u0131n\u0131n t\u00f6r\u0259tdikl\u0259ri v\u0259h\u015filiyin miqyas\u0131n\u0131 diqq\u0259t\u0259 \u00e7atd\u0131ran Prezident \u0130lham \u018fliyev\u00a0 onu da bildirir ki, \u00a0abadl\u0131q i\u015fl\u0259rind\u0259 i\u015ftirak etm\u0259k ist\u0259y\u0259n s\u0259rmay\u0259darlar \u00fc\u00e7\u00fcn Az\u0259rbaycan investisiyalar\u0131n\u00a0 t\u0259hl\u00fck\u0259sizliyi \u00a0bax\u0131m\u0131ndan\u00a0 \u0259n etibarl\u0131, inan\u0131lm\u0131\u015f \u00f6lk\u0259dir.<\/p>\n<p>Xat\u0131rladaq ki, \u00f6lk\u0259miz\u0259 s\u0259f\u0259ri \u00e7\u0259r\u00e7iv\u0259sind\u0259\u00a0 erm\u0259ni\u00a0 v\u0259h\u015filiyinin \u015fahidi olan\u00a0 BMT-nin Ya\u015fay\u0131\u015f M\u0259sk\u0259nl\u0259ri Proqram\u0131n\u0131n (\u00abUN-HABITAT\u00bb) icra\u00e7\u0131 direktoru xan\u0131m Maimuna Mohd \u015e\u0259rif Az\u0259rbaycan\u0131n xarici \u015firk\u0259tl\u0259rl\u0259 birg\u0259 f\u0259aliyy\u0259tini, apar\u0131lan m\u00fczakir\u0259l\u0259ri qar\u015f\u0131l\u0131ql\u0131 \u0259m\u0259kda\u015fl\u0131q\u00a0 \u00fc\u00e7\u00fcn faydal\u0131 t\u0259\u015f\u0259bb\u00fcs kimi qiym\u0259tl\u0259ndirmi\u015fdir. \u00a0Erm\u0259nistan t\u0259r\u0259find\u0259n t\u00f6r\u0259dilmi\u015f ekoloji terrorlar\u0131n, t\u0259bi\u0259t\u0259 vurulan ziyanlar\u0131n aradan qald\u0131r\u0131lmas\u0131, \u015f\u0259h\u0259rsalma prosesin\u0259\u00a0 m\u0259nfi t\u0259sir g\u00f6st\u0259r\u0259n amill\u0259rin aradan qald\u0131r\u0131lmas\u0131 \u00fc\u00e7\u00fcn Az\u0259rbaycan Milli \u015e\u0259h\u0259rsalma Forum \u0259traf m\u00fchitin qorunmas\u0131 il\u0259 ba\u011fl\u0131\u00a0 t\u0259\u015f\u0259bb\u00fcskarl\u0131\u011f\u0131 art\u0131racaq, b\u00fct\u00fcn d\u00fcnya xalqlar\u0131n\u0131 ekoloji terrorlara qar\u015f\u0131 m\u00fcbariz\u0259y\u0259 s\u0259sl\u0259y\u0259c\u0259kdir.<\/p>\n<p><strong>Xuraman \u0130smay\u0131lq\u0131z\u0131, \u00ab\u0130ki sahil\u00bb<\/strong><\/p>\n","protected":false},"excerpt":{"rendered":"<p>BMT-nin M\u0259skunla\u015fma Proqram\u0131n\u0131n, Az\u0259rbaycan Respublikas\u0131 D\u00f6vl\u0259t \u015e\u0259h\u0259rsalma v\u0259 Arxitektura Komit\u0259sinin \u0259m\u0259kda\u015fl\u0131\u011f\u0131, ADA Universitetinin t\u0259\u015fkilati d\u0259st\u0259yi il\u0259 Az\u0259rbaycan Milli \u015e\u0259h\u0259rsalma Forumu\u201dnun Bak\u0131 v\u0259 A\u011fdamda ke\u00e7irilm\u0259si \u00f6lk\u0259mizin t\u0259\u015f\u0259bb\u00fcskarl\u0131q \u0259n\u0259n\u0259sinin y\u00fcks\u0259k d\u0259y\u0259rl\u0259ndirilm\u0259sidir Beyn\u0259lxalq s\u0259viyy\u0259d\u0259 d\u0259st\u0259kl\u0259n\u0259n \u00a0siyasi, iqtisadi, humanitar m\u0259s\u0259l\u0259l\u0259rin m\u00fczakir\u0259si \u00fc\u00e7\u00fcn platforma olan, sivilizasiyalararas\u0131\u00a0 m\u0259kan kimi tan\u0131nan \u00f6lk\u0259mizd\u0259\u00a0 ke\u00e7iril\u0259n t\u0259dbirl\u0259r multikultural d\u0259y\u0259rl\u0259r\u0259 sadiq\u00a0 Az\u0259rbaycan\u0131n d\u00fcnya ictimaiyy\u0259tin\u0259 \u0259m\u0259kda\u015fl\u0131q, h\u0259mr\u0259ylik \u00e7a\u011f\u0131r\u0131\u015f\u0131d\u0131r. \u00a0Q\u0259dimlikl\u0259\u00a0 m\u00fcasirliyin v\u0259hd\u0259tind\u0259 inki\u015faf ed\u0259n,\u00a0\u00a0 g\u00f6rk\u0259mi, t\u0259krarolunmaz g\u00f6z\u0259lliyi, tarixi abid\u0259l\u0259ri il\u0259 qonaqlar\u0131n\u0131 heyran ed\u0259n, \u00a0meqapolis kimi tan\u0131nan Bak\u0131n\u0131n ad\u0131n\u0131n Avropan\u0131n \u0259n inki\u015faf etmi\u015f \u015f\u0259h\u0259rl\u0259ri il\u0259 eyni s\u0131rada \u00e7\u0259kilm\u0259si t\u0259biidir. Prezident \u0130lham \u018fliyevin \u00abM\u0259n demi\u015f\u0259m,&hellip;<\/p>\n","protected":false},"author":2,"featured_media":520211,"comment_status":"closed","ping_status":"closed","sticky":false,"template":"","format":"standard","meta":{"om_disable_all_campaigns":false,"_monsterinsights_skip_tracking":false,"_monsterinsights_sitenote_active":false,"_monsterinsights_sitenote_note":"","_monsterinsights_sitenote_category":0},"categories":[19],"tags":[],"aioseo_notices":[],"gutentor_comment":0,"rttpg_featured_image_url":{"full":["https:\/\/arantv.az\/wp-content\/uploads\/2022\/10\/51beafc3165383228312371887810482535.jpg",975,540,false],"landscape":["https:\/\/arantv.az\/wp-content\/uploads\/2022\/10\/51beafc3165383228312371887810482535.jpg",975,540,false],"portraits":["https:\/\/arantv.az\/wp-content\/uploads\/2022\/10\/51beafc3165383228312371887810482535.jpg",975,540,false],"thumbnail":["https:\/\/arantv.az\/wp-content\/uploads\/2022\/10\/51beafc3165383228312371887810482535-500x280.jpg",500,280,true],"medium":["https:\/\/arantv.az\/wp-content\/uploads\/2022\/10\/51beafc3165383228312371887810482535-660x365.jpg",660,365,true],"large":["https:\/\/arantv.az\/wp-content\/uploads\/2022\/10\/51beafc3165383228312371887810482535-840x465.jpg",640,354,true],"1536x1536":["https:\/\/arantv.az\/wp-content\/uploads\/2022\/10\/51beafc3165383228312371887810482535.jpg",975,540,false],"2048x2048":["https:\/\/arantv.az\/wp-content\/uploads\/2022\/10\/51beafc3165383228312371887810482535.jpg",975,540,false],"post-thumbnail":["https:\/\/arantv.az\/wp-content\/uploads\/2022\/10\/51beafc3165383228312371887810482535-240x172.jpg",240,172,true],"advps-thumb-one":["https:\/\/arantv.az\/wp-content\/uploads\/2022\/10\/51beafc3165383228312371887810482535.jpg",975,540,false]},"rttpg_author":{"display_name":"V\u00fcsal Rafiqo\u011flu","author_link":"https:\/\/arantv.az\/?author=2"},"rttpg_comment":0,"rttpg_category":"<a href=\"https:\/\/arantv.az\/?cat=19\" rel=\"category\">G\u00fcnd\u0259m<\/a>","rttpg_excerpt":"BMT-nin M\u0259skunla\u015fma Proqram\u0131n\u0131n, Az\u0259rbaycan Respublikas\u0131 D\u00f6vl\u0259t \u015e\u0259h\u0259rsalma v\u0259 Arxitektura Komit\u0259sinin \u0259m\u0259kda\u015fl\u0131\u011f\u0131, ADA Universitetinin t\u0259\u015fkilati d\u0259st\u0259yi il\u0259 Az\u0259rbaycan Milli \u015e\u0259h\u0259rsalma Forumu\u201dnun Bak\u0131 v\u0259 A\u011fdamda ke\u00e7irilm\u0259si \u00f6lk\u0259mizin t\u0259\u015f\u0259bb\u00fcskarl\u0131q \u0259n\u0259n\u0259sinin y\u00fcks\u0259k d\u0259y\u0259rl\u0259ndirilm\u0259sidir Beyn\u0259lxalq s\u0259viyy\u0259d\u0259 d\u0259st\u0259kl\u0259n\u0259n \u00a0siyasi, iqtisadi, humanitar m\u0259s\u0259l\u0259l\u0259rin m\u00fczakir\u0259si \u00fc\u00e7\u00fcn platforma olan, sivilizasiyalararas\u0131\u00a0 m\u0259kan kimi tan\u0131nan \u00f6lk\u0259mizd\u0259\u00a0 ke\u00e7iril\u0259n t\u0259dbirl\u0259r multikultural d\u0259y\u0259rl\u0259r\u0259 sadiq\u00a0 Az\u0259rbaycan\u0131n d\u00fcnya ictimaiyy\u0259tin\u0259 \u0259m\u0259kda\u015fl\u0131q, h\u0259mr\u0259ylik&hellip;","_links":{"self":[{"href":"https:\/\/arantv.az\/index.php?rest_route=\/wp\/v2\/posts\/520210"}],"collection":[{"href":"https:\/\/arantv.az\/index.php?rest_route=\/wp\/v2\/posts"}],"about":[{"href":"https:\/\/arantv.az\/index.php?rest_route=\/wp\/v2\/types\/post"}],"author":[{"embeddable":true,"href":"https:\/\/arantv.az\/index.php?rest_route=\/wp\/v2\/users\/2"}],"replies":[{"embeddable":true,"href":"https:\/\/arantv.az\/index.php?rest_route=%2Fwp%2Fv2%2Fcomments&post=520210"}],"version-history":[{"count":0,"href":"https:\/\/arantv.az\/index.php?rest_route=\/wp\/v2\/posts\/520210\/revisions"}],"wp:featuredmedia":[{"embeddable":true,"href":"https:\/\/arantv.az\/index.php?rest_route=\/wp\/v2\/media\/520211"}],"wp:attachment":[{"href":"https:\/\/arantv.az\/index.php?rest_route=%2Fwp%2Fv2%2Fmedia&parent=520210"}],"wp:term":[{"taxonomy":"category","embeddable":true,"href":"https:\/\/arantv.az\/index.php?rest_route=%2Fwp%2Fv2%2Fcategories&post=520210"},{"taxonomy":"post_tag","embeddable":true,"href":"https:\/\/arantv.az\/index.php?rest_route=%2Fwp%2Fv2%2Ftags&post=520210"}],"curies":[{"name":"wp","href":"https:\/\/api.w.org\/{rel}","templated":true}]}}