{"id":520213,"date":"2022-10-06T07:06:20","date_gmt":"2022-10-06T04:06:20","guid":{"rendered":"https:\/\/arantv.az\/?p=520213"},"modified":"2022-10-06T07:06:20","modified_gmt":"2022-10-06T04:06:20","slug":"g%c9%99l%c9%99n-ild%c9%99n-pensiyalar-n%c9%99-q%c9%99d%c9%99r-artacaq","status":"publish","type":"post","link":"https:\/\/arantv.az\/?p=520213","title":{"rendered":"G\u0259l\u0259n ild\u0259n pensiyalar n\u0259 q\u0259d\u0259r artacaq?"},"content":{"rendered":"<p>Milli M\u0259clisin sentyabr\u0131n 30-da ke\u00e7iril\u0259n iclas\u0131nda \u201c\u018fm\u0259k pensiyalar\u0131 haqq\u0131nda\u201d Qanuna t\u0259klif edil\u0259n d\u0259yi\u015fiklikl\u0259r m\u00fczakir\u0259 olunub. Qanun layih\u0259si s\u0259s\u0259 qoyularaq birinci oxunu\u015fda q\u0259bul edilib. Bu qanun 2023-c\u00fc il yanvar\u0131n 1-d\u0259n q\u00fcvv\u0259y\u0259 min\u0259c\u0259k.<\/p>\n<p>Yeni t\u0259klifl\u0259r iki m\u00fch\u00fcm istiqam\u0259ti &#8211; maddi yard\u0131mlar\u0131n pensiyalar\u0131n t\u0259rkibin\u0259 daxil edilm\u0259si v\u0259 qulluq \u0259lav\u0259si alan \u015f\u0259xsl\u0259rin pensiyas\u0131n\u0131n g\u0259l\u0259n ilin 1 yanvar\u0131ndan indeksasiya olunmas\u0131 m\u0259s\u0259l\u0259l\u0259rini \u0259hat\u0259 edir. Vahid indeksasiya sistemi b\u00fct\u00fcn \u0259m\u0259k pensiyas\u0131 alan v\u0259t\u0259nda\u015flar\u0131m\u0131z\u0131n pensiya m\u0259bl\u0259\u011fl\u0259rinin h\u0259r il yanvar ay\u0131nda \u0259vv\u0259lki il \u00fczr\u0259 orta ayl\u0131q \u0259m\u0259khaqq\u0131ndak\u0131 art\u0131m faizin\u0259 uy\u011fun art\u0131r\u0131lmas\u0131n\u0131 n\u0259z\u0259rd\u0259 tutur. Qanunvericilik \u0259vv\u0259lki ill\u0259rd\u0259 b\u00fct\u00fcn \u0259m\u0259k pensiyalar\u0131n\u0131n indeksasiyas\u0131n\u0131 n\u0259z\u0259rd\u0259 tutmad\u0131\u011f\u0131 \u00fc\u00e7\u00fcn bel\u0259 d\u0259yi\u015fiklikl\u0259r\u0259 ehtiyac var idi.<\/p>\n<p>Dig\u0259r t\u0259r\u0259fd\u0259n, pensiyalar\u0131 indeksasiyaya c\u0259lb olunmayan \u015f\u0259xsl\u0259rin \u0259m\u0259khaqq\u0131lar\u0131 is\u0259 3-5 ild\u0259n bir art\u0131r\u0131l\u0131rd\u0131 ki, n\u0259tic\u0259d\u0259 qulluq \u0259lav\u0259si alan \u015f\u0259xsl\u0259rin pensiyas\u0131nda art\u0131mlar hiss olunmurdu. Onlar\u0131n pensiyalar\u0131 indeksasiya olunmad\u0131\u011f\u0131 \u00fc\u00e7\u00fcn h\u0259min v\u0259t\u0259nda\u015flar\u0131m\u0131z\u0131n bu imkandan faydalanmas\u0131na imkan vermirdi. Yeni d\u0259yi\u015fiklikl\u0259r\u0259 \u0259sas\u0259n, h\u0259min v\u0259t\u0259nda\u015flar\u0131m\u0131z bu h\u00fcquqdan istifad\u0259 ed\u0259 bil\u0259c\u0259kl\u0259r. M\u0259s\u0259l\u0259n, 2001-2011-ci ill\u0259rd\u0259 on illik indeksasiya 98.0 faiz olub. Bu m\u00fcdd\u0259td\u0259 d\u00f6vl\u0259t qulluq\u00e7usunun pensiyas\u0131nda 69.0, hakiml\u0259rd\u0259 25, h\u0259rbi qulluq\u00e7ularda 59, x\u00fcsusi r\u00fctb\u0259lil\u0259rd\u0259 81, \u0259dliyy\u0259 i\u015f\u00e7il\u0259rind\u0259 69 faiz art\u0131m qeyd\u0259 al\u0131n\u0131b. G\u00f6r\u00fcnd\u00fcy\u00fc kimi, \u0259g\u0259r h\u0259min v\u0259t\u0259nda\u015flar\u0131m\u0131z da bu m\u00fcdd\u0259td\u0259 vahid indeksasiya sistemind\u0259n istifad\u0259 ets\u0259ydil\u0259r pensiya m\u0259bl\u0259\u011fl\u0259rind\u0259 daha \u00e7ox art\u0131m qeyd\u0259 al\u0131nard\u0131. Yeni d\u0259yi\u015fiklikl\u0259r m\u0259hz h\u0259min v\u0259t\u0259nda\u015flar\u0131m\u0131za bu imkandan faydalanma\u011fa \u015f\u0259rait yaradacaq.<\/p>\n<p>Bu bax\u0131mdan yeni d\u0259yi\u015fiklikl\u0259r il\u0259 qulluq staj\u0131na g\u00f6r\u0259 \u0259lav\u0259 almaq h\u00fcququ olan \u015f\u0259xsl\u0259rin pensiyas\u0131 \u0259vv\u0259lki metoda nisb\u0259t\u0259n indi daha \u00e7ox artacaq, onlar\u0131n sosial rifah\u0131na m\u00fcsb\u0259t t\u0259sir g\u00f6st\u0259r\u0259c\u0259k.<\/p>\n<p>Qeyd ed\u0259k ki, indeksasiya h\u0259r il yanvar ay\u0131nda apar\u0131l\u0131r. Bu, o dem\u0259kdir ki, yeni d\u0259yi\u015fiklikl\u0259rd\u0259n sonra 2023-c\u00fc ilin ilk ay\u0131nda b\u00fct\u00fcn n\u00f6v \u0259m\u0259k pensiya m\u0259bl\u0259\u011fl\u0259rind\u0259 art\u0131mlar olacaq. Bu il minimum \u0259m\u0259khaqq\u0131 m\u0259bl\u0259\u011find\u0259 art\u0131m oldu\u011fu \u00fc\u00e7\u00fcn orta ayl\u0131q \u0259m\u0259khaqq\u0131nda \u0259vv\u0259lki ill\u0259r\u0259 nisb\u0259t\u0259n daha y\u00fcks\u0259k faizli art\u0131m qeyd\u0259 al\u0131nacaq.<\/p>\n<p>Cari ilin ilk 7 ay\u0131nda orta ayl\u0131q nominal \u0259m\u0259khaqq\u0131 \u0259vv\u0259lki ilin m\u00fcvafiq d\u00f6vr\u00fcn\u0259 nisb\u0259t\u0259n 14,1 faiz art\u0131b. Bu, o dem\u0259kdir ki, m\u00f6vcud tendensiya saxlanaca\u011f\u0131 halda g\u0259l\u0259n ilin yanvar ay\u0131nda pensiyalar 14-15 faiz\u0259 indeksasiya olunacaq. T\u0259bii ki, daha d\u0259qiq r\u0259q\u0259m 2023-c\u00fc ilin yanvar ay\u0131nda elan olunacaq. M\u0259s\u0259l\u0259n, \u0259g\u0259r 2022-ci ild\u0259 orta ayl\u0131q \u0259m\u0259khaqq\u0131 15 faiz artarsa o zaman 500 manat pensiya alan v\u0259t\u0259nda\u015f\u0131m\u0131z\u0131n pensiyas\u0131nda 75 manat art\u0131m olacaq.<\/p>\n<p>Dig\u0259r t\u0259r\u0259fd\u0259n, 2022-ci ild\u0259 \u0259m\u0259k pensiya\u00e7\u0131lar\u0131na \u00f6d\u0259nil\u0259n maddi yard\u0131m\u0131n da (200 manat v\u0259 ya qulluq \u0259lav\u0259si alan \u015f\u0259xsl\u0259r\u0259 \u00f6d\u0259nil\u0259n pensiya m\u0259bl\u0259\u011finin 10 %-i miqdar\u0131nda) 2023-c\u00fc il yanvar\u0131n 1-d\u0259n etibar\u0259n pensiyalar\u0131n t\u0259rkibin\u0259 daxil edil\u0259r\u0259k indeksasiya olunmas\u0131 n\u0259z\u0259rd\u0259 tutulur. Bu da pensiya m\u0259bl\u0259\u011fl\u0259rind\u0259ki art\u0131ma m\u00fcsb\u0259t t\u0259sir g\u00f6st\u0259r\u0259c\u0259k.<\/p>\n","protected":false},"excerpt":{"rendered":"<p>Milli M\u0259clisin sentyabr\u0131n 30-da ke\u00e7iril\u0259n iclas\u0131nda \u201c\u018fm\u0259k pensiyalar\u0131 haqq\u0131nda\u201d Qanuna t\u0259klif edil\u0259n d\u0259yi\u015fiklikl\u0259r m\u00fczakir\u0259 olunub. Qanun layih\u0259si s\u0259s\u0259 qoyularaq birinci oxunu\u015fda q\u0259bul edilib. Bu qanun 2023-c\u00fc il yanvar\u0131n 1-d\u0259n q\u00fcvv\u0259y\u0259 min\u0259c\u0259k. Yeni t\u0259klifl\u0259r iki m\u00fch\u00fcm istiqam\u0259ti &#8211; maddi yard\u0131mlar\u0131n pensiyalar\u0131n t\u0259rkibin\u0259 daxil edilm\u0259si v\u0259 qulluq \u0259lav\u0259si alan \u015f\u0259xsl\u0259rin pensiyas\u0131n\u0131n g\u0259l\u0259n ilin 1 yanvar\u0131ndan indeksasiya olunmas\u0131 m\u0259s\u0259l\u0259l\u0259rini \u0259hat\u0259 edir. Vahid indeksasiya sistemi b\u00fct\u00fcn \u0259m\u0259k pensiyas\u0131 alan v\u0259t\u0259nda\u015flar\u0131m\u0131z\u0131n pensiya m\u0259bl\u0259\u011fl\u0259rinin h\u0259r il yanvar ay\u0131nda \u0259vv\u0259lki il \u00fczr\u0259 orta ayl\u0131q \u0259m\u0259khaqq\u0131ndak\u0131 art\u0131m faizin\u0259 uy\u011fun art\u0131r\u0131lmas\u0131n\u0131 n\u0259z\u0259rd\u0259 tutur. Qanunvericilik \u0259vv\u0259lki ill\u0259rd\u0259 b\u00fct\u00fcn \u0259m\u0259k pensiyalar\u0131n\u0131n&hellip;<\/p>\n","protected":false},"author":2,"featured_media":520214,"comment_status":"closed","ping_status":"closed","sticky":false,"template":"","format":"standard","meta":{"om_disable_all_campaigns":false,"_monsterinsights_skip_tracking":false,"_monsterinsights_sitenote_active":false,"_monsterinsights_sitenote_note":"","_monsterinsights_sitenote_category":0},"categories":[1],"tags":[],"aioseo_notices":[],"gutentor_comment":0,"rttpg_featured_image_url":{"full":["https:\/\/arantv.az\/wp-content\/uploads\/2022\/10\/7f367281165013100249046156310854282.jpg",975,540,false],"landscape":["https:\/\/arantv.az\/wp-content\/uploads\/2022\/10\/7f367281165013100249046156310854282.jpg",975,540,false],"portraits":["https:\/\/arantv.az\/wp-content\/uploads\/2022\/10\/7f367281165013100249046156310854282.jpg",975,540,false],"thumbnail":["https:\/\/arantv.az\/wp-content\/uploads\/2022\/10\/7f367281165013100249046156310854282-500x280.jpg",500,280,true],"medium":["https:\/\/arantv.az\/wp-content\/uploads\/2022\/10\/7f367281165013100249046156310854282-660x365.jpg",660,365,true],"large":["https:\/\/arantv.az\/wp-content\/uploads\/2022\/10\/7f367281165013100249046156310854282-840x465.jpg",640,354,true],"1536x1536":["https:\/\/arantv.az\/wp-content\/uploads\/2022\/10\/7f367281165013100249046156310854282.jpg",975,540,false],"2048x2048":["https:\/\/arantv.az\/wp-content\/uploads\/2022\/10\/7f367281165013100249046156310854282.jpg",975,540,false],"post-thumbnail":["https:\/\/arantv.az\/wp-content\/uploads\/2022\/10\/7f367281165013100249046156310854282-240x172.jpg",240,172,true],"advps-thumb-one":["https:\/\/arantv.az\/wp-content\/uploads\/2022\/10\/7f367281165013100249046156310854282.jpg",975,540,false]},"rttpg_author":{"display_name":"V\u00fcsal Rafiqo\u011flu","author_link":"https:\/\/arantv.az\/?author=2"},"rttpg_comment":0,"rttpg_category":"<a href=\"https:\/\/arantv.az\/?cat=1\" rel=\"category\">C\u0259miyy\u0259t<\/a>","rttpg_excerpt":"Milli M\u0259clisin sentyabr\u0131n 30-da ke\u00e7iril\u0259n iclas\u0131nda \u201c\u018fm\u0259k pensiyalar\u0131 haqq\u0131nda\u201d Qanuna t\u0259klif edil\u0259n d\u0259yi\u015fiklikl\u0259r m\u00fczakir\u0259 olunub. Qanun layih\u0259si s\u0259s\u0259 qoyularaq birinci oxunu\u015fda q\u0259bul edilib. Bu qanun 2023-c\u00fc il yanvar\u0131n 1-d\u0259n q\u00fcvv\u0259y\u0259 min\u0259c\u0259k. Yeni t\u0259klifl\u0259r iki m\u00fch\u00fcm istiqam\u0259ti &#8211; maddi yard\u0131mlar\u0131n pensiyalar\u0131n t\u0259rkibin\u0259 daxil edilm\u0259si v\u0259 qulluq \u0259lav\u0259si alan \u015f\u0259xsl\u0259rin pensiyas\u0131n\u0131n g\u0259l\u0259n ilin 1 yanvar\u0131ndan indeksasiya olunmas\u0131&hellip;","_links":{"self":[{"href":"https:\/\/arantv.az\/index.php?rest_route=\/wp\/v2\/posts\/520213"}],"collection":[{"href":"https:\/\/arantv.az\/index.php?rest_route=\/wp\/v2\/posts"}],"about":[{"href":"https:\/\/arantv.az\/index.php?rest_route=\/wp\/v2\/types\/post"}],"author":[{"embeddable":true,"href":"https:\/\/arantv.az\/index.php?rest_route=\/wp\/v2\/users\/2"}],"replies":[{"embeddable":true,"href":"https:\/\/arantv.az\/index.php?rest_route=%2Fwp%2Fv2%2Fcomments&post=520213"}],"version-history":[{"count":0,"href":"https:\/\/arantv.az\/index.php?rest_route=\/wp\/v2\/posts\/520213\/revisions"}],"wp:featuredmedia":[{"embeddable":true,"href":"https:\/\/arantv.az\/index.php?rest_route=\/wp\/v2\/media\/520214"}],"wp:attachment":[{"href":"https:\/\/arantv.az\/index.php?rest_route=%2Fwp%2Fv2%2Fmedia&parent=520213"}],"wp:term":[{"taxonomy":"category","embeddable":true,"href":"https:\/\/arantv.az\/index.php?rest_route=%2Fwp%2Fv2%2Fcategories&post=520213"},{"taxonomy":"post_tag","embeddable":true,"href":"https:\/\/arantv.az\/index.php?rest_route=%2Fwp%2Fv2%2Ftags&post=520213"}],"curies":[{"name":"wp","href":"https:\/\/api.w.org\/{rel}","templated":true}]}}