{"id":52032,"date":"2019-04-22T08:41:16","date_gmt":"2019-04-22T05:41:16","guid":{"rendered":"http:\/\/arantv.az\/?p=52032"},"modified":"2019-04-22T08:41:16","modified_gmt":"2019-04-22T05:41:16","slug":"antimilli-unsurl%c9%99rl%c9%99-5-ci-kolonun-ortaq-h%c9%99d%c9%99fi-az%c9%99rbaycanin-qirmizi-x%c9%99tti","status":"publish","type":"post","link":"https:\/\/arantv.az\/?p=52032","title":{"rendered":"Antimilli \u00fcns\u00fcrl\u0259rl\u0259 \u201c5-ci kolon\u201dun ortaq h\u0259d\u0259fi \u2013 Az\u0259rbaycan\u0131n \u201cq\u0131rm\u0131z\u0131 x\u0259tti\u201d"},"content":{"rendered":"<p><em><strong>H\u0259r bir \u00f6lk\u0259nin normal, stabil inki\u015faf\u0131 v\u0259 t\u0259hl\u00fck\u0259sizliyinin birinci \u015f\u0259rti, he\u00e7 \u015f\u00fcbh\u0259siz, daxili sabitlikdir.<\/strong><\/em><\/p>\n<p><strong>Musavat.com<\/strong>-a g\u00f6r\u0259, daxili sabitlik is\u0259 \u00f6nc\u0259likl\u0259 c\u0259miyy\u0259tl\u0259 hakimiyy\u0259t aras\u0131nda balans\u0131 v\u0259 anla\u015fman\u0131 dikt\u0259 edir. Sirr deyil ki, son vaxtlar prezident \u0130lham \u018fliyev c\u0259miyy\u0259t-hakimiyy\u0259t m\u00fcnasib\u0259tl\u0259rinin m\u00f6hk\u0259ml\u0259nm\u0259si y\u00f6n\u00fcnd\u0259 bir s\u0131ra t\u0259qdiredici add\u0131mlar at\u0131b v\u0259 atmaqdad\u0131r. \u0130ctimai r\u0259\u011fb\u0259t do\u011furan bu add\u0131mlar, b\u00fct\u00f6vl\u00fckd\u0259 apar\u0131lan siyas\u0259t n\u0259tic\u0259sind\u0259 \u0259halinin sosial rifah\u0131 yax\u015f\u0131la\u015fmaqda, \u00f6lk\u0259mizin iqtisadi g\u00fcc\u00fc artmaqdad\u0131r.<\/p>\n<p><strong>Xarici siyas\u0259t daxili siyas\u0259tin davam\u0131 oldu\u011fundan, beyn\u0259lxalq arenada \u00f6lk\u0259miz getdikc\u0259 daha sanball\u0131 s\u00f6z sahibin\u0259 \u00e7evrilm\u0259kd\u0259 oldu\u011funu da dey\u0259 bil\u0259rik. H\u0259r halda, ger\u00e7\u0259klikdir ki, son ill\u0259r bir s\u0131ra transmilli enerji v\u0259 n\u0259qliyyat layih\u0259l\u0259rinin realla\u015fmas\u0131 \u00f6lk\u0259mizin strateji m\u00f6vqeyini, onun region v\u0259 Q\u0259rb \u00fc\u00e7\u00fcn \u00f6n\u0259mini art\u0131r\u0131b. Az\u0259rbaycan b\u00f6lg\u0259d\u0259 bir n\u00f6v, arzulanan v\u0259 ehtiyac duyulan d\u00f6vl\u0259t statusu almaqdad\u0131r. Paralel sur\u0259td\u0259 h\u0259rbi q\u00fcdr\u0259timiz art\u0131r. Bunu h\u0259rbi ekspertl\u0259r v\u0259 xaricd\u0259ki h\u0259rbi t\u0259hlil m\u0259rk\u0259zl\u0259ri d\u0259 t\u0259sdiql\u0259yir.<\/strong><\/p>\n<p>Bu amil i\u015f\u011fal\u00e7\u0131 Erm\u0259nistan\u0131n sosial-iqtisadi v\u0259 h\u0259rbi g\u00f6st\u0259ricil\u0259r bax\u0131mdan ilb\u0259il geril\u0259m\u0259si v\u0259 \u201cizqoy\u201d d\u00f6vl\u0259t\u0259 \u00e7evrilm\u0259si fonunda x\u00fcsusil\u0259 b\u00f6y\u00fck \u00f6n\u0259m k\u0259sb edir. \u00c7\u00fcnki i\u015f\u011fal alt\u0131ndak\u0131 torpaqlar\u0131m\u0131z\u0131n m\u00fcharib\u0259 yolu il\u0259 azad edilm\u0259si variant\u0131 h\u0259mi\u015f\u0259 masa \u00fcz\u0259rind\u0259dir. Qalibiyy\u0259tli V\u0259t\u0259n sava\u015f\u0131 is\u0259 d\u00fc\u015fm\u0259n \u00fcz\u0259rin\u0259 \u00fcst\u00fcn iqtisadi v\u0259 h\u0259rbi q\u00fcdr\u0259tl\u0259 yana\u015f\u0131, milli bar\u0131\u015f\u0131 z\u0259ruri edir. M\u0259s\u0259l\u0259 d\u0259 ondad\u0131r ki, son vaxtlar d\u00f6vl\u0259t ba\u015f\u00e7\u0131s\u0131n\u0131n sosial sah\u0259d\u0259, struktur islahatlar\u0131 il\u0259 ba\u011fl\u0131 atd\u0131\u011f\u0131 add\u0131mlar, \u00fcmidverici q\u0259rarlar\u0131 \u0259halinin rifah\u0131n\u0131n y\u00fcks\u0259lm\u0259sin\u0259 yard\u0131m\u00e7\u0131 olmaqla yana\u015f\u0131, yekun etibaril\u0259 milli v\u0259hd\u0259ti d\u0259 m\u00f6hk\u0259ml\u0259tm\u0259y\u0259 xidm\u0259t edir.<\/p>\n<p><img src=\"https:\/\/fins.az\/files\/2018\/3\/554x360\/15390726143214925071_554x360.jpg\" alt=\"C\u00c9\u0099nub Qaz D\u00c9\u0099hlizi ile ilgili g\u00c3\u00b6rsel sonucu\" \/><\/p>\n<p>H\u0259m\u00e7inin Az\u0259rbaycan\u0131n apard\u0131\u011f\u0131 balansl\u0131 siyas\u0259t regionun v\u0259 d\u00fcnyan\u0131n apar\u0131c\u0131 g\u00fccl\u0259ri t\u0259r\u0259find\u0259n anla\u015f\u0131qla v\u0259 t\u0259qdirl\u0259 qar\u015f\u0131lanmaqdad\u0131r. Bu siyas\u0259t qlobal g\u00fccl\u0259rin geosiyasi maraqlar\u0131n\u0131n toqqu\u015fdu\u011fu regionumuzda Az\u0259rbaycana faktiki, vazke\u00e7ilm\u0259z \u00f6lk\u0259 rolu qazand\u0131r\u0131b. Az\u0259rbaycan eyni zamanda, bir s\u0131ra regional formatlar\u0131n v\u0259 meqa-layih\u0259l\u0259rin \u0259sas t\u0259\u015f\u0259bb\u00fcskar\u0131 v\u0259 f\u0259al i\u015ftirak\u00e7\u0131s\u0131d\u0131r. Bura b\u0259zi mane\u0259l\u0259r\u0259 r\u0259\u011fm\u0259n, u\u011furla h\u0259yata ke\u00e7irilm\u0259kd\u0259 v\u0259 ba\u015fa \u00e7atmaqda olan \u201c\u015eimal-C\u0259nub\u201d n\u0259qliyyat d\u0259hlizi, \u201c\u015e\u0259qr-Q\u0259rb\u201d<strong>\u00a0(\u201cD\u0259mir \u0130p\u0259k Yolu\u201d)<\/strong>\u00a0layih\u0259si, C\u0259nub Qaz D\u0259hlizi v\u0259 s. daxildir. B\u00fct\u00fcn bunlar \u00f6lk\u0259mizi b\u00f6lg\u0259d\u0259 bir n\u00f6v energetik v\u0259 siyasi xaba (\u201cpaylay\u0131c\u0131 m\u0259rk\u0259z\u201d\u0259) \u00e7evirir, ona mara\u011f\u0131 v\u0259 ehtiyac\u0131 art\u0131r\u0131r.<\/p>\n<p>\u00d6lk\u0259mizin Avropa Birliyi (AB) il\u0259 imzalama\u011fa haz\u0131rla\u015fd\u0131\u011f\u0131 strateji t\u0259r\u0259fda\u015fl\u0131q sazi\u015fi bu y\u00f6nd\u0259 n\u00f6vb\u0259ti add\u0131m ola bil\u0259r. \u00c7\u00fcnki bel\u0259 bir s\u0259n\u0259din imzalanmas\u0131 il\u0259\u00a0<strong>Az\u0259rbaycan-Avropa (Q\u0259rb)<\/strong>\u00a0\u0259laq\u0259l\u0259ri yeni keyfiyy\u0259t m\u0259rh\u0259l\u0259sin\u0259 ke\u00e7\u0259c\u0259k, ikit\u0259r\u0259fli m\u00fcnasib\u0259tl\u0259r daha proqnoza yat\u0131ml\u0131 olacaq. \u00d6lk\u0259mizin suverenliyi v\u0259 m\u00fcst\u0259qilliyi is\u0259 yeni v\u0259 \u0259lav\u0259 z\u0259man\u0259t \u0259ld\u0259 el\u0259mi\u015f olacaq. O c\u00fcml\u0259d\u0259n Qaraba\u011f m\u00fcnaqi\u015f\u0259sinin milli maraqlar\u0131m\u0131z \u00e7\u0259r\u00e7iv\u0259sind\u0259 h\u0259lli y\u00f6n\u00fcnd\u0259 pozitiv m\u00fc\u0259yy\u0259nlik yaranacaq.<\/p>\n<p>M\u0259lumdur ki, Az\u0259rbaycan h\u0259m d\u0259 d\u00fcnyan\u0131n 120-d\u0259n \u00e7ox \u00f6lk\u0259sini birl\u0259\u015fdir\u0259n Qo\u015fulmama H\u0259r\u0259kat\u0131n\u0131n \u00fczv\u00fcd\u00fcr v\u0259 tezlikl\u0259 quruma r\u0259hb\u0259rlik ed\u0259c\u0259k. Bak\u0131da qurumun n\u00f6vb\u0259ti toplant\u0131s\u0131 n\u0259z\u0259rd\u0259 tutulur. Bu da \u00f6lk\u0259mizin d\u00fcnyadak\u0131 n\u00fcfuzuna yeni m\u00fcsb\u0259t \u015ftrixl\u0259r \u0259lav\u0259 ed\u0259c\u0259k, Qaraba\u011f m\u0259s\u0259l\u0259sind\u0259 haql\u0131 m\u00f6vqeyimizin d\u00fcnya t\u0259r\u0259find\u0259n daha anla\u015f\u0131ql\u0131 qar\u015f\u0131lanmas\u0131na g\u0259tir\u0259c\u0259k.<\/p>\n<p><img loading=\"lazy\" src=\"http:\/\/525.az\/img\/pics\/large\/108437_48v7kmo2sc.jpg\" alt=\"Qo\u00c5\u009fulmama H\u00c9\u0099r\u00c9\u0099kat\u00c4\u00b1 ile ilgili g\u00c3\u00b6rsel sonucu\" width=\"636\" height=\"471\" \/><\/p>\n<p>T\u0259bii ki, Az\u0259rbaycan\u0131n \u00f6z daxili m\u00fcvazin\u0259tini v\u0259 sabitliyini saxlamaqda davam el\u0259m\u0259si, dinamik inki\u015fafda olmas\u0131, iqtisadi v\u0259 h\u0259rbi q\u00fcdr\u0259tini art\u0131rmas\u0131, son vaxtlar is\u0259 islahatlara start verilm\u0259si ilk n\u00f6vb\u0259d\u0259 Erm\u0259nistan\u0131, erm\u0259ni lobbisini v\u0259 xaricd\u0259ki anti-Az\u0259rbaycan \u00e7evr\u0259l\u0259rini narahat edir. O \u00fczd\u0259n onlar Az\u0259rbaycan\u0131n d\u00fcnyadak\u0131 yerini z\u0259ifl\u0259tm\u0259k, ona qar\u015f\u0131 xarici t\u0259zyiql\u0259r\u0259 r\u0259vac verm\u0259k \u00fc\u00e7\u00fcn d\u0259rid\u0259n-qab\u0131qdan \u00e7\u0131x\u0131rlar.<\/p>\n<p><strong>Az\u0259rbaycana qar\u015f\u0131 qarayaxma, t\u0259zyiq kampaniyas\u0131n\u0131n x\u00fcsusil\u0259 d\u0259 b\u00f6y\u00fck t\u0259dbirl\u0259r \u0259r\u0259f\u0259sin\u0259, Bak\u0131n\u0131n bir s\u0131ra t\u0259dbirl\u0259r\u0259 ev sahibliyi etm\u0259y\u0259 haz\u0131rla\u015fd\u0131\u011f\u0131 \u0259r\u0259f\u0259y\u0259 t\u0259sad\u00fcf el\u0259m\u0259si il\u0259 ikiqat diqq\u0259t \u00e7\u0259kir. Vur\u011fuland\u0131\u011f\u0131 kimi, art\u0131q Az\u0259rbaycanla AB aras\u0131nda strateji t\u0259r\u0259fda\u015fl\u0131q sazi\u015fi tamamlanmaq \u00fczr\u0259dir, C\u0259nub Qaz D\u0259hlizi layih\u0259si yekunla\u015f\u0131r, \u00f6lk\u0259miz Qo\u015fulmama H\u0259r\u0259kat\u0131na s\u0259drliy\u0259 haz\u0131rla\u015f\u0131r.<\/strong><\/p>\n<p>H\u0259d\u0259f he\u00e7 \u015f\u00fcbh\u0259siz, Az\u0259rbaycan\u0131 beyn\u0259lxalq birliyin q\u0131naq h\u0259d\u0259fin\u0259 g\u0259tirib ondan hans\u0131sa siyasi dividentl\u0259r qoparmaqd\u0131r. T\u0259\u0259ss\u00fcf ki, bu i\u015fd\u0259 \u00f6lk\u0259 daxilind\u0259ki \u201c5-ci kolon\u201d\u00e7ular da canf\u0259\u015fanl\u0131q edir, ictimai r\u0259yi yanl\u0131\u015f s\u0259mt\u0259 y\u00f6n\u0259ltm\u0259y\u0259 \u00e7al\u0131\u015f\u0131rlar. Ancaq c\u0259miyy\u0259t bu c\u0259hdl\u0259rin arxas\u0131ndak\u0131 m\u0259ram\u0131 yax\u015f\u0131 bilir&#8230;<\/p>\n<p>M\u0259s\u0259l\u0259n, son zamanlar b\u0259zi antimilli \u00fcns\u00fcrl\u0259r Az\u0259rbaycanla AB aras\u0131nda imzalanacaq sazi\u015f layih\u0259si bar\u0259d\u0259 \u0259sass\u0131z fikirl\u0259r ir\u0259li s\u00fcr\u00fcrl\u0259r. Bu sazi\u015f, y\u0259ni Az\u0259rbaycan\u0131n AB il\u0259 \u0259m\u0259kda\u015fl\u0131\u011f\u0131n\u0131n konkret m\u0259zmun almas\u0131 t\u0259bii ki, \u0259n \u00e7ox Erm\u0259nistan\u0131 narahat edir. N\u0259 yaz\u0131q ki, \u201csap\u0131 \u00f6z\u00fcm\u00fczd\u0259n olan baltalar\u201d da erm\u0259ni t\u0259bli\u011fat\u0131na bu v\u0259 ya ba\u015fqa formada z\u00fcy tutur, sazi\u015f\u0259 qar\u015f\u0131 \u00e7\u0131x\u0131rlar.<\/p>\n<p>S\u00f6hb\u0259t h\u0259r \u015feyd\u0259n \u00f6nc\u0259 s\u0259n\u0259dd\u0259 \u00f6lk\u0259mizin \u0259razi b\u00fct\u00f6vl\u00fcy\u00fc v\u0259 suverenliyi il\u0259 ba\u011fl\u0131 m\u00fcdd\u0259an\u0131n guya yer almayaca\u011f\u0131 iddias\u0131ndan gedir. Halbuki bunun \u00fc\u00e7\u00fcn \u0259sas yoxdur. \u018fn az\u0131 ona g\u00f6r\u0259 ki, AB v\u0259 onun \u0259sas orqan\u0131 olan Avropa Parlamenti indiy\u0259d\u0259k \u00f6z\u00fcn\u00fcn q\u0259bul el\u0259diyi s\u0259n\u0259d v\u0259 b\u0259yannam\u0259l\u0259rin ham\u0131s\u0131nda \u00f6lk\u0259mizin \u0259razi b\u00fct\u00f6vl\u00fcy\u00fc v\u0259 suverenliyi prinsipin\u0259 h\u00f6rm\u0259tini d\u0259f\u0259l\u0259rl\u0259 v\u0259 birm\u0259nal\u0131 \u015f\u0259kild\u0259 ifad\u0259 edib.<\/p>\n<p><img loading=\"lazy\" src=\"http:\/\/old.xalqqazeti.com\/photos\/news\/2018\/photo_97839.jpg\" alt=\"\u00e2\u0080\u009c\u00c5\u009e\u00c9\u0099rq T\u00c9\u0099r\u00c9\u0099fda\u00c5\u009fl\u00c4\u00b1\u00c4\u009f\u00c4\u00b1\u00e2\u0080\u009d Br\u00c3\u00bcssel Zirv\u00c9\u0099 b\u00c9\u0099yannam\u00c9\u0099si ile ilgili g\u00c3\u00b6rsel sonucu\" width=\"579\" height=\"317\" \/><\/p>\n<p>Misal \u00fc\u00e7\u00fcn, 2017-ci il tarixli<strong>\u00a0\u201c\u015e\u0259rq T\u0259r\u0259fda\u015fl\u0131\u011f\u0131\u201d Br\u00fcssel Zirv\u0259 b\u0259yannam\u0259sind\u0259<\/strong>\u00a0Az\u0259rbaycan da daxil, t\u0259r\u0259fda\u015f \u00f6lk\u0259l\u0259rin suverenliyinin, \u0259razi b\u00fct\u00f6vl\u00fcy\u00fcn\u00fcn t\u0259min edilm\u0259si v\u0259 s\u0259rh\u0259dl\u0259rinin toxunulmazl\u0131\u011f\u0131 yer al\u0131b. 2018-ci ild\u0259 AB il\u0259 Az\u0259rbaycan aras\u0131nda ikit\u0259r\u0259fli \u201cT\u0259r\u0259fda\u015fl\u0131q Prioritetl\u0259ri\u201d s\u0259n\u0259dind\u0259 d\u0259 eyni m\u00f6vqe \u0259ksini tap\u0131b. Son olaraq Avropa Parlamentinin 2018-ci il dekabr\u0131n 12-d\u0259 q\u0259bul etdiyi q\u0259tnam\u0259 t\u0259r\u0259fda\u015f \u00f6lk\u0259l\u0259rin suverenliyini, m\u00fcst\u0259qilliyini v\u0259 \u0259razi b\u00fct\u00f6vl\u00fcy\u00fcn\u00fc d\u0259st\u0259kl\u0259m\u0259k \u00f6hd\u0259liyini t\u0259sdiq edir, m\u00fcnaqi\u015f\u0259l\u0259rin beyn\u0259lxalq h\u00fcququn norma v\u0259 prinsipl\u0259rin\u0259 \u0259saslanaraq h\u0259ll edilm\u0259si vacibliyini vur\u011fulay\u0131r.<\/p>\n<p><img src=\"https:\/\/azvision.az\/photos\/sherq-terefdashliqi-sammit-(1)_1511525765_1511612627.jpg\" alt=\"\u00e2\u0080\u009c\u00c5\u009e\u00c9\u0099rq T\u00c9\u0099r\u00c9\u0099fda\u00c5\u009fl\u00c4\u00b1\u00c4\u009f\u00c4\u00b1\u00e2\u0080\u009d Br\u00c3\u00bcssel Zirv\u00c9\u0099 b\u00c9\u0099yannam\u00c9\u0099si ile ilgili g\u00c3\u00b6rsel sonucu\" \/><\/p>\n<p>R\u0259smi qaynaqlardan ald\u0131\u011f\u0131m\u0131z m\u0259lumatlar \u0259sas\u0131nda dey\u0259 bil\u0259rik ki, Az\u0259rbaycanla AB aras\u0131nda m\u00fczakir\u0259 edil\u0259n s\u0259n\u0259dd\u0259 d\u0259 eyni m\u00fcdd\u0259a \u0259ksini tapacaq. Ba\u015fqa c\u00fcr ola bilm\u0259z. \u00c7\u00fcnki bu, Az\u0259rbaycan \u00fc\u00e7\u00fcn \u201cq\u0131rm\u0131z\u0131 x\u0259tt\u201ddir.<\/p>\n<p>Bunlar\u0131 xat\u0131rlatmaqla bir daha qeyd el\u0259m\u0259yi vacib bilirik ki, ax\u0131r vaxtlar Az\u0259rbaycana qar\u015f\u0131 yenid\u0259n f\u0259alla\u015fan, bir \u00e7ox hallarda m\u0259krli erm\u0259ni dair\u0259l\u0259rin\u0259 ba\u011fl\u0131 antimilli \u00fcns\u00fcrl\u0259rin hay-h\u0259\u015frind\u0259 yegan\u0259 h\u0259d\u0259f daxild\u0259 ictimai fikri \u00e7a\u015fd\u0131rmaqla Az\u0259rbaycanda sabitliyi pozmaq, sonra is\u0259 \u201cbulan\u0131q suda bal\u0131q tutmaq\u201dd\u0131r. Ham\u0131m\u0131z\u0131n diqq\u0259tli olmam\u0131z g\u0259r\u0259kir&#8230;<\/p>\n<p><strong>Siyas\u0259t \u015f\u00f6b\u0259si,<\/strong><br \/>\n<strong>\u201cYeni M\u00fcsavat\u201d<\/strong><\/p>\n","protected":false},"excerpt":{"rendered":"<p>H\u0259r bir \u00f6lk\u0259nin normal, stabil inki\u015faf\u0131 v\u0259 t\u0259hl\u00fck\u0259sizliyinin birinci \u015f\u0259rti, he\u00e7 \u015f\u00fcbh\u0259siz, daxili sabitlikdir. Musavat.com-a g\u00f6r\u0259, daxili sabitlik is\u0259 \u00f6nc\u0259likl\u0259 c\u0259miyy\u0259tl\u0259 hakimiyy\u0259t aras\u0131nda balans\u0131 v\u0259 anla\u015fman\u0131 dikt\u0259 edir. Sirr deyil ki, son vaxtlar prezident \u0130lham \u018fliyev c\u0259miyy\u0259t-hakimiyy\u0259t m\u00fcnasib\u0259tl\u0259rinin m\u00f6hk\u0259ml\u0259nm\u0259si y\u00f6n\u00fcnd\u0259 bir s\u0131ra t\u0259qdiredici add\u0131mlar at\u0131b v\u0259 atmaqdad\u0131r. \u0130ctimai r\u0259\u011fb\u0259t do\u011furan bu add\u0131mlar, b\u00fct\u00f6vl\u00fckd\u0259 apar\u0131lan siyas\u0259t n\u0259tic\u0259sind\u0259 \u0259halinin sosial rifah\u0131 yax\u015f\u0131la\u015fmaqda, \u00f6lk\u0259mizin iqtisadi g\u00fcc\u00fc artmaqdad\u0131r. Xarici siyas\u0259t daxili siyas\u0259tin davam\u0131 oldu\u011fundan, beyn\u0259lxalq arenada \u00f6lk\u0259miz getdikc\u0259 daha sanball\u0131 s\u00f6z sahibin\u0259 \u00e7evrilm\u0259kd\u0259 oldu\u011funu da dey\u0259 bil\u0259rik. H\u0259r halda, ger\u00e7\u0259klikdir ki, son ill\u0259r bir&hellip;<\/p>\n","protected":false},"author":2,"featured_media":52033,"comment_status":"closed","ping_status":"closed","sticky":false,"template":"","format":"standard","meta":{"om_disable_all_campaigns":false,"_monsterinsights_skip_tracking":false,"_monsterinsights_sitenote_active":false,"_monsterinsights_sitenote_note":"","_monsterinsights_sitenote_category":0},"categories":[4],"tags":[],"aioseo_notices":[],"gutentor_comment":0,"rttpg_featured_image_url":{"full":["https:\/\/arantv.az\/wp-content\/uploads\/2019\/04\/74f1c6fbff5a9941873b653dbffbf94e.jpg",450,300,false],"landscape":["https:\/\/arantv.az\/wp-content\/uploads\/2019\/04\/74f1c6fbff5a9941873b653dbffbf94e.jpg",450,300,false],"portraits":["https:\/\/arantv.az\/wp-content\/uploads\/2019\/04\/74f1c6fbff5a9941873b653dbffbf94e.jpg",450,300,false],"thumbnail":["https:\/\/arantv.az\/wp-content\/uploads\/2019\/04\/74f1c6fbff5a9941873b653dbffbf94e-150x150.jpg",150,150,true],"medium":["https:\/\/arantv.az\/wp-content\/uploads\/2019\/04\/74f1c6fbff5a9941873b653dbffbf94e-300x200.jpg",300,200,true],"large":["https:\/\/arantv.az\/wp-content\/uploads\/2019\/04\/74f1c6fbff5a9941873b653dbffbf94e.jpg",450,300,false],"1536x1536":["https:\/\/arantv.az\/wp-content\/uploads\/2019\/04\/74f1c6fbff5a9941873b653dbffbf94e.jpg",450,300,false],"2048x2048":["https:\/\/arantv.az\/wp-content\/uploads\/2019\/04\/74f1c6fbff5a9941873b653dbffbf94e.jpg",450,300,false],"post-thumbnail":["https:\/\/arantv.az\/wp-content\/uploads\/2019\/04\/74f1c6fbff5a9941873b653dbffbf94e-240x172.jpg",240,172,true],"advps-thumb-one":["https:\/\/arantv.az\/wp-content\/uploads\/2019\/04\/74f1c6fbff5a9941873b653dbffbf94e.jpg",450,300,false]},"rttpg_author":{"display_name":"V\u00fcsal Rafiqo\u011flu","author_link":"https:\/\/arantv.az\/?author=2"},"rttpg_comment":0,"rttpg_category":"<a href=\"https:\/\/arantv.az\/?cat=4\" rel=\"category\">Siyas\u0259t<\/a>","rttpg_excerpt":"H\u0259r bir \u00f6lk\u0259nin normal, stabil inki\u015faf\u0131 v\u0259 t\u0259hl\u00fck\u0259sizliyinin birinci \u015f\u0259rti, he\u00e7 \u015f\u00fcbh\u0259siz, daxili sabitlikdir. Musavat.com-a g\u00f6r\u0259, daxili sabitlik is\u0259 \u00f6nc\u0259likl\u0259 c\u0259miyy\u0259tl\u0259 hakimiyy\u0259t aras\u0131nda balans\u0131 v\u0259 anla\u015fman\u0131 dikt\u0259 edir. Sirr deyil ki, son vaxtlar prezident \u0130lham \u018fliyev c\u0259miyy\u0259t-hakimiyy\u0259t m\u00fcnasib\u0259tl\u0259rinin m\u00f6hk\u0259ml\u0259nm\u0259si y\u00f6n\u00fcnd\u0259 bir s\u0131ra t\u0259qdiredici add\u0131mlar at\u0131b v\u0259 atmaqdad\u0131r. \u0130ctimai r\u0259\u011fb\u0259t do\u011furan bu add\u0131mlar, b\u00fct\u00f6vl\u00fckd\u0259 apar\u0131lan siyas\u0259t&hellip;","_links":{"self":[{"href":"https:\/\/arantv.az\/index.php?rest_route=\/wp\/v2\/posts\/52032"}],"collection":[{"href":"https:\/\/arantv.az\/index.php?rest_route=\/wp\/v2\/posts"}],"about":[{"href":"https:\/\/arantv.az\/index.php?rest_route=\/wp\/v2\/types\/post"}],"author":[{"embeddable":true,"href":"https:\/\/arantv.az\/index.php?rest_route=\/wp\/v2\/users\/2"}],"replies":[{"embeddable":true,"href":"https:\/\/arantv.az\/index.php?rest_route=%2Fwp%2Fv2%2Fcomments&post=52032"}],"version-history":[{"count":0,"href":"https:\/\/arantv.az\/index.php?rest_route=\/wp\/v2\/posts\/52032\/revisions"}],"wp:featuredmedia":[{"embeddable":true,"href":"https:\/\/arantv.az\/index.php?rest_route=\/wp\/v2\/media\/52033"}],"wp:attachment":[{"href":"https:\/\/arantv.az\/index.php?rest_route=%2Fwp%2Fv2%2Fmedia&parent=52032"}],"wp:term":[{"taxonomy":"category","embeddable":true,"href":"https:\/\/arantv.az\/index.php?rest_route=%2Fwp%2Fv2%2Fcategories&post=52032"},{"taxonomy":"post_tag","embeddable":true,"href":"https:\/\/arantv.az\/index.php?rest_route=%2Fwp%2Fv2%2Ftags&post=52032"}],"curies":[{"name":"wp","href":"https:\/\/api.w.org\/{rel}","templated":true}]}}