{"id":52035,"date":"2019-04-22T08:43:27","date_gmt":"2019-04-22T05:43:27","guid":{"rendered":"http:\/\/arantv.az\/?p=52035"},"modified":"2019-04-22T08:43:27","modified_gmt":"2019-04-22T05:43:27","slug":"bakida-yangin-olub-azyaslilar-tustud%c9%99n-z%c9%99h%c9%99rl%c9%99ndi","status":"publish","type":"post","link":"https:\/\/arantv.az\/?p=52035","title":{"rendered":"Bak\u0131da yan\u011f\u0131n olub, azya\u015fl\u0131lar t\u00fcst\u00fcd\u0259n z\u0259h\u0259rl\u0259ndi"},"content":{"rendered":"<p><strong>Bak\u0131da azya\u015fl\u0131lar\u0131n x\u0259sar\u0259t almas\u0131 il\u0259 n\u0259tic\u0259l\u0259n\u0259n yan\u011f\u0131n hadis\u0259si ba\u015f verib.<\/strong><\/p>\n<p><b>ARANTV.AZ\u00a0<\/b> x\u0259b\u0259r verir ki, hadis\u0259 Yasamal rayonunda qeyd\u0259 al\u0131n\u0131b.<\/p>\n<p>\u00dcmumi sah\u0259si 12 m\u00b2 olan 1 otaql\u0131 evd\u0259 3 p.m elektrik kabeli v\u0259 0,5 m\u00b2 sah\u0259d\u0259 \u0259\u015fyalar yan\u0131b. Yan\u011f\u0131n zaman\u0131 2 azya\u015fl\u0131 t\u00fcst\u00fcd\u0259n z\u0259h\u0259rlib. Azya\u015fl\u0131lar yan\u011f\u0131ns\u00f6nd\u00fcr\u0259nl\u0259r t\u0259r\u0259find\u0259n xilas edil\u0259r\u0259k aidiyy\u0259ti \u00fczr\u0259 t\u0259hvil verilib. Ev yan\u011f\u0131ndan m\u00fchafiz\u0259 olunub.<\/p>\n<p>Yan\u011f\u0131n yan\u011f\u0131ndan m\u00fchafiz\u0259 b\u00f6lm\u0259l\u0259ri t\u0259r\u0259find\u0259n s\u00f6nd\u00fcr\u00fcl\u00fcb.publika.az<\/p>\n","protected":false},"excerpt":{"rendered":"<p>Bak\u0131da azya\u015fl\u0131lar\u0131n x\u0259sar\u0259t almas\u0131 il\u0259 n\u0259tic\u0259l\u0259n\u0259n yan\u011f\u0131n hadis\u0259si ba\u015f verib. ARANTV.AZ\u00a0 x\u0259b\u0259r verir ki, hadis\u0259 Yasamal rayonunda qeyd\u0259 al\u0131n\u0131b. \u00dcmumi sah\u0259si 12 m\u00b2 olan 1 otaql\u0131 evd\u0259 3 p.m elektrik kabeli v\u0259 0,5 m\u00b2 sah\u0259d\u0259 \u0259\u015fyalar yan\u0131b. Yan\u011f\u0131n zaman\u0131 2 azya\u015fl\u0131 t\u00fcst\u00fcd\u0259n z\u0259h\u0259rlib. Azya\u015fl\u0131lar yan\u011f\u0131ns\u00f6nd\u00fcr\u0259nl\u0259r t\u0259r\u0259find\u0259n xilas edil\u0259r\u0259k aidiyy\u0259ti \u00fczr\u0259 t\u0259hvil verilib. Ev yan\u011f\u0131ndan m\u00fchafiz\u0259 olunub. Yan\u011f\u0131n yan\u011f\u0131ndan m\u00fchafiz\u0259 b\u00f6lm\u0259l\u0259ri t\u0259r\u0259find\u0259n s\u00f6nd\u00fcr\u00fcl\u00fcb.publika.az<\/p>\n","protected":false},"author":2,"featured_media":52036,"comment_status":"closed","ping_status":"closed","sticky":false,"template":"","format":"standard","meta":{"om_disable_all_campaigns":false,"_monsterinsights_skip_tracking":false,"_monsterinsights_sitenote_active":false,"_monsterinsights_sitenote_note":"","_monsterinsights_sitenote_category":0},"categories":[5],"tags":[],"aioseo_notices":[],"gutentor_comment":0,"rttpg_featured_image_url":{"full":["https:\/\/arantv.az\/wp-content\/uploads\/2019\/04\/gence_yangin_250818__2.jpg",800,450,false],"landscape":["https:\/\/arantv.az\/wp-content\/uploads\/2019\/04\/gence_yangin_250818__2.jpg",800,450,false],"portraits":["https:\/\/arantv.az\/wp-content\/uploads\/2019\/04\/gence_yangin_250818__2.jpg",800,450,false],"thumbnail":["https:\/\/arantv.az\/wp-content\/uploads\/2019\/04\/gence_yangin_250818__2-150x150.jpg",150,150,true],"medium":["https:\/\/arantv.az\/wp-content\/uploads\/2019\/04\/gence_yangin_250818__2-300x169.jpg",300,169,true],"large":["https:\/\/arantv.az\/wp-content\/uploads\/2019\/04\/gence_yangin_250818__2.jpg",640,360,false],"1536x1536":["https:\/\/arantv.az\/wp-content\/uploads\/2019\/04\/gence_yangin_250818__2.jpg",800,450,false],"2048x2048":["https:\/\/arantv.az\/wp-content\/uploads\/2019\/04\/gence_yangin_250818__2.jpg",800,450,false],"post-thumbnail":["https:\/\/arantv.az\/wp-content\/uploads\/2019\/04\/gence_yangin_250818__2-240x172.jpg",240,172,true],"advps-thumb-one":["https:\/\/arantv.az\/wp-content\/uploads\/2019\/04\/gence_yangin_250818__2.jpg",800,450,false]},"rttpg_author":{"display_name":"V\u00fcsal Rafiqo\u011flu","author_link":"https:\/\/arantv.az\/?author=2"},"rttpg_comment":0,"rttpg_category":"<a href=\"https:\/\/arantv.az\/?cat=5\" rel=\"category\">Hadis\u0259<\/a>","rttpg_excerpt":"Bak\u0131da azya\u015fl\u0131lar\u0131n x\u0259sar\u0259t almas\u0131 il\u0259 n\u0259tic\u0259l\u0259n\u0259n yan\u011f\u0131n hadis\u0259si ba\u015f verib. ARANTV.AZ\u00a0 x\u0259b\u0259r verir ki, hadis\u0259 Yasamal rayonunda qeyd\u0259 al\u0131n\u0131b. \u00dcmumi sah\u0259si 12 m\u00b2 olan 1 otaql\u0131 evd\u0259 3 p.m elektrik kabeli v\u0259 0,5 m\u00b2 sah\u0259d\u0259 \u0259\u015fyalar yan\u0131b. Yan\u011f\u0131n zaman\u0131 2 azya\u015fl\u0131 t\u00fcst\u00fcd\u0259n z\u0259h\u0259rlib. Azya\u015fl\u0131lar yan\u011f\u0131ns\u00f6nd\u00fcr\u0259nl\u0259r t\u0259r\u0259find\u0259n xilas edil\u0259r\u0259k aidiyy\u0259ti \u00fczr\u0259 t\u0259hvil verilib. Ev yan\u011f\u0131ndan m\u00fchafiz\u0259&hellip;","_links":{"self":[{"href":"https:\/\/arantv.az\/index.php?rest_route=\/wp\/v2\/posts\/52035"}],"collection":[{"href":"https:\/\/arantv.az\/index.php?rest_route=\/wp\/v2\/posts"}],"about":[{"href":"https:\/\/arantv.az\/index.php?rest_route=\/wp\/v2\/types\/post"}],"author":[{"embeddable":true,"href":"https:\/\/arantv.az\/index.php?rest_route=\/wp\/v2\/users\/2"}],"replies":[{"embeddable":true,"href":"https:\/\/arantv.az\/index.php?rest_route=%2Fwp%2Fv2%2Fcomments&post=52035"}],"version-history":[{"count":0,"href":"https:\/\/arantv.az\/index.php?rest_route=\/wp\/v2\/posts\/52035\/revisions"}],"wp:featuredmedia":[{"embeddable":true,"href":"https:\/\/arantv.az\/index.php?rest_route=\/wp\/v2\/media\/52036"}],"wp:attachment":[{"href":"https:\/\/arantv.az\/index.php?rest_route=%2Fwp%2Fv2%2Fmedia&parent=52035"}],"wp:term":[{"taxonomy":"category","embeddable":true,"href":"https:\/\/arantv.az\/index.php?rest_route=%2Fwp%2Fv2%2Fcategories&post=52035"},{"taxonomy":"post_tag","embeddable":true,"href":"https:\/\/arantv.az\/index.php?rest_route=%2Fwp%2Fv2%2Ftags&post=52035"}],"curies":[{"name":"wp","href":"https:\/\/api.w.org\/{rel}","templated":true}]}}