{"id":52046,"date":"2019-04-22T08:55:01","date_gmt":"2019-04-22T05:55:01","guid":{"rendered":"http:\/\/arantv.az\/?p=52046"},"modified":"2019-04-22T08:55:01","modified_gmt":"2019-04-22T05:55:01","slug":"turkiy%c9%99-v%c9%99t%c9%99ndasi-bicaqlandi-sumqayitda","status":"publish","type":"post","link":"https:\/\/arantv.az\/?p=52046","title":{"rendered":"T\u00fcrkiy\u0259 v\u0259t\u0259nda\u015f\u0131 b\u0131\u00e7aqland\u0131 &#8211; Sumqay\u0131tda"},"content":{"rendered":"<p><strong>\u00d6t\u0259n gec\u0259 Sumqay\u0131t \u015f\u0259h\u0259rind\u0259 b\u0131\u00e7aqlanma hadis\u0259si ba\u015f verib.\u00a0<\/strong><\/p>\n<p><b>ARANTV.AZ\u00a0<\/b>Ona-ya istinad\u0259n x\u0259b\u0259r verir ki,\u00a0hadis\u0259 \u015f\u0259h\u0259rin 1-ci mikrorayonunda olub.<\/p>\n<p>T\u00fcrkiy\u0259 v\u0259t\u0259nda\u015f\u0131, 1986-c\u0131 il t\u0259v\u0259ll\u00fcdl\u00fc Akbay\u0131r Mansur D\u00fczg\u00fcr o\u011flu qar\u0131n bo\u015flu\u011fundan b\u0131\u00e7aq x\u0259sar\u0259ti al\u0131b.<br \/>\nO, y\u0131x\u0131laraq qarn\u0131na b\u0131\u00e7aq girdiyini bildirs\u0259 d\u0259, yax\u0131nlar\u0131 onun \u00f6z\u00fcn\u00fc b\u0131\u00e7aqlad\u0131\u011f\u0131n\u0131 deyibl\u0259r.<\/p>\n<p>Hadis\u0259nin hans\u0131 s\u0259b\u0259bd\u0259n ba\u015f verdiyi m\u0259lum deyil.<\/p>\n<p>X\u0259st\u0259xanaya \u00e7atd\u0131r\u0131lan yaral\u0131 \u0259m\u0259liyyat olunub v\u0259 reanimasiyaya yerl\u0259\u015fdirilib.<\/p>\n<p>Faktla ba\u011fll ara\u015fd\u0131rma apar\u0131l\u0131r.<\/p>\n","protected":false},"excerpt":{"rendered":"<p>\u00d6t\u0259n gec\u0259 Sumqay\u0131t \u015f\u0259h\u0259rind\u0259 b\u0131\u00e7aqlanma hadis\u0259si ba\u015f verib.\u00a0 ARANTV.AZ\u00a0Ona-ya istinad\u0259n x\u0259b\u0259r verir ki,\u00a0hadis\u0259 \u015f\u0259h\u0259rin 1-ci mikrorayonunda olub. T\u00fcrkiy\u0259 v\u0259t\u0259nda\u015f\u0131, 1986-c\u0131 il t\u0259v\u0259ll\u00fcdl\u00fc Akbay\u0131r Mansur D\u00fczg\u00fcr o\u011flu qar\u0131n bo\u015flu\u011fundan b\u0131\u00e7aq x\u0259sar\u0259ti al\u0131b. O, y\u0131x\u0131laraq qarn\u0131na b\u0131\u00e7aq girdiyini bildirs\u0259 d\u0259, yax\u0131nlar\u0131 onun \u00f6z\u00fcn\u00fc b\u0131\u00e7aqlad\u0131\u011f\u0131n\u0131 deyibl\u0259r. Hadis\u0259nin hans\u0131 s\u0259b\u0259bd\u0259n ba\u015f verdiyi m\u0259lum deyil. X\u0259st\u0259xanaya \u00e7atd\u0131r\u0131lan yaral\u0131 \u0259m\u0259liyyat olunub v\u0259 reanimasiyaya yerl\u0259\u015fdirilib. Faktla ba\u011fll ara\u015fd\u0131rma apar\u0131l\u0131r.<\/p>\n","protected":false},"author":2,"featured_media":52047,"comment_status":"closed","ping_status":"closed","sticky":false,"template":"","format":"standard","meta":{"om_disable_all_campaigns":false,"_monsterinsights_skip_tracking":false,"_monsterinsights_sitenote_active":false,"_monsterinsights_sitenote_note":"","_monsterinsights_sitenote_category":0},"categories":[3],"tags":[],"aioseo_notices":[],"gutentor_comment":0,"rttpg_featured_image_url":{"full":["https:\/\/arantv.az\/wp-content\/uploads\/2019\/04\/1552052487.bicaq_-1.jpg",600,400,false],"landscape":["https:\/\/arantv.az\/wp-content\/uploads\/2019\/04\/1552052487.bicaq_-1.jpg",600,400,false],"portraits":["https:\/\/arantv.az\/wp-content\/uploads\/2019\/04\/1552052487.bicaq_-1.jpg",600,400,false],"thumbnail":["https:\/\/arantv.az\/wp-content\/uploads\/2019\/04\/1552052487.bicaq_-1-150x150.jpg",150,150,true],"medium":["https:\/\/arantv.az\/wp-content\/uploads\/2019\/04\/1552052487.bicaq_-1-300x200.jpg",300,200,true],"large":["https:\/\/arantv.az\/wp-content\/uploads\/2019\/04\/1552052487.bicaq_-1.jpg",600,400,false],"1536x1536":["https:\/\/arantv.az\/wp-content\/uploads\/2019\/04\/1552052487.bicaq_-1.jpg",600,400,false],"2048x2048":["https:\/\/arantv.az\/wp-content\/uploads\/2019\/04\/1552052487.bicaq_-1.jpg",600,400,false],"post-thumbnail":["https:\/\/arantv.az\/wp-content\/uploads\/2019\/04\/1552052487.bicaq_-1-240x172.jpg",240,172,true],"advps-thumb-one":["https:\/\/arantv.az\/wp-content\/uploads\/2019\/04\/1552052487.bicaq_-1.jpg",600,400,false]},"rttpg_author":{"display_name":"V\u00fcsal Rafiqo\u011flu","author_link":"https:\/\/arantv.az\/?author=2"},"rttpg_comment":0,"rttpg_category":"<a href=\"https:\/\/arantv.az\/?cat=3\" rel=\"category\">Kriminal<\/a>","rttpg_excerpt":"\u00d6t\u0259n gec\u0259 Sumqay\u0131t \u015f\u0259h\u0259rind\u0259 b\u0131\u00e7aqlanma hadis\u0259si ba\u015f verib.\u00a0 ARANTV.AZ\u00a0Ona-ya istinad\u0259n x\u0259b\u0259r verir ki,\u00a0hadis\u0259 \u015f\u0259h\u0259rin 1-ci mikrorayonunda olub. T\u00fcrkiy\u0259 v\u0259t\u0259nda\u015f\u0131, 1986-c\u0131 il t\u0259v\u0259ll\u00fcdl\u00fc Akbay\u0131r Mansur D\u00fczg\u00fcr o\u011flu qar\u0131n bo\u015flu\u011fundan b\u0131\u00e7aq x\u0259sar\u0259ti al\u0131b. O, y\u0131x\u0131laraq qarn\u0131na b\u0131\u00e7aq girdiyini bildirs\u0259 d\u0259, yax\u0131nlar\u0131 onun \u00f6z\u00fcn\u00fc b\u0131\u00e7aqlad\u0131\u011f\u0131n\u0131 deyibl\u0259r. Hadis\u0259nin hans\u0131 s\u0259b\u0259bd\u0259n ba\u015f verdiyi m\u0259lum deyil. X\u0259st\u0259xanaya \u00e7atd\u0131r\u0131lan yaral\u0131 \u0259m\u0259liyyat olunub&hellip;","_links":{"self":[{"href":"https:\/\/arantv.az\/index.php?rest_route=\/wp\/v2\/posts\/52046"}],"collection":[{"href":"https:\/\/arantv.az\/index.php?rest_route=\/wp\/v2\/posts"}],"about":[{"href":"https:\/\/arantv.az\/index.php?rest_route=\/wp\/v2\/types\/post"}],"author":[{"embeddable":true,"href":"https:\/\/arantv.az\/index.php?rest_route=\/wp\/v2\/users\/2"}],"replies":[{"embeddable":true,"href":"https:\/\/arantv.az\/index.php?rest_route=%2Fwp%2Fv2%2Fcomments&post=52046"}],"version-history":[{"count":0,"href":"https:\/\/arantv.az\/index.php?rest_route=\/wp\/v2\/posts\/52046\/revisions"}],"wp:featuredmedia":[{"embeddable":true,"href":"https:\/\/arantv.az\/index.php?rest_route=\/wp\/v2\/media\/52047"}],"wp:attachment":[{"href":"https:\/\/arantv.az\/index.php?rest_route=%2Fwp%2Fv2%2Fmedia&parent=52046"}],"wp:term":[{"taxonomy":"category","embeddable":true,"href":"https:\/\/arantv.az\/index.php?rest_route=%2Fwp%2Fv2%2Fcategories&post=52046"},{"taxonomy":"post_tag","embeddable":true,"href":"https:\/\/arantv.az\/index.php?rest_route=%2Fwp%2Fv2%2Ftags&post=52046"}],"curies":[{"name":"wp","href":"https:\/\/api.w.org\/{rel}","templated":true}]}}