{"id":521062,"date":"2022-10-07T19:00:50","date_gmt":"2022-10-07T16:00:50","guid":{"rendered":"https:\/\/arantv.az\/?p=521062"},"modified":"2022-10-07T19:00:50","modified_gmt":"2022-10-07T16:00:50","slug":"rasim-ismayilov-idxal-daha-da-artirilmalidir","status":"publish","type":"post","link":"https:\/\/arantv.az\/?p=521062","title":{"rendered":"Rasim \u0130smay\u0131lov: \u201c\u0130dxal daha da art\u0131r\u0131lmal\u0131d\u0131r\u201d"},"content":{"rendered":"<p>\u201c\u0130dxal daha da art\u0131r\u0131lmal\u0131d\u0131r\u201d.<\/p>\n<p><b>ARANTV.AZ <\/b>x\u0259b\u0259r verir ki, bunu \u201cBeyn\u0259lxalq \u018fcza\u00e7\u0131 g\u00fcn\u00fc\u201d\u00a0v\u0259 Respublika \u0259cza\u00e7\u0131lar\u0131n\u0131n 3-c\u00fc konfrans\u0131 zaman\u0131 S\u0259hiyy\u0259 nazirinin m\u00fcavini Rasim \u0130smay\u0131lov deyib.<\/p>\n<div class=\"AdviadNativeVideo\"><\/div>\n<p>Onun s\u00f6zl\u0259rin\u0259 g\u00f6r\u0259,labarotoriyalarda keyfiyy\u0259tin m\u00fcasir s\u0259viyy\u0259y\u0259 \u00e7atd\u0131r\u0131lmas\u0131 istiqam\u0259tind\u0259 layih\u0259l\u0259r haz\u0131rlan\u0131r:<\/p>\n<p>\u201cKeyfiyy\u0259t d\u0259 \u0259sasd\u0131r. \u018fmin\u0259m ki, q\u0131sa zamanda m\u00fcsb\u0259t n\u0259tic\u0259l\u0259rini g\u00f6st\u0259r\u0259c\u0259k\u201d.<\/p>\n<p>\u018fcza\u00e7\u0131l\u0131qda d\u00f6vl\u0259t siyas\u0259ti m\u00f6vcuddur.<\/p>\n<p>\u201c\u0130stehsal d\u0259 vacibdir\u201d.<\/p>\n<p>R.\u0130smay\u0131lov qeyd edib ki, Az\u0259rbaycan d\u0259rman t\u0259labat\u0131n\u0131n 10 faizini t\u0259min ed\u0259 bilir:<\/p>\n<p>\u201cT\u00fcrkiy\u0259 70 faizini t\u0259min ed\u0259 bilir. M\u00fc\u0259yy\u0259n add\u0131mlar at\u0131lmal\u0131\u0131d\u0131r. S\u0259hiyy\u0259 tam d\u0259st\u0259kdir\u201d.<\/p>\n<p>Nazir m\u00fcavini sonda \u0259lav\u0259 edib ki, elektron reseptl\u0259rin olmas\u0131 m\u00fc\u0259yy\u0259n probleml\u0259ri aradan qald\u0131racaq.<\/p>\n","protected":false},"excerpt":{"rendered":"<p>\u201c\u0130dxal daha da art\u0131r\u0131lmal\u0131d\u0131r\u201d. ARANTV.AZ x\u0259b\u0259r verir ki, bunu \u201cBeyn\u0259lxalq \u018fcza\u00e7\u0131 g\u00fcn\u00fc\u201d\u00a0v\u0259 Respublika \u0259cza\u00e7\u0131lar\u0131n\u0131n 3-c\u00fc konfrans\u0131 zaman\u0131 S\u0259hiyy\u0259 nazirinin m\u00fcavini Rasim \u0130smay\u0131lov deyib. Onun s\u00f6zl\u0259rin\u0259 g\u00f6r\u0259,labarotoriyalarda keyfiyy\u0259tin m\u00fcasir s\u0259viyy\u0259y\u0259 \u00e7atd\u0131r\u0131lmas\u0131 istiqam\u0259tind\u0259 layih\u0259l\u0259r haz\u0131rlan\u0131r: \u201cKeyfiyy\u0259t d\u0259 \u0259sasd\u0131r. \u018fmin\u0259m ki, q\u0131sa zamanda m\u00fcsb\u0259t n\u0259tic\u0259l\u0259rini g\u00f6st\u0259r\u0259c\u0259k\u201d. \u018fcza\u00e7\u0131l\u0131qda d\u00f6vl\u0259t siyas\u0259ti m\u00f6vcuddur. \u201c\u0130stehsal d\u0259 vacibdir\u201d. R.\u0130smay\u0131lov qeyd edib ki, Az\u0259rbaycan d\u0259rman t\u0259labat\u0131n\u0131n 10 faizini t\u0259min ed\u0259 bilir: \u201cT\u00fcrkiy\u0259 70 faizini t\u0259min ed\u0259 bilir. M\u00fc\u0259yy\u0259n add\u0131mlar at\u0131lmal\u0131\u0131d\u0131r. S\u0259hiyy\u0259 tam d\u0259st\u0259kdir\u201d. Nazir m\u00fcavini sonda \u0259lav\u0259 edib ki, elektron reseptl\u0259rin olmas\u0131 m\u00fc\u0259yy\u0259n probleml\u0259ri aradan qald\u0131racaq.<\/p>\n","protected":false},"author":2,"featured_media":521063,"comment_status":"closed","ping_status":"closed","sticky":false,"template":"","format":"standard","meta":{"om_disable_all_campaigns":false,"_monsterinsights_skip_tracking":false,"_monsterinsights_sitenote_active":false,"_monsterinsights_sitenote_note":"","_monsterinsights_sitenote_category":0},"categories":[19],"tags":[],"aioseo_notices":[],"gutentor_comment":0,"rttpg_featured_image_url":{"full":["https:\/\/arantv.az\/wp-content\/uploads\/2022\/10\/AjRSagYbPfLIoCKCkMbyXxDnC9UxPt9RUYkRvcwt.jpg",620,413,false],"landscape":["https:\/\/arantv.az\/wp-content\/uploads\/2022\/10\/AjRSagYbPfLIoCKCkMbyXxDnC9UxPt9RUYkRvcwt.jpg",620,413,false],"portraits":["https:\/\/arantv.az\/wp-content\/uploads\/2022\/10\/AjRSagYbPfLIoCKCkMbyXxDnC9UxPt9RUYkRvcwt.jpg",620,413,false],"thumbnail":["https:\/\/arantv.az\/wp-content\/uploads\/2022\/10\/AjRSagYbPfLIoCKCkMbyXxDnC9UxPt9RUYkRvcwt-500x280.jpg",500,280,true],"medium":["https:\/\/arantv.az\/wp-content\/uploads\/2022\/10\/AjRSagYbPfLIoCKCkMbyXxDnC9UxPt9RUYkRvcwt-548x365.jpg",548,365,true],"large":["https:\/\/arantv.az\/wp-content\/uploads\/2022\/10\/AjRSagYbPfLIoCKCkMbyXxDnC9UxPt9RUYkRvcwt.jpg",620,413,false],"1536x1536":["https:\/\/arantv.az\/wp-content\/uploads\/2022\/10\/AjRSagYbPfLIoCKCkMbyXxDnC9UxPt9RUYkRvcwt.jpg",620,413,false],"2048x2048":["https:\/\/arantv.az\/wp-content\/uploads\/2022\/10\/AjRSagYbPfLIoCKCkMbyXxDnC9UxPt9RUYkRvcwt.jpg",620,413,false],"post-thumbnail":["https:\/\/arantv.az\/wp-content\/uploads\/2022\/10\/AjRSagYbPfLIoCKCkMbyXxDnC9UxPt9RUYkRvcwt-240x172.jpg",240,172,true],"advps-thumb-one":["https:\/\/arantv.az\/wp-content\/uploads\/2022\/10\/AjRSagYbPfLIoCKCkMbyXxDnC9UxPt9RUYkRvcwt.jpg",620,413,false]},"rttpg_author":{"display_name":"V\u00fcsal Rafiqo\u011flu","author_link":"https:\/\/arantv.az\/?author=2"},"rttpg_comment":0,"rttpg_category":"<a href=\"https:\/\/arantv.az\/?cat=19\" rel=\"category\">G\u00fcnd\u0259m<\/a>","rttpg_excerpt":"\u201c\u0130dxal daha da art\u0131r\u0131lmal\u0131d\u0131r\u201d. ARANTV.AZ x\u0259b\u0259r verir ki, bunu \u201cBeyn\u0259lxalq \u018fcza\u00e7\u0131 g\u00fcn\u00fc\u201d\u00a0v\u0259 Respublika \u0259cza\u00e7\u0131lar\u0131n\u0131n 3-c\u00fc konfrans\u0131 zaman\u0131 S\u0259hiyy\u0259 nazirinin m\u00fcavini Rasim \u0130smay\u0131lov deyib. Onun s\u00f6zl\u0259rin\u0259 g\u00f6r\u0259,labarotoriyalarda keyfiyy\u0259tin m\u00fcasir s\u0259viyy\u0259y\u0259 \u00e7atd\u0131r\u0131lmas\u0131 istiqam\u0259tind\u0259 layih\u0259l\u0259r haz\u0131rlan\u0131r: \u201cKeyfiyy\u0259t d\u0259 \u0259sasd\u0131r. \u018fmin\u0259m ki, q\u0131sa zamanda m\u00fcsb\u0259t n\u0259tic\u0259l\u0259rini g\u00f6st\u0259r\u0259c\u0259k\u201d. \u018fcza\u00e7\u0131l\u0131qda d\u00f6vl\u0259t siyas\u0259ti m\u00f6vcuddur. \u201c\u0130stehsal d\u0259 vacibdir\u201d. R.\u0130smay\u0131lov qeyd edib ki, Az\u0259rbaycan&hellip;","_links":{"self":[{"href":"https:\/\/arantv.az\/index.php?rest_route=\/wp\/v2\/posts\/521062"}],"collection":[{"href":"https:\/\/arantv.az\/index.php?rest_route=\/wp\/v2\/posts"}],"about":[{"href":"https:\/\/arantv.az\/index.php?rest_route=\/wp\/v2\/types\/post"}],"author":[{"embeddable":true,"href":"https:\/\/arantv.az\/index.php?rest_route=\/wp\/v2\/users\/2"}],"replies":[{"embeddable":true,"href":"https:\/\/arantv.az\/index.php?rest_route=%2Fwp%2Fv2%2Fcomments&post=521062"}],"version-history":[{"count":0,"href":"https:\/\/arantv.az\/index.php?rest_route=\/wp\/v2\/posts\/521062\/revisions"}],"wp:featuredmedia":[{"embeddable":true,"href":"https:\/\/arantv.az\/index.php?rest_route=\/wp\/v2\/media\/521063"}],"wp:attachment":[{"href":"https:\/\/arantv.az\/index.php?rest_route=%2Fwp%2Fv2%2Fmedia&parent=521062"}],"wp:term":[{"taxonomy":"category","embeddable":true,"href":"https:\/\/arantv.az\/index.php?rest_route=%2Fwp%2Fv2%2Fcategories&post=521062"},{"taxonomy":"post_tag","embeddable":true,"href":"https:\/\/arantv.az\/index.php?rest_route=%2Fwp%2Fv2%2Ftags&post=521062"}],"curies":[{"name":"wp","href":"https:\/\/api.w.org\/{rel}","templated":true}]}}