{"id":521065,"date":"2022-10-07T19:02:59","date_gmt":"2022-10-07T16:02:59","guid":{"rendered":"https:\/\/arantv.az\/?p=521065"},"modified":"2022-10-07T19:02:59","modified_gmt":"2022-10-07T16:02:59","slug":"lukasenko-putin%c9%99-ad-gunu-ucun-traktor-h%c9%99diyy%c9%99-etdi-foto","status":"publish","type":"post","link":"https:\/\/arantv.az\/?p=521065","title":{"rendered":"Luka\u015fenko Putin\u0259 ad g\u00fcn\u00fc \u00fc\u00e7\u00fcn traktor h\u0259diyy\u0259 etdi &#8211; FOTO"},"content":{"rendered":"<p>Belarus Prezidenti Aleksandr Luka\u015fenko rusiyal\u0131 h\u0259mkar\u0131 Vladimir Putin\u0259 ad g\u00fcn\u00fc m\u00fcnasib\u0259til\u0259 \u201cBelarus\u201d traktoru h\u0259diyy\u0259 edib.<\/p>\n<p>Yubiley h\u0259diyy\u0259si bar\u0259d\u0259 Luka\u015fenko \u00f6z\u00fc jurnalistl\u0259r\u0259 dan\u0131\u015f\u0131b.<\/p>\n<p>\u201c\u00d6z\u00fcm i\u015fl\u0259tdiyim traktordand\u0131r &#8211; \u201cBelarus\u201ddur. \u018fn yax\u015f\u0131s\u0131d\u0131r. \u018fl i\u015fidir\u201d, &#8211; dey\u0259 o qeyd edib.<\/p>\n<p>\u201cB\u00fct\u00fcn qo\u015fqular\u0131 il\u0259?\u201d, &#8211; dey\u0259 jurnalistl\u0259rd\u0259n biri m\u00fcxt\u0259lif \u0259lav\u0259l\u0259ri olan ma\u015f\u0131nla maraqlan\u0131b.<\/p>\n<p>\u201cQo\u015fqular, bilirsiniz, milyonlarlad\u0131r. Buna g\u00f6r\u0259 d\u0259 se\u00e7imd\u0259n as\u0131l\u0131d\u0131r. Amma m\u0259n ona bir qo\u015fqu\u00a0 \u00a0t\u0259klif ed\u0259c\u0259y\u0259m \u2013 toxums\u0259p\u0259n. Tax\u0131l \u0259k\u0259c\u0259yik. Ba\u015fqa bir \u015fey d\u0259 ola bil\u0259r. Bu traktor universald\u0131r\u201d, &#8211; dey\u0259 Luka\u015fenko bildirib.<\/p>\n<p>&nbsp;<\/p>\n<div class=\"gallery\">\n<div class=\"gallery-i\"><img src=\"https:\/\/cdn.oxu.az\/uploads\/W1siZiIsIjIwMjIvMTAvMDcvMTkvMjkvMjkvOWZjNzQyY2UtOTRiMy00MDRkLWFiY2EtNjEzMDY4MzAyMmYwL0ZvdG9KZXQgLSAyMDIyLTEwLTA3VDE5Mjg1MC4wMjEuanBnIl0sWyJwIiwiZW5jb2RlIiwianBnIiwiLXF1YWxpdHkgODAiXSxbInAiLCJ0aHVtYiIsIjU5MHg1OTBcdTAwM2UiXV0?sha=21e10eb9e38163cf\" alt=\"\" \/><\/p>\n<div class=\"gallery-i-caption\"><\/div>\n<\/div>\n<div class=\"gallery-i\"><img src=\"https:\/\/cdn.oxu.az\/uploads\/W1siZiIsIjIwMjIvMTAvMDcvMTkvMjkvMjkvYjEzZjBmY2EtNDk5NC00ZmFlLWE3ZTQtZDIwN2FkZTRmMGE1L0ZvdG9KZXQgLSAyMDIyLTEwLTA3VDE5MjgyMS40ODguanBnIl0sWyJwIiwiZW5jb2RlIiwianBnIiwiLXF1YWxpdHkgODAiXSxbInAiLCJ0aHVtYiIsIjU5MHg1OTBcdTAwM2UiXV0?sha=ef82b3653391e56e\" alt=\"\" \/><\/p>\n<div class=\"gallery-i-caption\"><\/div>\n<\/div>\n<div class=\"gallery-i\"><img src=\"https:\/\/cdn.oxu.az\/uploads\/W1siZiIsIjIwMjIvMTAvMDcvMTkvMzIvNTgvNWFiODBmN2ItYjRmNC00MmRlLWE4NTYtMDk0NDgwNWMxNjNjL0ZvdG9KZXQgLSAyMDIyLTEwLTA3VDE5MzIzOC42MzcuanBnIl0sWyJwIiwiZW5jb2RlIiwianBnIiwiLXF1YWxpdHkgODAiXSxbInAiLCJ0aHVtYiIsIjU5MHg1OTBcdTAwM2UiXV0?sha=da9c60002a810da9\" alt=\"\" \/><\/p>\n<div class=\"gallery-i-caption\"><\/div>\n<\/div>\n<\/div>\n<p>M\u0259nb\u0259: Lenta.ru<\/p>\n","protected":false},"excerpt":{"rendered":"<p>Belarus Prezidenti Aleksandr Luka\u015fenko rusiyal\u0131 h\u0259mkar\u0131 Vladimir Putin\u0259 ad g\u00fcn\u00fc m\u00fcnasib\u0259til\u0259 \u201cBelarus\u201d traktoru h\u0259diyy\u0259 edib. Yubiley h\u0259diyy\u0259si bar\u0259d\u0259 Luka\u015fenko \u00f6z\u00fc jurnalistl\u0259r\u0259 dan\u0131\u015f\u0131b. \u201c\u00d6z\u00fcm i\u015fl\u0259tdiyim traktordand\u0131r &#8211; \u201cBelarus\u201ddur. \u018fn yax\u015f\u0131s\u0131d\u0131r. \u018fl i\u015fidir\u201d, &#8211; dey\u0259 o qeyd edib. \u201cB\u00fct\u00fcn qo\u015fqular\u0131 il\u0259?\u201d, &#8211; dey\u0259 jurnalistl\u0259rd\u0259n biri m\u00fcxt\u0259lif \u0259lav\u0259l\u0259ri olan ma\u015f\u0131nla maraqlan\u0131b. \u201cQo\u015fqular, bilirsiniz, milyonlarlad\u0131r. Buna g\u00f6r\u0259 d\u0259 se\u00e7imd\u0259n as\u0131l\u0131d\u0131r. Amma m\u0259n ona bir qo\u015fqu\u00a0 \u00a0t\u0259klif ed\u0259c\u0259y\u0259m \u2013 toxums\u0259p\u0259n. Tax\u0131l \u0259k\u0259c\u0259yik. Ba\u015fqa bir \u015fey d\u0259 ola bil\u0259r. Bu traktor universald\u0131r\u201d, &#8211; dey\u0259 Luka\u015fenko bildirib. &nbsp; M\u0259nb\u0259: Lenta.ru<\/p>\n","protected":false},"author":2,"featured_media":521066,"comment_status":"closed","ping_status":"closed","sticky":false,"template":"","format":"standard","meta":{"om_disable_all_campaigns":false,"_monsterinsights_skip_tracking":false,"_monsterinsights_sitenote_active":false,"_monsterinsights_sitenote_note":"","_monsterinsights_sitenote_category":0},"categories":[7],"tags":[],"aioseo_notices":[],"gutentor_comment":0,"rttpg_featured_image_url":{"full":["https:\/\/arantv.az\/wp-content\/uploads\/2022\/10\/FotoJet-2022-10-07T192759.169.jpg",620,413,false],"landscape":["https:\/\/arantv.az\/wp-content\/uploads\/2022\/10\/FotoJet-2022-10-07T192759.169.jpg",620,413,false],"portraits":["https:\/\/arantv.az\/wp-content\/uploads\/2022\/10\/FotoJet-2022-10-07T192759.169.jpg",620,413,false],"thumbnail":["https:\/\/arantv.az\/wp-content\/uploads\/2022\/10\/FotoJet-2022-10-07T192759.169-500x280.jpg",500,280,true],"medium":["https:\/\/arantv.az\/wp-content\/uploads\/2022\/10\/FotoJet-2022-10-07T192759.169-548x365.jpg",548,365,true],"large":["https:\/\/arantv.az\/wp-content\/uploads\/2022\/10\/FotoJet-2022-10-07T192759.169.jpg",620,413,false],"1536x1536":["https:\/\/arantv.az\/wp-content\/uploads\/2022\/10\/FotoJet-2022-10-07T192759.169.jpg",620,413,false],"2048x2048":["https:\/\/arantv.az\/wp-content\/uploads\/2022\/10\/FotoJet-2022-10-07T192759.169.jpg",620,413,false],"post-thumbnail":["https:\/\/arantv.az\/wp-content\/uploads\/2022\/10\/FotoJet-2022-10-07T192759.169-240x172.jpg",240,172,true],"advps-thumb-one":["https:\/\/arantv.az\/wp-content\/uploads\/2022\/10\/FotoJet-2022-10-07T192759.169.jpg",620,413,false]},"rttpg_author":{"display_name":"V\u00fcsal Rafiqo\u011flu","author_link":"https:\/\/arantv.az\/?author=2"},"rttpg_comment":0,"rttpg_category":"<a href=\"https:\/\/arantv.az\/?cat=7\" rel=\"category\">D\u00fcnya<\/a>","rttpg_excerpt":"Belarus Prezidenti Aleksandr Luka\u015fenko rusiyal\u0131 h\u0259mkar\u0131 Vladimir Putin\u0259 ad g\u00fcn\u00fc m\u00fcnasib\u0259til\u0259 \u201cBelarus\u201d traktoru h\u0259diyy\u0259 edib. Yubiley h\u0259diyy\u0259si bar\u0259d\u0259 Luka\u015fenko \u00f6z\u00fc jurnalistl\u0259r\u0259 dan\u0131\u015f\u0131b. \u201c\u00d6z\u00fcm i\u015fl\u0259tdiyim traktordand\u0131r &#8211; \u201cBelarus\u201ddur. \u018fn yax\u015f\u0131s\u0131d\u0131r. \u018fl i\u015fidir\u201d, &#8211; dey\u0259 o qeyd edib. \u201cB\u00fct\u00fcn qo\u015fqular\u0131 il\u0259?\u201d, &#8211; dey\u0259 jurnalistl\u0259rd\u0259n biri m\u00fcxt\u0259lif \u0259lav\u0259l\u0259ri olan ma\u015f\u0131nla maraqlan\u0131b. \u201cQo\u015fqular, bilirsiniz, milyonlarlad\u0131r. Buna g\u00f6r\u0259 d\u0259 se\u00e7imd\u0259n&hellip;","_links":{"self":[{"href":"https:\/\/arantv.az\/index.php?rest_route=\/wp\/v2\/posts\/521065"}],"collection":[{"href":"https:\/\/arantv.az\/index.php?rest_route=\/wp\/v2\/posts"}],"about":[{"href":"https:\/\/arantv.az\/index.php?rest_route=\/wp\/v2\/types\/post"}],"author":[{"embeddable":true,"href":"https:\/\/arantv.az\/index.php?rest_route=\/wp\/v2\/users\/2"}],"replies":[{"embeddable":true,"href":"https:\/\/arantv.az\/index.php?rest_route=%2Fwp%2Fv2%2Fcomments&post=521065"}],"version-history":[{"count":0,"href":"https:\/\/arantv.az\/index.php?rest_route=\/wp\/v2\/posts\/521065\/revisions"}],"wp:featuredmedia":[{"embeddable":true,"href":"https:\/\/arantv.az\/index.php?rest_route=\/wp\/v2\/media\/521066"}],"wp:attachment":[{"href":"https:\/\/arantv.az\/index.php?rest_route=%2Fwp%2Fv2%2Fmedia&parent=521065"}],"wp:term":[{"taxonomy":"category","embeddable":true,"href":"https:\/\/arantv.az\/index.php?rest_route=%2Fwp%2Fv2%2Fcategories&post=521065"},{"taxonomy":"post_tag","embeddable":true,"href":"https:\/\/arantv.az\/index.php?rest_route=%2Fwp%2Fv2%2Ftags&post=521065"}],"curies":[{"name":"wp","href":"https:\/\/api.w.org\/{rel}","templated":true}]}}