{"id":521117,"date":"2022-10-08T08:14:42","date_gmt":"2022-10-08T05:14:42","guid":{"rendered":"https:\/\/arantv.az\/?p=521117"},"modified":"2022-10-08T08:14:42","modified_gmt":"2022-10-08T05:14:42","slug":"sulh-muqavil%c9%99si-bes-prinsip-%c9%99sasinda-imzalanmalidir","status":"publish","type":"post","link":"https:\/\/arantv.az\/?p=521117","title":{"rendered":"S\u00fclh m\u00fcqavil\u0259si be\u015f prinsip \u0259sas\u0131nda imzalanmal\u0131d\u0131r"},"content":{"rendered":"<p>Q\u0131rx d\u00f6rd g\u00fcnl\u00fck m\u00fcharib\u0259d\u0259n sonra 2020-ci il noyabr\u0131n 10-da Qaraba\u011fda h\u0259rbi \u0259m\u0259liyyatlar\u0131n bitm\u0259si v\u0259 at\u0259\u015fk\u0259s bar\u0259d\u0259 Az\u0259rbaycan, Erm\u0259nistan v\u0259 Rusiya liderl\u0259rinin birg\u0259 B\u0259yanat\u0131 imzalansa da t\u0259r\u0259fl\u0259r aras\u0131nda bu g\u00fcn\u0259 kimi yekun s\u00fclh sazi\u015fin\u0259 nail olunmay\u0131b. \u00c7\u00fcnki t\u0259cav\u00fczkar Erm\u0259nistan g\u00f6t\u00fcrd\u00fcy\u00fc \u00f6hd\u0259likl\u0259r\u0259 \u0259m\u0259l etm\u0259y\u0259r\u0259k zaman-zaman t\u00f6rt\u0259diyi t\u0259xribatlarla iki \u00f6lk\u0259 aras\u0131nda s\u00fclh m\u00fcqavil\u0259sinin imzalanmas\u0131n\u0131 l\u0259ngidib.<\/p>\n<p>Prezident \u0130lham \u018fliyev daim vur\u011fulay\u0131r ki, bu g\u00fcn Az\u0259rbaycan h\u0259qiq\u0259t\u0259n d\u0259 d\u00fc\u015fm\u0259n\u00e7ilik, nifr\u0259t, qar\u015f\u0131durma s\u0259hif\u0259sini ba\u011flama\u011fa v\u0259 region \u00fc\u00e7\u00fcn g\u0259l\u0259c\u0259k qurma\u011fa haz\u0131r oldu\u011funu n\u00fcmayi\u015f etdirir. D\u00f6vl\u0259t ba\u015f\u00e7\u0131s\u0131 oktyabr\u0131n 6-da Praqada Az\u0259rbaycan televiziya kanallar\u0131na m\u00fcsahib\u0259sind\u0259 bildirib ki, s\u00fclh m\u00fcqavil\u0259sinin be\u015f prinsipi m\u00fcmk\u00fcn q\u0259d\u0259r tez paraflanmal\u0131d\u0131r: \u201cS\u00fclh m\u00fcqavil\u0259sinin m\u0259tni \u00fcz\u0259rind\u0259 i\u015f bu prinsipl\u0259r \u0259sas\u0131nda ba\u015flamal\u0131d\u0131r. \u018fmin\u0259m ki, buna tez nail olmaq m\u00fcmk\u00fcnd\u00fcr. Bununla biz m\u00fcharib\u0259, d\u00fc\u015fm\u0259n\u00e7ilik s\u0259hif\u0259sini qapadaca\u011f\u0131q\u201d.<\/p>\n<p>Bu g\u00fcn Az\u0259rbaycan i\u015f\u011faldan azad edil\u0259n \u0259razil\u0259rd\u0259 b\u0259rpa-quruculuq i\u015fl\u0259rini s\u00fcr\u0259tl\u0259ndirm\u0259kl\u0259 yana\u015f\u0131, regional layih\u0259l\u0259rin realla\u015fd\u0131r\u0131lmas\u0131 istiqam\u0259tind\u0259 d\u0259 u\u011furlu f\u0259aliyy\u0259t g\u00f6st\u0259rir. Art\u0131q Az\u0259rbaycan, Rusiya v\u0259 Erm\u0259nistan r\u0259hb\u0259rl\u0259rinin Moskvada \u0259ld\u0259 etdikl\u0259ri raz\u0131la\u015fmadan sonra regionda b\u00fct\u00fcn iqtisadi v\u0259 n\u0259qliyyat \u0259laq\u0259l\u0259rinin b\u0259rpas\u0131 il\u0259 ba\u011fl\u0131 real t\u0259dbirl\u0259rin g\u00f6r\u00fclm\u0259si davam etdirilir. \u00a0\u018fslind\u0259 2020-ci il noyabr\u0131n 9-da v\u0259 2021- ci il yanvar\u0131n 11-d\u0259 imzalanan s\u0259n\u0259dl\u0259r b\u00fct\u00fcn iqtisadi v\u0259 n\u0259qliyyat \u0259laq\u0259l\u0259rinin b\u0259rpas\u0131n\u0131 t\u0259min edir. Raz\u0131la\u015fman\u0131n m\u0259zmunu Erm\u0259nistan v\u0259 Az\u0259rbaycan aras\u0131nda Sovet d\u00f6n\u0259mind\u0259 yarad\u0131lan n\u0259qliyyat \u0259laq\u0259l\u0259rinin, ilk n\u00f6vb\u0259d\u0259 d\u0259mir yol v\u0259 avtomobil n\u0259qliyyat\u0131 \u0259laq\u0259l\u0259rinin b\u0259rpa edilm\u0259sini n\u0259z\u0259rd\u0259 tutur. Buna uy\u011fun olaraq Az\u0259rbaycan\u0131n \u0259sas hiss\u0259si il\u0259 Nax\u00e7\u0131van aras\u0131nda n\u0259qliyyat d\u0259hlizi qurulmal\u0131, kommunikasiya x\u0259tl\u0259ri\u00a0b\u0259rpa olunmal\u0131, avtomobil yolunun qurulmas\u0131 v\u0259 d\u0259mir yolunun in\u015fa edilm\u0259si kimi m\u0259s\u0259l\u0259l\u0259r h\u0259ll edilm\u0259lidir. \u00c7ox t\u0259\u0259ss\u00fcf ki, Erm\u0259nistan \u00f6z \u00f6hd\u0259likl\u0259rini pozaraq h\u0259l\u0259 d\u0259 dekonstruktiv add\u0131mlar atmaqda davam edir. Prezident \u0130lham \u018fliyev Praqada Az\u0259rbaycan televiziya kanallar\u0131na m\u00fcsahib\u0259sind\u0259 kommunikasiyalar\u0131n a\u00e7\u0131lmas\u0131n\u0131n m\u00fcmk\u00fcn s\u00fclh m\u00fcqavil\u0259sinin hiss\u0259si olmad\u0131\u011f\u0131n\u0131 bildirib: \u201cBu, mahiyy\u0259tc\u0259 art\u0131q olmal\u0131 idi. Ona g\u00f6r\u0259 ki, bu, Erm\u0259nistan\u0131n 2020-ci il noyabr\u0131n 10-da g\u00f6t\u00fcrd\u00fcy\u00fc, amma yerin\u0259 yetirm\u0259diyi \u00f6hd\u0259likdir. T\u0259\u0259ss\u00fcf ki, bu g\u00fcn m\u0259n Erm\u0259nistan\u0131n ba\u015f nazirin\u0259 yen\u0259 d\u0259 m\u00fcraci\u0259t ed\u0259nd\u0259 ki, n\u0259hay\u0259t biz\u0259 avtomobil yolu \u00fc\u00e7\u00fcn mar\u015frutu verin, yen\u0259 d\u0259 cavab ala bilm\u0259dim. Bu h\u0259tta g\u00fclm\u0259li deyil, \u00e7\u00fcnki orada o q\u0259d\u0259r d\u0259 b\u00f6y\u00fck hiss\u0259 yoxdur. Ham\u0131 bilir ki, d\u0259mir yolu v\u0259 avtomobil yolu haradan ke\u00e7m\u0259lidir. Biz\u0259 Nax\u00e7\u0131vana k\u00f6n\u00fcll\u00fc olaraq ke\u00e7id verm\u0259k ist\u0259nilm\u0259m\u0259si anla\u015f\u0131lan deyil. \u00d6z \u00f6hd\u0259liyini pozmaq- \u0259lb\u0259tt\u0259, son d\u0259r\u0259c\u0259 biab\u0131r\u00e7\u0131 faktd\u0131r. Lakin biz h\u0259l\u0259 s\u0259bir g\u00f6st\u0259ririk, t\u0259mkin g\u00f6st\u0259ririk. \u018fmin\u0259m, biz buna da nail olaca\u011f\u0131q, yax\u015f\u0131 olard\u0131 ki, gec deyil, tez olsun\u201d.<\/p>\n<p>T\u0259bii ki, bu d\u0259hliz m\u00fch\u00fcm bir layih\u0259 olaraq b\u00f6y\u00fck strateji \u0259h\u0259miyy\u0259t k\u0259sb edir.\u00a0\u018fvv\u0259la, \u00f6lk\u0259 ba\u015f\u00e7\u0131s\u0131n\u0131n s\u00f6yl\u0259diyi kimi, ilk n\u00f6vb\u0259d\u0259 ona g\u00f6r\u0259 ki, bu d\u0259mir yolu azad edilmi\u015f torpaqlara h\u0259m v\u0259t\u0259nda\u015flar\u0131n g\u0259lm\u0259si, h\u0259m d\u0259 y\u00fckl\u0259rin da\u015f\u0131nmas\u0131 \u00fc\u00e7\u00fcn b\u00f6y\u00fck \u0259h\u0259miyy\u0259t\u0259 malik olacaq. T\u0259xmin\u0259n 30 illik fasil\u0259d\u0259n sonra Az\u0259rbaycan v\u0259 onun ayr\u0131lmaz hiss\u0259si olan Nax\u00e7\u0131van Muxtar Respublikas\u0131 d\u0259mir yolu il\u0259 bir-birin\u0259 ba\u011flanacaq. Bu da Az\u0259rabycan\u0131n strateji, iqtisadi, v\u0259 siyasi m\u0259qs\u0259dl\u0259rinin daha s\u00fcr\u0259tl\u0259 realla\u015fmas\u0131na yol a\u00e7acaq.<\/p>\n<p>Dig\u0259r yandan is\u0259 bu yoldan yaln\u0131z Az\u0259rbaycan deyil, eyni zamanda, regionda maraqlar\u0131 olan d\u00f6vl\u0259tl\u0259r d\u0259 maksimum yararlanmaq imkan\u0131 \u0259ld\u0259 ed\u0259c\u0259kl\u0259r.\u00a0Bu bax\u0131mdan \u00f6lk\u0259 ba\u015f\u00e7\u0131s\u0131n\u0131n qeyd etdiyi kimi, regionun g\u0259l\u0259c\u0259k inki\u015faf\u0131 \u00fc\u00e7\u00fcn bu g\u00fcn nadir imkanlar yaran\u0131b. Z\u0259ng\u0259zur d\u0259hlizi yaln\u0131z Rusiya, Az\u0259rbaycan, T\u00fcrkiy\u0259, \u0130ran, Erm\u0259nistan\u0131n deyil, qon\u015fu \u00f6lk\u0259l\u0259rin d\u0259 maraqlar\u0131na cavab verir. Bu koridor h\u0259m d\u0259 Erm\u0259nistan\u0131n blokadadan \u00e7\u0131xaraq yeni \u0259m\u0259kda\u015fl\u0131q m\u00fchitind\u0259 \u00e7\u0259tin iqtisadi v\u0259ziyy\u0259td\u0259n qurtulmas\u0131 \u00fc\u00e7\u00fcn \u0259sas \u015fanslardan biri ola bil\u0259r. B\u00fct\u00f6vl\u00fckd\u0259 yeni koridor b\u00f6lg\u0259nin inki\u015faf\u0131na b\u00f6y\u00fck t\u00f6hf\u0259l\u0259r ver\u0259c\u0259k. Bu m\u0259nada Erm\u0259nistan qeyri-konstruktiv h\u0259r\u0259k\u0259tl\u0259rin\u0259 son qoymal\u0131, regionda davaml\u0131 s\u00fclh\u00fcn b\u0259rq\u0259rar olmas\u0131 \u00fc\u00e7\u00fcn 2020-ci il 10 noyabr B\u0259yanat\u0131n\u0131n \u015f\u0259tl\u0259rin\u0259 \u0259m\u0259l ed\u0259r\u0259k\u00a0\u00a0 kommunikasiyalar\u0131n a\u00e7\u0131lmas\u0131na \u015f\u0259rait yaratmal\u0131 Az\u0259rbaycan\u0131n b\u00fct\u00fcn d\u00fcnya t\u0259r\u0259find\u0259n q\u0259bul edil\u0259n \u0259razi b\u00fct\u00f6vl\u00fcy\u00fcn\u00fc tan\u0131mal\u0131d\u0131r.<\/p>\n<p>Yeri g\u0259lmi\u015fk\u0259n, Praqada Az\u0259rbaycan Respublikas\u0131n\u0131n Prezidenti \u0130lham \u018fliyev, Fransa Respublikas\u0131n\u0131n Prezidenti Emmanuel Makron, Avropa \u0130ttifaq\u0131 \u015euras\u0131n\u0131n Prezidenti \u015earl Mi\u015fel v\u0259 Erm\u0259nistan Respublikas\u0131n\u0131n ba\u015f naziri Nikol Pa\u015finyan aras\u0131nda ba\u015f tutan g\u00f6r\u00fc\u015fd\u0259n sonra Yelisey saray\u0131n\u0131n r\u0259smi sayt\u0131nda d\u0259rc edilmi\u015f B\u0259yanatda deyilir ki, Erm\u0259nistan v\u0259 Az\u0259rbaycan Birl\u0259\u015fmi\u015f Mill\u0259tl\u0259r T\u0259\u015fkilat\u0131n\u0131n Nizamnam\u0259sin\u0259 v\u0259 h\u0259r iki t\u0259r\u0259fin bir-birinin \u0259razi b\u00fct\u00f6vl\u00fcy\u00fcn\u00fc v\u0259 suverenliyini tan\u0131d\u0131\u011f\u0131 1991-ci il Alma-Ata B\u0259yannam\u0259sin\u0259 sadiqlikl\u0259rini t\u0259sdiql\u0259yibl\u0259r. N\u0259hay\u0259t, Erm\u0259nistan Az\u0259rbaycan\u0131n \u0259razi b\u00fct\u00f6vl\u00fcy\u00fcn\u00fc v\u0259 Qaraba\u011f \u00fcz\u0259rind\u0259 suverenliyini tan\u0131m\u0131\u015f oldu.<\/p>\n<p>T\u0259bii ki, b\u00fct\u00fcn bunlar c\u0259miyy\u0259timiz t\u0259r\u0259find\u0259n Prezident \u0130lham \u018fliyevin u\u011furlu xarici siyas\u0259tinin n\u0259tic\u0259si, Az\u0259rbaycan\u0131n diplomatiyas\u0131n\u0131n n\u00f6vb\u0259tu u\u011furu kimi d\u0259y\u0259rl\u0259ndirilir.<\/p>\n","protected":false},"excerpt":{"rendered":"<p>Q\u0131rx d\u00f6rd g\u00fcnl\u00fck m\u00fcharib\u0259d\u0259n sonra 2020-ci il noyabr\u0131n 10-da Qaraba\u011fda h\u0259rbi \u0259m\u0259liyyatlar\u0131n bitm\u0259si v\u0259 at\u0259\u015fk\u0259s bar\u0259d\u0259 Az\u0259rbaycan, Erm\u0259nistan v\u0259 Rusiya liderl\u0259rinin birg\u0259 B\u0259yanat\u0131 imzalansa da t\u0259r\u0259fl\u0259r aras\u0131nda bu g\u00fcn\u0259 kimi yekun s\u00fclh sazi\u015fin\u0259 nail olunmay\u0131b. \u00c7\u00fcnki t\u0259cav\u00fczkar Erm\u0259nistan g\u00f6t\u00fcrd\u00fcy\u00fc \u00f6hd\u0259likl\u0259r\u0259 \u0259m\u0259l etm\u0259y\u0259r\u0259k zaman-zaman t\u00f6rt\u0259diyi t\u0259xribatlarla iki \u00f6lk\u0259 aras\u0131nda s\u00fclh m\u00fcqavil\u0259sinin imzalanmas\u0131n\u0131 l\u0259ngidib. Prezident \u0130lham \u018fliyev daim vur\u011fulay\u0131r ki, bu g\u00fcn Az\u0259rbaycan h\u0259qiq\u0259t\u0259n d\u0259 d\u00fc\u015fm\u0259n\u00e7ilik, nifr\u0259t, qar\u015f\u0131durma s\u0259hif\u0259sini ba\u011flama\u011fa v\u0259 region \u00fc\u00e7\u00fcn g\u0259l\u0259c\u0259k qurma\u011fa haz\u0131r oldu\u011funu n\u00fcmayi\u015f etdirir. D\u00f6vl\u0259t ba\u015f\u00e7\u0131s\u0131 oktyabr\u0131n 6-da Praqada Az\u0259rbaycan televiziya kanallar\u0131na m\u00fcsahib\u0259sind\u0259 bildirib ki, s\u00fclh m\u00fcqavil\u0259sinin&hellip;<\/p>\n","protected":false},"author":2,"featured_media":521118,"comment_status":"closed","ping_status":"closed","sticky":false,"template":"","format":"standard","meta":{"om_disable_all_campaigns":false,"_monsterinsights_skip_tracking":false,"_monsterinsights_sitenote_active":false,"_monsterinsights_sitenote_note":"","_monsterinsights_sitenote_category":0},"categories":[19],"tags":[],"aioseo_notices":[],"gutentor_comment":0,"rttpg_featured_image_url":{"full":["https:\/\/arantv.az\/wp-content\/uploads\/2022\/10\/3487596c166515144325301151210238155.jpg",975,540,false],"landscape":["https:\/\/arantv.az\/wp-content\/uploads\/2022\/10\/3487596c166515144325301151210238155.jpg",975,540,false],"portraits":["https:\/\/arantv.az\/wp-content\/uploads\/2022\/10\/3487596c166515144325301151210238155.jpg",975,540,false],"thumbnail":["https:\/\/arantv.az\/wp-content\/uploads\/2022\/10\/3487596c166515144325301151210238155-500x280.jpg",500,280,true],"medium":["https:\/\/arantv.az\/wp-content\/uploads\/2022\/10\/3487596c166515144325301151210238155-660x365.jpg",660,365,true],"large":["https:\/\/arantv.az\/wp-content\/uploads\/2022\/10\/3487596c166515144325301151210238155-840x465.jpg",640,354,true],"1536x1536":["https:\/\/arantv.az\/wp-content\/uploads\/2022\/10\/3487596c166515144325301151210238155.jpg",975,540,false],"2048x2048":["https:\/\/arantv.az\/wp-content\/uploads\/2022\/10\/3487596c166515144325301151210238155.jpg",975,540,false],"post-thumbnail":["https:\/\/arantv.az\/wp-content\/uploads\/2022\/10\/3487596c166515144325301151210238155-240x172.jpg",240,172,true],"advps-thumb-one":["https:\/\/arantv.az\/wp-content\/uploads\/2022\/10\/3487596c166515144325301151210238155.jpg",975,540,false]},"rttpg_author":{"display_name":"V\u00fcsal Rafiqo\u011flu","author_link":"https:\/\/arantv.az\/?author=2"},"rttpg_comment":0,"rttpg_category":"<a href=\"https:\/\/arantv.az\/?cat=19\" rel=\"category\">G\u00fcnd\u0259m<\/a>","rttpg_excerpt":"Q\u0131rx d\u00f6rd g\u00fcnl\u00fck m\u00fcharib\u0259d\u0259n sonra 2020-ci il noyabr\u0131n 10-da Qaraba\u011fda h\u0259rbi \u0259m\u0259liyyatlar\u0131n bitm\u0259si v\u0259 at\u0259\u015fk\u0259s bar\u0259d\u0259 Az\u0259rbaycan, Erm\u0259nistan v\u0259 Rusiya liderl\u0259rinin birg\u0259 B\u0259yanat\u0131 imzalansa da t\u0259r\u0259fl\u0259r aras\u0131nda bu g\u00fcn\u0259 kimi yekun s\u00fclh sazi\u015fin\u0259 nail olunmay\u0131b. \u00c7\u00fcnki t\u0259cav\u00fczkar Erm\u0259nistan g\u00f6t\u00fcrd\u00fcy\u00fc \u00f6hd\u0259likl\u0259r\u0259 \u0259m\u0259l etm\u0259y\u0259r\u0259k zaman-zaman t\u00f6rt\u0259diyi t\u0259xribatlarla iki \u00f6lk\u0259 aras\u0131nda s\u00fclh m\u00fcqavil\u0259sinin imzalanmas\u0131n\u0131 l\u0259ngidib. Prezident \u0130lham \u018fliyev&hellip;","_links":{"self":[{"href":"https:\/\/arantv.az\/index.php?rest_route=\/wp\/v2\/posts\/521117"}],"collection":[{"href":"https:\/\/arantv.az\/index.php?rest_route=\/wp\/v2\/posts"}],"about":[{"href":"https:\/\/arantv.az\/index.php?rest_route=\/wp\/v2\/types\/post"}],"author":[{"embeddable":true,"href":"https:\/\/arantv.az\/index.php?rest_route=\/wp\/v2\/users\/2"}],"replies":[{"embeddable":true,"href":"https:\/\/arantv.az\/index.php?rest_route=%2Fwp%2Fv2%2Fcomments&post=521117"}],"version-history":[{"count":0,"href":"https:\/\/arantv.az\/index.php?rest_route=\/wp\/v2\/posts\/521117\/revisions"}],"wp:featuredmedia":[{"embeddable":true,"href":"https:\/\/arantv.az\/index.php?rest_route=\/wp\/v2\/media\/521118"}],"wp:attachment":[{"href":"https:\/\/arantv.az\/index.php?rest_route=%2Fwp%2Fv2%2Fmedia&parent=521117"}],"wp:term":[{"taxonomy":"category","embeddable":true,"href":"https:\/\/arantv.az\/index.php?rest_route=%2Fwp%2Fv2%2Fcategories&post=521117"},{"taxonomy":"post_tag","embeddable":true,"href":"https:\/\/arantv.az\/index.php?rest_route=%2Fwp%2Fv2%2Ftags&post=521117"}],"curies":[{"name":"wp","href":"https:\/\/api.w.org\/{rel}","templated":true}]}}