{"id":521121,"date":"2022-10-08T08:15:36","date_gmt":"2022-10-08T05:15:36","guid":{"rendered":"https:\/\/arantv.az\/?p=521121"},"modified":"2022-10-08T08:15:36","modified_gmt":"2022-10-08T05:15:36","slug":"dost-dar-gund%c9%99-taninar","status":"publish","type":"post","link":"https:\/\/arantv.az\/?p=521121","title":{"rendered":"Dost dar g\u00fcnd\u0259 tan\u0131nar&#8230;"},"content":{"rendered":"<p><em><strong>Az\u0259rbaycan V\u0259t\u0259n m\u00fcharib\u0259sind\u0259 haqq\u0131n yan\u0131nda olanlar\u0131 he\u00e7 vaxt unutmayacaq<\/strong><\/em><\/p>\n<p>\u0130kinci Qaraba\u011f m\u00fcharib\u0259si zaman\u0131 Az\u0259rbaycana qar\u015f\u0131 b\u00fct\u00fcn t\u0259zyiql\u0259r\u0259, \u0259dal\u0259tsiz m\u00f6vqel\u0259r\u0259 r\u0259\u011fm\u0259n bizi yolumuzdan he\u00e7 bir q\u00fcvv\u0259 d\u00f6nd\u0259r\u0259 bilm\u0259di. 2020-ci il sentyabr\u0131n 27-d\u0259 erm\u0259ni h\u0259rbi birl\u0259\u015fm\u0259l\u0259rinin \u00f6lk\u0259miz\u0259 h\u00fccum etm\u0259sin\u0259 cavab olaraq ba\u015flanan d\u00f6y\u00fc\u015fl\u0259r 30 ildir g\u00f6zl\u0259diyimiz \u0259dal\u0259tin b\u0259rpas\u0131 il\u0259 n\u0259tic\u0259l\u0259ndi. Torpaqlar\u0131m\u0131z\u0131 i\u015f\u011faldan azad etm\u0259k h\u00fcququmuzun t\u0259min olunmas\u0131 h\u00fcququnu biz\u0259 beyn\u0259lxalq qanunlar, BMT T\u0259hl\u00fck\u0259sizlik \u015euras\u0131n\u0131n q\u0259tnam\u0259l\u0259ri, Helsinki Yekun Akt\u0131, el\u0259c\u0259 d\u0259 beyn\u0259lxalq m\u00fcnasib\u0259tl\u0259rd\u0259 prioritet olan \u0259razi b\u00fct\u00f6vl\u00fcy\u00fc prinsipi verir. Bu prinsipi he\u00e7\u0259 sayan, beyn\u0259lxalq qanunlar\u0131 tapdalayan, h\u0259tta Az\u0259rbaycan\u0131n \u0259razi b\u00fct\u00f6vl\u00fcy\u00fcn\u00fc d\u0259st\u0259kl\u0259y\u0259n s\u0259n\u0259dl\u0259r\u0259 atd\u0131qlar\u0131 imzalara bel\u0259 h\u00f6rm\u0259t etm\u0259y\u0259n \u00f6lk\u0259l\u0259r \u0130kinci Qaraba\u011f m\u00fcharib\u0259si zaman\u0131 yen\u0259 d\u0259 biz\u0259 qar\u015f\u0131 \u0259dal\u0259tsiz m\u00f6vqe n\u00fcmayi\u015f etdirdil\u0259r. Lakin bu haqq m\u00fcbariz\u0259sind\u0259 yan\u0131m\u0131zda olan \u00f6lk\u0259l\u0259r d\u0259 \u00e7ox idi.<\/p>\n<p><em><strong>Qarda\u015f\u0131n qarda\u015fa d\u0259st\u0259yi<\/strong><\/em><\/p>\n<p>Qarda\u015f T\u00fcrkiy\u0259 erm\u0259ni h\u0259rbi birl\u0259\u015fm\u0259l\u0259rinin Az\u0259rbaycana qar\u015f\u0131 t\u0259xribat h\u00fccumuna ba\u015flad\u0131\u011f\u0131 ilk g\u00fcnd\u0259n bizim yan\u0131m\u0131zda oldu. T\u00fcrkiy\u0259 r\u0259hb\u0259rliyi i\u015f\u011fala son qoyulana q\u0259d\u0259r Az\u0259rbaycan\u0131n apard\u0131\u011f\u0131 h\u0259rbi \u0259m\u0259liyyatlar\u0131 d\u0259st\u0259kl\u0259y\u0259c\u0259yini b\u0259yan etmi\u015fdi. Bu d\u0259st\u0259k haz\u0131rda da davam edir. O zaman T\u00fcrkiy\u0259 Prezidenti R\u0259c\u0259b Tayyip \u018frdo\u011fan b\u0259yan etdi ki, Az\u0259rbaycan\u0131n yan\u0131ndad\u0131rlar: \u201cErm\u0259nistan b\u00f6lg\u0259d\u0259 s\u00fclh v\u0259 sabitliyin \u00f6n\u00fcnd\u0259ki \u0259n b\u00f6y\u00fck t\u0259hdid oldu\u011funu n\u00f6vb\u0259ti d\u0259f\u0259 g\u00f6st\u0259rib. T\u00fcrk mill\u0259ti h\u0259r zaman oldu\u011fu kimi, bu g\u00fcn d\u0259 b\u00fct\u00fcn imkanlar\u0131 il\u0259 az\u0259rbaycanl\u0131 qarda\u015flar\u0131m\u0131z\u0131n yan\u0131ndad\u0131r.\u201d<\/p>\n<p>Eyni d\u0259st\u0259k T\u00fcrkiy\u0259 Xarici \u0130\u015fl\u0259r Nazirliyi (X\u0130N), M\u00fcdafi\u0259 Nazirliyi v\u0259 dig\u0259r s\u0259viyy\u0259l\u0259rd\u0259 d\u0259 n\u00fcmayi\u015f etdirildi. H\u0259rbi \u0259m\u0259liyyatlar\u0131n ba\u015flad\u0131\u011f\u0131 ilk g\u00fcnd\u0259n qarda\u015f T\u00fcrkiy\u0259 \u201cBir mill\u0259t, iki d\u00f6vl\u0259t\u201d k\u0259lam\u0131na uy\u011fun davrand\u0131.<\/p>\n<p><em><strong>Bir mill\u0259t, \u00fc\u00e7 d\u00f6vl\u0259t&#8230;<\/strong><\/em><\/p>\n<p>V\u0259t\u0259n m\u00fcharib\u0259si zaman\u0131 biz \u201cBir mill\u0259t \u00fc\u00e7 d\u00f6vl\u0259t\u201d k\u0259lam\u0131n\u0131 da e\u015fitdik. Qarda\u015f T\u00fcrkiy\u0259d\u0259n sonra Az\u0259rbaycana \u0259n \u00e7ox d\u0259st\u0259k ver\u0259n ikinci \u00f6lk\u0259nin m\u0259hz Pakistan oldu\u011funu des\u0259k yan\u0131lmar\u0131q. Pakistan M\u00fcdafi\u0259 Nazirliyinin \u201cBir mill\u0259t, \u00fc\u00e7 d\u00f6vl\u0259t\u201d payla\u015f\u0131m\u0131 h\u0259r \u015feyi ifad\u0259 edir. Bu \u00f6lk\u0259nin o zamanki ba\u015f naziri \u0130mran Xan sona q\u0259d\u0259r Az\u0259rbaycan\u0131n yan\u0131nda olduqlar\u0131n\u0131 b\u0259yan etdi. Pakistan Xarici \u0130\u015fl\u0259r Nazirliyi is\u0259 Erm\u0259nistan\u0131n i\u015f\u011fal\u00e7\u0131 v\u0259 t\u0259cav\u00fczkar siyas\u0259tin\u0259 qar\u015f\u0131 b\u0259yanatlar verdi.<\/p>\n<p>V\u0259t\u0259n m\u00fcharib\u0259si zaman\u0131 Pakistan\u0131n r\u0259smi m\u00f6vqeyi bel\u0259dir: \u201cPakistan qarda\u015f Az\u0259rbaycan xalq\u0131n\u0131 d\u0259st\u0259kl\u0259yir v\u0259 onun \u00f6z\u00fcn\u00fcm\u00fcdafi\u0259 haqq\u0131n\u0131 tan\u0131y\u0131r. Az\u0259rbaycan\u0131n Da\u011fl\u0131q Qaraba\u011fla ba\u011fl\u0131 m\u00f6vqeyini d\u0259st\u0259kl\u0259yirik v\u0259 bu, yekdillikl\u0259 q\u0259bul edilmi\u015f BMT T\u0259hl\u00fck\u0259sizlik \u015euras\u0131n\u0131n q\u0259rarlar\u0131na uy\u011fundur.\u201d<\/p>\n<p>Pakistan\u0131n h\u0259rbi-siyasi r\u0259hb\u0259rliyi il\u0259 yana\u015f\u0131, xalq\u0131 da Az\u0259rbaycan xalq\u0131n\u0131n yan\u0131ndad\u0131r.<\/p>\n<p><em><strong>Sadiq \u00f6lk\u0259<\/strong><\/em><\/p>\n<p>Az\u0259rbaycan-\u0130srail m\u00fcnasib\u0259tl\u0259ri t\u0259kc\u0259 bu g\u00fcn\u00fcn h\u0259rbi-siyasi \u0259m\u0259kda\u015fl\u0131\u011f\u0131na yox, tarixi k\u00f6kl\u0259r\u0259 s\u00f6yk\u0259nir. \u00d6lk\u0259mizd\u0259 ya\u015fayan y\u0259hudi icmas\u0131n\u0131n V\u0259t\u0259nimizin b\u00fct\u00f6vl\u00fcy\u00fc u\u011frunda m\u00fcbariz\u0259 aparmas\u0131 da tarixi ba\u011fl\u0131l\u0131qdan ir\u0259li g\u0259lir. \u0130srail d\u00f6vl\u0259ti y\u0259hudil\u0259rin Az\u0259baycan\u0131 ikinci V\u0259t\u0259n olaraq q\u0259bul etm\u0259sini unutmur, biz d\u0259 bu d\u00f6vl\u0259tin \u0259dal\u0259tin yan\u0131nda olmas\u0131n\u0131 unutmayaca\u011f\u0131q.<\/p>\n<p>\u0130srailin sabiq m\u00fcdafi\u0259 naziri, \u00f6lk\u0259nin \u0259n n\u00fcfuzlu siyas\u0259t\u00e7il\u0259rind\u0259n olan Aviqdor Liberman b\u0259yan etdi ki, Qaraba\u011f h\u0259mi\u015f\u0259 Az\u0259rbaycan \u0259razisi olub: \u201c&#8230;Az\u0259rbaycan\u0131n \u0259razi b\u00fct\u00f6vl\u00fcy\u00fcn\u00fc v\u0259 s\u0259rh\u0259d toxunulmazl\u0131\u011f\u0131n\u0131 birm\u0259nal\u0131 d\u0259st\u0259kl\u0259yirik. Bu, \u0130srailin r\u0259smi m\u00f6vqeyidir.\u201d<\/p>\n<p>Az\u0259rbaycan \u0130slam al\u0259mind\u0259 \u0130sraill\u0259 y\u00fcks\u0259k s\u0259viyy\u0259li m\u00fcnasib\u0259t quran ilk \u00f6lk\u0259dir v\u0259 b\u0259z\u0259n bununla ba\u011fl\u0131 t\u0259nqidi fikirl\u0259rin d\u0259 h\u0259d\u0259find\u0259 olub. H\u0259r\u00e7\u0259nd, indi K\u00f6rf\u0259z \u00f6lk\u0259l\u0259rinin \u0130sraill\u0259 m\u00fcnasib\u0259tl\u0259r qurmaq istiqam\u0259tind\u0259 intensiv add\u0131mlar atd\u0131\u011f\u0131n\u0131, ikit\u0259r\u0259fli \u0259laq\u0259l\u0259rin inki\u015faf\u0131 \u00fc\u00e7\u00fcn anla\u015fmalar imzalad\u0131qlar\u0131n\u0131 g\u00f6r\u00fcr\u00fck. Bunun fonunda Prezident \u0130lham \u018fliyevin nec\u0259 uzaqg\u00f6r\u0259n siyas\u0259t\u00e7i oldu\u011fu v\u0259 milli maraqlar\u0131m\u0131z namin\u0259 u\u011furlu add\u0131mlar atd\u0131\u011f\u0131 t\u0259sdiqini tap\u0131r.<\/p>\n<p><em><strong>Etibarl\u0131 t\u0259r\u0259fda\u015f<\/strong><\/em><\/p>\n<p>Qon\u015fu G\u00fcrc\u00fcstan da Az\u0259rbaycan kimi \u0259razi b\u00fct\u00f6vl\u00fcy\u00fcn\u00fcn pozulmas\u0131ndan \u0259ziyy\u0259t \u00e7\u0259kir v\u0259 Qaraba\u011f m\u00fcnaqi\u015f\u0259sind\u0259 daim yan\u0131m\u0131zda olub. \u0130\u015f\u011fal\u00e7\u0131 Erm\u0259nistana silah da\u015f\u0131nmas\u0131nda tranzit olmaqdan imtina ed\u0259n bu \u00f6lk\u0259 Prezident \u0130lham \u018fliyevin d\u0259 dediyi kimi, \u00f6z\u00fcn\u00fc etibarl\u0131 t\u0259r\u0259fda\u015f kimi apard\u0131. Sentyabr\u0131n 27-d\u0259n ba\u015flayan h\u0259rbi \u0259m\u0259liyyatlarda t\u0259r\u0259fl\u0259ri at\u0259\u015fk\u0259s\u0259 \u00e7a\u011f\u0131rsa da, Az\u0259rbaycan\u0131n \u0259razi b\u00fct\u00f6vl\u00fcy\u00fcn\u00fc d\u0259st\u0259kl\u0259diyini r\u0259smi \u015f\u0259kild\u0259 b\u0259yan etdi. Bildirildi ki, G\u00fcrc\u00fcstan h\u00f6kum\u0259ti, el\u0259c\u0259 d\u0259 ictimaiyy\u0259ti bu m\u00fcharib\u0259d\u0259 Az\u0259rbaycan\u0131n yan\u0131ndad\u0131r.<\/p>\n<p><em><strong>Az\u0259rbaycana a\u00e7\u0131q d\u0259st\u0259k<\/strong><\/em><\/p>\n<p>R\u0259smi Kiyev h\u0259rbi \u0259m\u0259liyyatlar\u0131n ilk g\u00fcn\u00fcnd\u0259n Az\u0259rbaycana d\u0259st\u0259yini ifad\u0259 etdi. Ukrayna X\u0130N \u00f6lk\u0259mizin \u0259razi b\u00fct\u00f6vl\u00fcy\u00fcn\u00fc d\u0259st\u0259kl\u0259y\u0259n m\u00f6vqe s\u0259rgil\u0259di. Nazirlik b\u0259yan etdi ki, \u201cAz\u0259rbaycan beyn\u0259lxalq s\u0259viyy\u0259d\u0259 tan\u0131nm\u0131\u015f s\u0259rh\u0259dl\u0259r daxilind\u0259 \u0259razi b\u00fct\u00f6vl\u00fcy\u00fcm\u00fcz\u00fc d\u0259st\u0259kl\u0259diyi kimi, biz d\u0259 Az\u0259rbaycan\u0131n \u0259razi b\u00fct\u00f6vl\u00fcy\u00fcn\u00fc davaml\u0131 olaraq d\u0259st\u0259kl\u0259yirik. Bu prinsip bizim \u00fc\u00e7\u00fcn tamamil\u0259 d\u0259yi\u015fm\u0259z olaraq qal\u0131r.\u201d<\/p>\n<p>Ukrayna Prezidenti Volodimir Zelenski d\u0259 Az\u0259rbaycan\u0131n \u0259razi b\u00fct\u00f6vl\u00fcy\u00fcn\u00fc d\u0259st\u0259kl\u0259diyini d\u0259f\u0259l\u0259rl\u0259 vur\u011fulay\u0131b.<\/p>\n<p><em><strong>\u018frazi b\u00fct\u00f6vl\u00fcy\u00fcm\u00fcz\u0259 d\u0259st\u0259k ver\u0259n dig\u0259r \u00f6lk\u0259l\u0259r<\/strong><\/em><\/p>\n<p>El\u0259c\u0259 d\u0259 Bosniya v\u0259 Herseqovina, \u018ffqan\u0131stan, Kolumbiya, h\u0259m\u00e7inin BMT-d\u0259n sonra d\u00fcnyada ikinci \u0259n b\u00f6y\u00fck beyn\u0259lxalq t\u0259\u015fkilat olan Qo\u015fulmama H\u0259r\u0259kat\u0131n\u0131n \u00fczv\u00fc olan 120 d\u00f6vl\u0259t V\u0259t\u0259n m\u00fcharib\u0259si zaman\u0131 Az\u0259rbaycan\u0131n \u0259razi b\u00fct\u00f6vl\u00fcy\u00fcn\u00fc d\u0259st\u0259kl\u0259di.<\/p>\n<p>Qo\u015fulmama H\u0259r\u0259kat\u0131n\u0131n V\u0259t\u0259n m\u00fcharib\u0259si il\u0259 ba\u011fl\u0131 x\u00fcsusi b\u0259yanat\u0131nda t\u0259\u015fkilat\u0131n \u00fczvl\u0259ri Az\u0259rbaycan Respublikas\u0131 il\u0259 h\u0259mr\u0259y olduqlar\u0131n\u0131 bildirirdi. Bu b\u0259yanat 120 d\u00f6vl\u0259tin Az\u0259rbaycana d\u0259st\u0259yi, Erm\u0259nistan\u0131n i\u015f\u011fal\u00e7\u0131 siyas\u0259tin\u0259 qar\u015f\u0131 olmas\u0131 dem\u0259kdir. \u0130slam \u018fm\u0259kda\u015fl\u0131q T\u0259\u015fkilat\u0131, T\u00fcrk \u015euras\u0131 v\u0259 dig\u0259r beynlxalq t\u0259\u015fkilatlar da erm\u0259ni i\u015f\u011fal\u0131na son qoyulmas\u0131n\u0131 t\u0259l\u0259b edirdil\u0259r.<\/p>\n<p>Az\u0259rbaycan\u0131n \u0259dal\u0259tli m\u00f6vqeyini t\u0259kc\u0259 \u00f6lk\u0259l\u0259r v\u0259 beyn\u0259lxalq t\u0259\u015fkilatlar yox, m\u00fcxt\u0259lif \u00f6lk\u0259l\u0259rin ictimai v\u0259 siyasi xadiml\u0259ri d\u0259 m\u00fcdafi\u0259 edirdil\u0259r. M\u00f6vqeyimizi d\u0259st\u0259kl\u0259y\u0259n, haqq\u0131n c\u0259bh\u0259sind\u0259 yer alanlar\u0131n say\u0131 kifay\u0259t q\u0259d\u0259rdir. Az\u0259rbaycan onlara minn\u0259tdard\u0131r v\u0259 bunu he\u00e7 vaxt unutmayacaq.<\/p>\n","protected":false},"excerpt":{"rendered":"<p>Az\u0259rbaycan V\u0259t\u0259n m\u00fcharib\u0259sind\u0259 haqq\u0131n yan\u0131nda olanlar\u0131 he\u00e7 vaxt unutmayacaq \u0130kinci Qaraba\u011f m\u00fcharib\u0259si zaman\u0131 Az\u0259rbaycana qar\u015f\u0131 b\u00fct\u00fcn t\u0259zyiql\u0259r\u0259, \u0259dal\u0259tsiz m\u00f6vqel\u0259r\u0259 r\u0259\u011fm\u0259n bizi yolumuzdan he\u00e7 bir q\u00fcvv\u0259 d\u00f6nd\u0259r\u0259 bilm\u0259di. 2020-ci il sentyabr\u0131n 27-d\u0259 erm\u0259ni h\u0259rbi birl\u0259\u015fm\u0259l\u0259rinin \u00f6lk\u0259miz\u0259 h\u00fccum etm\u0259sin\u0259 cavab olaraq ba\u015flanan d\u00f6y\u00fc\u015fl\u0259r 30 ildir g\u00f6zl\u0259diyimiz \u0259dal\u0259tin b\u0259rpas\u0131 il\u0259 n\u0259tic\u0259l\u0259ndi. Torpaqlar\u0131m\u0131z\u0131 i\u015f\u011faldan azad etm\u0259k h\u00fcququmuzun t\u0259min olunmas\u0131 h\u00fcququnu biz\u0259 beyn\u0259lxalq qanunlar, BMT T\u0259hl\u00fck\u0259sizlik \u015euras\u0131n\u0131n q\u0259tnam\u0259l\u0259ri, Helsinki Yekun Akt\u0131, el\u0259c\u0259 d\u0259 beyn\u0259lxalq m\u00fcnasib\u0259tl\u0259rd\u0259 prioritet olan \u0259razi b\u00fct\u00f6vl\u00fcy\u00fc prinsipi verir. Bu prinsipi he\u00e7\u0259 sayan, beyn\u0259lxalq qanunlar\u0131 tapdalayan, h\u0259tta Az\u0259rbaycan\u0131n \u0259razi b\u00fct\u00f6vl\u00fcy\u00fcn\u00fc d\u0259st\u0259kl\u0259y\u0259n s\u0259n\u0259dl\u0259r\u0259 atd\u0131qlar\u0131&hellip;<\/p>\n","protected":false},"author":2,"featured_media":521122,"comment_status":"closed","ping_status":"closed","sticky":false,"template":"","format":"standard","meta":{"om_disable_all_campaigns":false,"_monsterinsights_skip_tracking":false,"_monsterinsights_sitenote_active":false,"_monsterinsights_sitenote_note":"","_monsterinsights_sitenote_category":0},"categories":[8],"tags":[],"aioseo_notices":[],"gutentor_comment":0,"rttpg_featured_image_url":{"full":["https:\/\/arantv.az\/wp-content\/uploads\/2022\/10\/975e6107163153603749566638310892081.jpg",975,540,false],"landscape":["https:\/\/arantv.az\/wp-content\/uploads\/2022\/10\/975e6107163153603749566638310892081.jpg",975,540,false],"portraits":["https:\/\/arantv.az\/wp-content\/uploads\/2022\/10\/975e6107163153603749566638310892081.jpg",975,540,false],"thumbnail":["https:\/\/arantv.az\/wp-content\/uploads\/2022\/10\/975e6107163153603749566638310892081-500x280.jpg",500,280,true],"medium":["https:\/\/arantv.az\/wp-content\/uploads\/2022\/10\/975e6107163153603749566638310892081-660x365.jpg",660,365,true],"large":["https:\/\/arantv.az\/wp-content\/uploads\/2022\/10\/975e6107163153603749566638310892081-840x465.jpg",640,354,true],"1536x1536":["https:\/\/arantv.az\/wp-content\/uploads\/2022\/10\/975e6107163153603749566638310892081.jpg",975,540,false],"2048x2048":["https:\/\/arantv.az\/wp-content\/uploads\/2022\/10\/975e6107163153603749566638310892081.jpg",975,540,false],"post-thumbnail":["https:\/\/arantv.az\/wp-content\/uploads\/2022\/10\/975e6107163153603749566638310892081-240x172.jpg",240,172,true],"advps-thumb-one":["https:\/\/arantv.az\/wp-content\/uploads\/2022\/10\/975e6107163153603749566638310892081.jpg",975,540,false]},"rttpg_author":{"display_name":"V\u00fcsal Rafiqo\u011flu","author_link":"https:\/\/arantv.az\/?author=2"},"rttpg_comment":0,"rttpg_category":"<a href=\"https:\/\/arantv.az\/?cat=8\" rel=\"category\">\u018fsas s\u0259hif\u0259<\/a>","rttpg_excerpt":"Az\u0259rbaycan V\u0259t\u0259n m\u00fcharib\u0259sind\u0259 haqq\u0131n yan\u0131nda olanlar\u0131 he\u00e7 vaxt unutmayacaq \u0130kinci Qaraba\u011f m\u00fcharib\u0259si zaman\u0131 Az\u0259rbaycana qar\u015f\u0131 b\u00fct\u00fcn t\u0259zyiql\u0259r\u0259, \u0259dal\u0259tsiz m\u00f6vqel\u0259r\u0259 r\u0259\u011fm\u0259n bizi yolumuzdan he\u00e7 bir q\u00fcvv\u0259 d\u00f6nd\u0259r\u0259 bilm\u0259di. 2020-ci il sentyabr\u0131n 27-d\u0259 erm\u0259ni h\u0259rbi birl\u0259\u015fm\u0259l\u0259rinin \u00f6lk\u0259miz\u0259 h\u00fccum etm\u0259sin\u0259 cavab olaraq ba\u015flanan d\u00f6y\u00fc\u015fl\u0259r 30 ildir g\u00f6zl\u0259diyimiz \u0259dal\u0259tin b\u0259rpas\u0131 il\u0259 n\u0259tic\u0259l\u0259ndi. Torpaqlar\u0131m\u0131z\u0131 i\u015f\u011faldan azad etm\u0259k h\u00fcququmuzun t\u0259min olunmas\u0131&hellip;","_links":{"self":[{"href":"https:\/\/arantv.az\/index.php?rest_route=\/wp\/v2\/posts\/521121"}],"collection":[{"href":"https:\/\/arantv.az\/index.php?rest_route=\/wp\/v2\/posts"}],"about":[{"href":"https:\/\/arantv.az\/index.php?rest_route=\/wp\/v2\/types\/post"}],"author":[{"embeddable":true,"href":"https:\/\/arantv.az\/index.php?rest_route=\/wp\/v2\/users\/2"}],"replies":[{"embeddable":true,"href":"https:\/\/arantv.az\/index.php?rest_route=%2Fwp%2Fv2%2Fcomments&post=521121"}],"version-history":[{"count":0,"href":"https:\/\/arantv.az\/index.php?rest_route=\/wp\/v2\/posts\/521121\/revisions"}],"wp:featuredmedia":[{"embeddable":true,"href":"https:\/\/arantv.az\/index.php?rest_route=\/wp\/v2\/media\/521122"}],"wp:attachment":[{"href":"https:\/\/arantv.az\/index.php?rest_route=%2Fwp%2Fv2%2Fmedia&parent=521121"}],"wp:term":[{"taxonomy":"category","embeddable":true,"href":"https:\/\/arantv.az\/index.php?rest_route=%2Fwp%2Fv2%2Fcategories&post=521121"},{"taxonomy":"post_tag","embeddable":true,"href":"https:\/\/arantv.az\/index.php?rest_route=%2Fwp%2Fv2%2Ftags&post=521121"}],"curies":[{"name":"wp","href":"https:\/\/api.w.org\/{rel}","templated":true}]}}