{"id":521130,"date":"2022-10-08T08:18:52","date_gmt":"2022-10-08T05:18:52","guid":{"rendered":"https:\/\/arantv.az\/?p=521130"},"modified":"2022-10-08T08:18:52","modified_gmt":"2022-10-08T05:18:52","slug":"edilli-q%c9%99tliami-dunyanin-kor-gozl%c9%99ri-v%c9%99-kar-qulaqlari","status":"publish","type":"post","link":"https:\/\/arantv.az\/?p=521130","title":{"rendered":"Edilli q\u0259tliam\u0131: D\u00fcnyan\u0131n kor g\u00f6zl\u0259ri v\u0259 kar qulaqlar\u0131&#8230;"},"content":{"rendered":"<p>Birinci Qaraba\u011f m\u00fcharib\u0259sind\u0259 Erm\u0259nistan\u0131n i\u015f\u011fal\u00e7\u0131 ordusu Az\u0259rbaycan \u0259razil\u0259rind\u0259 vandall\u0131q v\u0259 d\u0259h\u015f\u0259tli cinay\u0259tl\u0259r t\u00f6r\u0259dib. Erm\u0259ni h\u0259rb\u00e7il\u0259ri \u0259sir tutduqlar\u0131 h\u0259rbi v\u0259 m\u00fclki v\u0259t\u0259nda\u015flar\u0131m\u0131z\u0131 insanl\u0131qla bir araya s\u0131\u011fmayan i\u015fg\u0259nc\u0259l\u0259rl\u0259 q\u0259tl\u0259 yetiribl\u0259r. Onlar \u00f6z \u00e7irkin \u0259m\u0259ll\u0259rini beyn\u0259lxalq ictimaiyy\u0259td\u0259n gizl\u0259tm\u0259k m\u0259qs\u0259di il\u0259 v\u0259h\u015fic\u0259sin\u0259 \u00f6ld\u00fcrd\u00fckl\u0259ri minl\u0259rl\u0259 Az\u0259rbaycan v\u0259t\u0259nda\u015flar\u0131n\u0131 k\u00fctl\u0259vi m\u0259zarl\u0131qlarda basd\u0131r\u0131blar, eynil\u0259 1918-1920-ci ill\u0259rin q\u0131r\u011f\u0131nlar\u0131nda oldu\u011fu kimi.<\/p>\n<p>Az\u0259rbaycan Birinci Qaraba\u011f m\u00fcharib\u0259sind\u0259 \u0259sir v\u0259 itkin d\u00fc\u015fm\u00fc\u015f, girov g\u00f6t\u00fcr\u00fclm\u00fc\u015f v\u0259t\u0259nda\u015flar\u0131m\u0131z\u0131n axtar\u0131\u015f\u0131 il\u0259 ba\u011fl\u0131 ne\u00e7\u0259 ill\u0259rdir d\u00fcnyaya \u00e7a\u011f\u0131r\u0131\u015f edir ki, Erm\u0259nistan \u0259sir g\u00f6t\u00fcrd\u00fcy\u00fc 4000 v\u0259t\u0259nda\u015f\u0131m\u0131z\u0131n taleyind\u0259n he\u00e7 bir x\u0259b\u0259r vermir. Onlara t\u0259zyiq g\u00f6st\u0259rin, he\u00e7 olmasa q\u0259tl\u0259 yetirib k\u00fctl\u0259vi \u015f\u0259kild\u0259 basd\u0131rd\u0131qlar\u0131 m\u0259zarl\u0131qlar\u0131n yerini g\u00f6st\u0259rsinl\u0259r&#8230; T\u0259\u0259ss\u00fcf ki, aidiyy\u0259ti beyn\u0259lxalq t\u0259\u015fkilatlar h\u0259l\u0259 d\u0259 susurlar. Bu susqunluq n\u0259 q\u0259d\u0259r davam ed\u0259c\u0259k? Y\u0259ni bu z\u0259if, c\u0131l\u0131z oldu\u011fu q\u0259d\u0259r d\u0259 q\u0259ddar olan Erm\u0259nistan bel\u0259mi \u0259ziz-x\u0259l\u0259fdir bunlar \u00fc\u00e7\u00fcn?<\/p>\n<p>Xat\u0131rladaq ki, 44 g\u00fcnl\u00fck m\u00fcharib\u0259 ba\u015fa \u00e7atandan sonra Az\u0259rbaycan Erm\u0259nistandan Qaraba\u011fda basd\u0131rd\u0131\u011f\u0131 minalar\u0131n x\u0259rit\u0259sini ist\u0259di, bu bar\u0259d\u0259 d\u0259 \u00e7oxsayl\u0131 t\u0259l\u0259bl\u0259r oldu. H\u0259min \u00e7a\u011f\u0131r\u0131\u015flar bu g\u00fcn edilir. T\u0259\u0259ss\u00fcf ki, t\u0259cav\u00fczkar pisl\u0259nmir, ona he\u00e7 bir t\u0259sir g\u00f6st\u0259rilmir. Sanki d\u00fcnyan\u0131n g\u00f6zl\u0259ri kor, qulaqlar\u0131 kard\u0131r. Xeyr, he\u00e7 d\u0259 el\u0259 deyil. Az\u0259rbaycana &#8220;erm\u0259ni \u0259sirl\u0259ri qaytar\u0131n&#8221; deyib t\u0259zyiql\u0259r g\u00f6st\u0259r\u0259nl\u0259r burada da bizim s\u0259simiz\u0259 s\u0259s vermirl\u0259r. H\u0259tta \u00fc\u00e7t\u0259r\u0259fli B\u0259yanat imzaland\u0131qdan, m\u00fcharib\u0259 Erm\u0259nistan\u0131n kapitulyasiyas\u0131 il\u0259 dayand\u0131r\u0131landan sonra da \u0259razil\u0259rimiz\u0259 ke\u00e7ib h\u0259rb\u00e7il\u0259rimizi, dinc sakinl\u0259rimizi q\u0259tl\u0259 yetir\u0259n diversantlar\u0131n v\u0259 terror\u00e7ular\u0131n azad olunmas\u0131ndan \u00f6tr\u00fc h\u0259r c\u00fcr t\u0259zyiq vasit\u0259sin\u0259 \u0259l atanlar i\u015f\u011fal\u00e7\u0131lar\u0131n \u0259lind\u0259 olan mina x\u0259rit\u0259l\u0259rini al\u0131b biz\u0259 vermirl\u0259r ki, erm\u0259nil\u0259rin darmada\u011f\u0131n etdiyi \u0259razil\u0259ri abadla\u015fd\u0131ranlar t\u0259hl\u00fck\u0259 alt\u0131nda qalmas\u0131nlar. M\u00fcharib\u0259nin bitm\u0259sind\u0259n sonra 300 n\u0259f\u0259r\u0259 q\u0259d\u0259r soyda\u015f\u0131m\u0131z mina partlay\u0131\u015flar\u0131ndan h\u0259lak olub, y\u00fczl\u0259rl\u0259 insan\u0131m\u0131z yaralanaraq \u015fik\u0259st olub.\u00a0 Erm\u0259nistan\u0131n y\u00fczl\u0259rl\u0259 h\u0259rb\u00e7inin qaytar\u0131lmas\u0131 m\u00fcqabilind\u0259 t\u0259qdim etdiyi x\u0259rit\u0259l\u0259rin d\u0259 \u00f6zl\u0259ri kimi saxta olmas\u0131 fakt\u0131na bel\u0259 beyn\u0259lxalq qurumlar reaksiya vermirl\u0259r.<\/p>\n<p>T\u0259sad\u00fcf\u0259 bax\u0131n ki, Xocav\u0259nd rayonunun Edilli k\u0259ndind\u0259 k\u00fctl\u0259vi m\u0259zarl\u0131\u011f\u0131n a\u015fkarlanmas\u0131 Az\u0259rbaycan\u0131n Erm\u0259nistan h\u0259rb\u00e7il\u0259rini qaytard\u0131\u011f\u0131 g\u00fcn\u0259 t\u0259sad\u00fcf edir. M\u00fcqayis\u0259 edin, biz erm\u0259nil\u0259ri sa\u011f-salamat qaytar\u0131r\u0131q, onlar is\u0259 h\u0259tta bizim q\u0259tl\u0259 yetiril\u0259nl\u0259rimizin\u00a0 basd\u0131r\u0131ld\u0131\u011f\u0131 yerl\u0259ri\u00a0 bel\u0259 g\u00f6st\u0259rmirl\u0259r. Yaln\u0131z Az\u0259rbaycan Ordusunun azad etdiyi \u0259razil\u0259rd\u0259 tikinti-abadl\u0131q i\u015fl\u0259ri \u00fc\u00e7\u00fcn apar\u0131lan qaz\u0131nt\u0131 i\u015fl\u0259ri n\u0259tic\u0259sind\u0259 insan qal\u0131qlar\u0131 a\u015fkarlan\u0131r. Bu is\u0259 \u00a0onu g\u00f6st\u0259rir ki, Az\u0259rbaycan \u0259razil\u0259rind\u0259 qanunsuz f\u0259aliyy\u0259t g\u00f6st\u0259rmi\u015f erm\u0259ni separat\u00e7\u0131 rejimin silahl\u0131 h\u0259rbi birl\u0259\u015fm\u0259l\u0259ri v\u0259 Erm\u0259nistan silahl\u0131 q\u00fcvv\u0259l\u0259ri t\u0259r\u0259find\u0259n beyn\u0259lxalq humanitar h\u00fcququn norma v\u0259 prinsipl\u0259ri, o c\u00fcml\u0259d\u0259n &#8220;D\u00f6y\u00fc\u015f\u0259n ordularda yaral\u0131lar\u0131n v\u0259 x\u0259st\u0259l\u0259rin v\u0259ziyy\u0259tinin yax\u015f\u0131la\u015fd\u0131r\u0131lmas\u0131 haqq\u0131nda&#8221; 12 avqust 1949-cu il tarixli Cenevr\u0259 Konvensiyas\u0131n\u0131n 17-ci madd\u0259sinin t\u0259l\u0259bl\u0259ri kobud sur\u0259td\u0259 pozulub. Bu \u201ckobudluq\u201d\u00a0\u201csivil\u201d d\u00fcnyan\u0131n g\u00f6zl\u0259ri qar\u015f\u0131s\u0131nda otuz iki il davam edib v\u0259 Erm\u0259nistana xaricd\u0259n g\u0259lib-ged\u0259n beyn\u0259lxalq t\u0259\u015fkilatlar\u0131n n\u00fcmay\u0259nd\u0259l\u0259ri v\u0259 d\u00f6vl\u0259tl\u0259rin r\u0259smil\u0259ri bu bar\u0259d\u0259 he\u00e7 n\u0259 &#8220;e\u015fitm\u0259yibl\u0259r.&#8221;<\/p>\n<p>Bel\u0259 m\u0259lum olur ki, azad edil\u0259n \u0259razil\u0259r h\u0259m d\u0259 nam\u0259lum q\u0259bir v\u0259 k\u00fctl\u0259vi m\u0259zarl\u0131qla doludur. H\u0259r yerd\u0259 insan qal\u0131qlar\u0131 a\u015fkarlan\u0131r. Ba\u015fl\u0131beld\u0259 d\u0259 bel\u0259 olmu\u015fdu, F\u0259rruxda da, \u00a0Edillid\u0259 d\u0259&#8230; Misal \u00fc\u00e7\u00fcn, T\u0259rt\u0259rin Suqovu\u015fan k\u0259ndind\u0259, K\u0259lb\u0259c\u0259rin Yan\u015faq k\u0259ndind\u0259 yeralt\u0131 s\u0131\u011f\u0131nacaqlar v\u0259 bunkerl\u0259r a\u015fkarlan\u0131b. D\u00fc\u015fm\u0259n i\u015f\u011fal ill\u0259rind\u0259 az\u0259rbaycanl\u0131 \u0259sirl\u0259ri q\u0131\u015f\u0131n \u015faxtal\u0131 g\u00fcnl\u0259rind\u0259 he\u00e7 bir \u015f\u0259raiti olmayan, d\u0259h\u015f\u0259tli i\u015fg\u0259nc\u0259l\u0259r\u0259 v\u0259 t\u0259hqirl\u0259r\u0259 m\u0259ruz qoymaqla m\u0259hz bu da\u015f kameralarda ac-susuz saxlay\u0131b. \u015e\u00fcbh\u0259siz ki, bir gec\u0259d\u0259 m\u0259hv edil\u0259n Xocal\u0131da,\u00a0 A\u011fdamda, A\u011fd\u0259r\u0259d\u0259, Xocav\u0259ndd\u0259, Mal\u0131b\u0259ylid\u0259, K\u0259rkicahanda, K\u0259lb\u0259c\u0259rd\u0259 v\u0259 dig\u0259r yerl\u0259rd\u0259 yeni k\u00fctl\u0259vi q\u0259biristanl\u0131qlar tap\u0131lacaq.<\/p>\n<p>T\u0259\u0259ss\u00fcf ki, t\u00f6r\u0259dilmi\u015f bu cinay\u0259tl\u0259rd\u0259n x\u0259b\u0259rdar olan d\u00fcnyan\u0131n g\u00fcc m\u0259rk\u0259zl\u0259ri az\u0259rbaycanl\u0131lar\u0131n soyq\u0131r\u0131mlar\u0131na h\u0259l\u0259 d\u0259 ciddi m\u00fcnasib\u0259t bildirmir, cinay\u0259tkar Erm\u0259nistan\u0131n c\u0259zaland\u0131r\u0131lmas\u0131n\u0131 t\u0259l\u0259b etmirl\u0259r. B\u0259s bel\u0259dirs\u0259, onda Birl\u0259\u015fmi\u015f Mill\u0259tl\u0259r T\u0259\u015fkilat\u0131, onun T\u0259hl\u00fck\u0259sizlik \u015euras\u0131 v\u0259 dig\u0259r beyn\u0259lxalq t\u0259\u015fkilatlar niy\u0259 yarad\u0131l\u0131b? \u018fg\u0259r onlar i\u015f\u011fal\u00e7\u0131n\u0131n arxas\u0131nda durmasalar Erm\u0259nistan\u0131n cinay\u0259tkar r\u0259hb\u0259rl\u0259ri bug\u00fcn\u0259d\u0259k k\u00fctl\u0259vi m\u0259zarl\u0131qlar\u0131 gizl\u0259d\u0259 bilm\u0259zdil\u0259r. El\u0259 olmasayd\u0131 h\u0259r c\u00fcr b\u0259han\u0259 il\u0259 gizl\u0259tdikl\u0259ri mina x\u0259rit\u0259l\u0259rini ver\u0259r, k\u00fctl\u0259vi m\u0259zarl\u0131qlar\u0131n yerl\u0259rini biz\u0259 bildir\u0259rdil\u0259r. D\u00fc\u015fm\u0259nimiz n\u0259 q\u0259d\u0259r q\u0259ddar, d\u00fcnya biz\u0259 qar\u015f\u0131 n\u0259 q\u0259d\u0259r bigan\u0259 olsa da Az\u0259rbaycan qar\u015f\u0131s\u0131na qoydu\u011fu m\u0259qs\u0259dl\u0259r\u0259 \u00e7atacaqd\u0131r. Geci-tezi var&#8230;<\/p>\n","protected":false},"excerpt":{"rendered":"<p>Birinci Qaraba\u011f m\u00fcharib\u0259sind\u0259 Erm\u0259nistan\u0131n i\u015f\u011fal\u00e7\u0131 ordusu Az\u0259rbaycan \u0259razil\u0259rind\u0259 vandall\u0131q v\u0259 d\u0259h\u015f\u0259tli cinay\u0259tl\u0259r t\u00f6r\u0259dib. Erm\u0259ni h\u0259rb\u00e7il\u0259ri \u0259sir tutduqlar\u0131 h\u0259rbi v\u0259 m\u00fclki v\u0259t\u0259nda\u015flar\u0131m\u0131z\u0131 insanl\u0131qla bir araya s\u0131\u011fmayan i\u015fg\u0259nc\u0259l\u0259rl\u0259 q\u0259tl\u0259 yetiribl\u0259r. Onlar \u00f6z \u00e7irkin \u0259m\u0259ll\u0259rini beyn\u0259lxalq ictimaiyy\u0259td\u0259n gizl\u0259tm\u0259k m\u0259qs\u0259di il\u0259 v\u0259h\u015fic\u0259sin\u0259 \u00f6ld\u00fcrd\u00fckl\u0259ri minl\u0259rl\u0259 Az\u0259rbaycan v\u0259t\u0259nda\u015flar\u0131n\u0131 k\u00fctl\u0259vi m\u0259zarl\u0131qlarda basd\u0131r\u0131blar, eynil\u0259 1918-1920-ci ill\u0259rin q\u0131r\u011f\u0131nlar\u0131nda oldu\u011fu kimi. Az\u0259rbaycan Birinci Qaraba\u011f m\u00fcharib\u0259sind\u0259 \u0259sir v\u0259 itkin d\u00fc\u015fm\u00fc\u015f, girov g\u00f6t\u00fcr\u00fclm\u00fc\u015f v\u0259t\u0259nda\u015flar\u0131m\u0131z\u0131n axtar\u0131\u015f\u0131 il\u0259 ba\u011fl\u0131 ne\u00e7\u0259 ill\u0259rdir d\u00fcnyaya \u00e7a\u011f\u0131r\u0131\u015f edir ki, Erm\u0259nistan \u0259sir g\u00f6t\u00fcrd\u00fcy\u00fc 4000 v\u0259t\u0259nda\u015f\u0131m\u0131z\u0131n taleyind\u0259n he\u00e7 bir x\u0259b\u0259r vermir. Onlara t\u0259zyiq g\u00f6st\u0259rin, he\u00e7 olmasa q\u0259tl\u0259 yetirib k\u00fctl\u0259vi \u015f\u0259kild\u0259&hellip;<\/p>\n","protected":false},"author":2,"featured_media":521131,"comment_status":"closed","ping_status":"closed","sticky":false,"template":"","format":"standard","meta":{"om_disable_all_campaigns":false,"_monsterinsights_skip_tracking":false,"_monsterinsights_sitenote_active":false,"_monsterinsights_sitenote_note":"","_monsterinsights_sitenote_category":0},"categories":[1],"tags":[],"aioseo_notices":[],"gutentor_comment":0,"rttpg_featured_image_url":{"full":["https:\/\/arantv.az\/wp-content\/uploads\/2022\/10\/5ef99d16166504126744313192010624862.jpg",975,540,false],"landscape":["https:\/\/arantv.az\/wp-content\/uploads\/2022\/10\/5ef99d16166504126744313192010624862.jpg",975,540,false],"portraits":["https:\/\/arantv.az\/wp-content\/uploads\/2022\/10\/5ef99d16166504126744313192010624862.jpg",975,540,false],"thumbnail":["https:\/\/arantv.az\/wp-content\/uploads\/2022\/10\/5ef99d16166504126744313192010624862-500x280.jpg",500,280,true],"medium":["https:\/\/arantv.az\/wp-content\/uploads\/2022\/10\/5ef99d16166504126744313192010624862-660x365.jpg",660,365,true],"large":["https:\/\/arantv.az\/wp-content\/uploads\/2022\/10\/5ef99d16166504126744313192010624862-840x465.jpg",640,354,true],"1536x1536":["https:\/\/arantv.az\/wp-content\/uploads\/2022\/10\/5ef99d16166504126744313192010624862.jpg",975,540,false],"2048x2048":["https:\/\/arantv.az\/wp-content\/uploads\/2022\/10\/5ef99d16166504126744313192010624862.jpg",975,540,false],"post-thumbnail":["https:\/\/arantv.az\/wp-content\/uploads\/2022\/10\/5ef99d16166504126744313192010624862-240x172.jpg",240,172,true],"advps-thumb-one":["https:\/\/arantv.az\/wp-content\/uploads\/2022\/10\/5ef99d16166504126744313192010624862.jpg",975,540,false]},"rttpg_author":{"display_name":"V\u00fcsal Rafiqo\u011flu","author_link":"https:\/\/arantv.az\/?author=2"},"rttpg_comment":0,"rttpg_category":"<a href=\"https:\/\/arantv.az\/?cat=1\" rel=\"category\">C\u0259miyy\u0259t<\/a>","rttpg_excerpt":"Birinci Qaraba\u011f m\u00fcharib\u0259sind\u0259 Erm\u0259nistan\u0131n i\u015f\u011fal\u00e7\u0131 ordusu Az\u0259rbaycan \u0259razil\u0259rind\u0259 vandall\u0131q v\u0259 d\u0259h\u015f\u0259tli cinay\u0259tl\u0259r t\u00f6r\u0259dib. Erm\u0259ni h\u0259rb\u00e7il\u0259ri \u0259sir tutduqlar\u0131 h\u0259rbi v\u0259 m\u00fclki v\u0259t\u0259nda\u015flar\u0131m\u0131z\u0131 insanl\u0131qla bir araya s\u0131\u011fmayan i\u015fg\u0259nc\u0259l\u0259rl\u0259 q\u0259tl\u0259 yetiribl\u0259r. Onlar \u00f6z \u00e7irkin \u0259m\u0259ll\u0259rini beyn\u0259lxalq ictimaiyy\u0259td\u0259n gizl\u0259tm\u0259k m\u0259qs\u0259di il\u0259 v\u0259h\u015fic\u0259sin\u0259 \u00f6ld\u00fcrd\u00fckl\u0259ri minl\u0259rl\u0259 Az\u0259rbaycan v\u0259t\u0259nda\u015flar\u0131n\u0131 k\u00fctl\u0259vi m\u0259zarl\u0131qlarda basd\u0131r\u0131blar, eynil\u0259 1918-1920-ci ill\u0259rin q\u0131r\u011f\u0131nlar\u0131nda oldu\u011fu kimi. Az\u0259rbaycan Birinci Qaraba\u011f m\u00fcharib\u0259sind\u0259&hellip;","_links":{"self":[{"href":"https:\/\/arantv.az\/index.php?rest_route=\/wp\/v2\/posts\/521130"}],"collection":[{"href":"https:\/\/arantv.az\/index.php?rest_route=\/wp\/v2\/posts"}],"about":[{"href":"https:\/\/arantv.az\/index.php?rest_route=\/wp\/v2\/types\/post"}],"author":[{"embeddable":true,"href":"https:\/\/arantv.az\/index.php?rest_route=\/wp\/v2\/users\/2"}],"replies":[{"embeddable":true,"href":"https:\/\/arantv.az\/index.php?rest_route=%2Fwp%2Fv2%2Fcomments&post=521130"}],"version-history":[{"count":0,"href":"https:\/\/arantv.az\/index.php?rest_route=\/wp\/v2\/posts\/521130\/revisions"}],"wp:featuredmedia":[{"embeddable":true,"href":"https:\/\/arantv.az\/index.php?rest_route=\/wp\/v2\/media\/521131"}],"wp:attachment":[{"href":"https:\/\/arantv.az\/index.php?rest_route=%2Fwp%2Fv2%2Fmedia&parent=521130"}],"wp:term":[{"taxonomy":"category","embeddable":true,"href":"https:\/\/arantv.az\/index.php?rest_route=%2Fwp%2Fv2%2Fcategories&post=521130"},{"taxonomy":"post_tag","embeddable":true,"href":"https:\/\/arantv.az\/index.php?rest_route=%2Fwp%2Fv2%2Ftags&post=521130"}],"curies":[{"name":"wp","href":"https:\/\/api.w.org\/{rel}","templated":true}]}}