{"id":521149,"date":"2022-10-08T09:23:24","date_gmt":"2022-10-08T06:23:24","guid":{"rendered":"https:\/\/arantv.az\/?p=521149"},"modified":"2022-10-08T09:23:24","modified_gmt":"2022-10-08T06:23:24","slug":"metro-%c9%99xlaqsizliq-yuvasina-cevrilib-aciqlama-video","status":"publish","type":"post","link":"https:\/\/arantv.az\/?p=521149","title":{"rendered":"Metro &#8220;\u0259xlaqs\u0131zl\u0131q yuvas\u0131&#8221;na \u00e7evrilib? &#8211; A\u00c7IQLAMA + V\u0130DEO"},"content":{"rendered":"<p>Bak\u0131 metroplitenin ke\u00e7mi\u015f i\u015f\u00e7isi oldu\u011funu iddia ed\u0259n Sevil Xanbabayeva sosial \u015f\u0259b\u0259k\u0259l\u0259rd\u0259 metro i\u015f\u00e7il\u0259ri il\u0259 ba\u011fl\u0131 a\u00e7\u0131qlamalar verib.<\/p>\n<p>S.Xanbabayeva iddia edib ki, o metronun &#8220;Ulduz&#8221; stansiyas\u0131nda xadim\u0259 kimi \u00e7al\u0131\u015f\u0131b v\u0259 i\u015find\u0259n azad edilib.<\/p>\n<p>Xan\u0131m daha sonra \u0259lav\u0259 edib ki, s\u00f6z\u00fcged\u0259n qurumda 10 i\u015f\u00e7id\u0259n 9-u Rafael adl\u0131 \u015f\u0259xsin \u00fc\u00e7 milyonluq ba\u011f\u0131na i\u015fl\u0259m\u0259y\u0259 g\u00f6nd\u0259rilir.<\/p>\n<div class=\"AdviadNativeVideo\"><\/div>\n<p>Daha sonra S.Xanbabayeva metronun \u0259xlaqs\u0131z yuvas\u0131na \u00e7evrildiyini iddia edib.<\/p>\n<p>M\u0259s\u0259l\u0259 il\u0259 ba\u011fl\u0131 Bak\u0131 metropoliteninin s\u00f6zc\u00fcs\u00fc B\u0259xtiyar M\u0259mm\u0259dov bildirib ki, xan\u0131m\u0131n iddialar\u0131 \u0259sass\u0131zd\u0131r.<\/p>\n<p>Daha \u0259trafl\u0131 Baku TV-nin s\u00fcjetind\u0259:<\/p>\n<div class=\"embed-responsive embed-responsive-16by9\"><iframe loading=\"lazy\" id=\"nmqembedid\" class=\"embed-responsive-item\" title=\"video player\" src=\"https:\/\/www.youtube.com\/embed\/suRvFlWLb-g?rel=0&amp;wmode=transparent\" width=\"600\" height=\"340\" frameborder=\"0\" scrolling=\"no\" allowfullscreen=\"allowfullscreen\" data-mce-fragment=\"1\"><\/iframe><\/div>\n","protected":false},"excerpt":{"rendered":"<p>Bak\u0131 metroplitenin ke\u00e7mi\u015f i\u015f\u00e7isi oldu\u011funu iddia ed\u0259n Sevil Xanbabayeva sosial \u015f\u0259b\u0259k\u0259l\u0259rd\u0259 metro i\u015f\u00e7il\u0259ri il\u0259 ba\u011fl\u0131 a\u00e7\u0131qlamalar verib. S.Xanbabayeva iddia edib ki, o metronun &#8220;Ulduz&#8221; stansiyas\u0131nda xadim\u0259 kimi \u00e7al\u0131\u015f\u0131b v\u0259 i\u015find\u0259n azad edilib. Xan\u0131m daha sonra \u0259lav\u0259 edib ki, s\u00f6z\u00fcged\u0259n qurumda 10 i\u015f\u00e7id\u0259n 9-u Rafael adl\u0131 \u015f\u0259xsin \u00fc\u00e7 milyonluq ba\u011f\u0131na i\u015fl\u0259m\u0259y\u0259 g\u00f6nd\u0259rilir. Daha sonra S.Xanbabayeva metronun \u0259xlaqs\u0131z yuvas\u0131na \u00e7evrildiyini iddia edib. M\u0259s\u0259l\u0259 il\u0259 ba\u011fl\u0131 Bak\u0131 metropoliteninin s\u00f6zc\u00fcs\u00fc B\u0259xtiyar M\u0259mm\u0259dov bildirib ki, xan\u0131m\u0131n iddialar\u0131 \u0259sass\u0131zd\u0131r. Daha \u0259trafl\u0131 Baku TV-nin s\u00fcjetind\u0259:<\/p>\n","protected":false},"author":2,"featured_media":521150,"comment_status":"closed","ping_status":"closed","sticky":false,"template":"","format":"standard","meta":{"om_disable_all_campaigns":false,"_monsterinsights_skip_tracking":false,"_monsterinsights_sitenote_active":false,"_monsterinsights_sitenote_note":"","_monsterinsights_sitenote_category":0},"categories":[1],"tags":[],"aioseo_notices":[],"gutentor_comment":0,"rttpg_featured_image_url":{"full":["https:\/\/arantv.az\/wp-content\/uploads\/2022\/10\/m1_21665172092.jpg",650,401,false],"landscape":["https:\/\/arantv.az\/wp-content\/uploads\/2022\/10\/m1_21665172092.jpg",650,401,false],"portraits":["https:\/\/arantv.az\/wp-content\/uploads\/2022\/10\/m1_21665172092.jpg",650,401,false],"thumbnail":["https:\/\/arantv.az\/wp-content\/uploads\/2022\/10\/m1_21665172092-500x280.jpg",500,280,true],"medium":["https:\/\/arantv.az\/wp-content\/uploads\/2022\/10\/m1_21665172092-592x365.jpg",592,365,true],"large":["https:\/\/arantv.az\/wp-content\/uploads\/2022\/10\/m1_21665172092.jpg",640,395,false],"1536x1536":["https:\/\/arantv.az\/wp-content\/uploads\/2022\/10\/m1_21665172092.jpg",650,401,false],"2048x2048":["https:\/\/arantv.az\/wp-content\/uploads\/2022\/10\/m1_21665172092.jpg",650,401,false],"post-thumbnail":["https:\/\/arantv.az\/wp-content\/uploads\/2022\/10\/m1_21665172092-240x172.jpg",240,172,true],"advps-thumb-one":["https:\/\/arantv.az\/wp-content\/uploads\/2022\/10\/m1_21665172092.jpg",650,401,false]},"rttpg_author":{"display_name":"V\u00fcsal Rafiqo\u011flu","author_link":"https:\/\/arantv.az\/?author=2"},"rttpg_comment":0,"rttpg_category":"<a href=\"https:\/\/arantv.az\/?cat=1\" rel=\"category\">C\u0259miyy\u0259t<\/a>","rttpg_excerpt":"Bak\u0131 metroplitenin ke\u00e7mi\u015f i\u015f\u00e7isi oldu\u011funu iddia ed\u0259n Sevil Xanbabayeva sosial \u015f\u0259b\u0259k\u0259l\u0259rd\u0259 metro i\u015f\u00e7il\u0259ri il\u0259 ba\u011fl\u0131 a\u00e7\u0131qlamalar verib. S.Xanbabayeva iddia edib ki, o metronun &#8220;Ulduz&#8221; stansiyas\u0131nda xadim\u0259 kimi \u00e7al\u0131\u015f\u0131b v\u0259 i\u015find\u0259n azad edilib. Xan\u0131m daha sonra \u0259lav\u0259 edib ki, s\u00f6z\u00fcged\u0259n qurumda 10 i\u015f\u00e7id\u0259n 9-u Rafael adl\u0131 \u015f\u0259xsin \u00fc\u00e7 milyonluq ba\u011f\u0131na i\u015fl\u0259m\u0259y\u0259 g\u00f6nd\u0259rilir. Daha sonra S.Xanbabayeva metronun&hellip;","_links":{"self":[{"href":"https:\/\/arantv.az\/index.php?rest_route=\/wp\/v2\/posts\/521149"}],"collection":[{"href":"https:\/\/arantv.az\/index.php?rest_route=\/wp\/v2\/posts"}],"about":[{"href":"https:\/\/arantv.az\/index.php?rest_route=\/wp\/v2\/types\/post"}],"author":[{"embeddable":true,"href":"https:\/\/arantv.az\/index.php?rest_route=\/wp\/v2\/users\/2"}],"replies":[{"embeddable":true,"href":"https:\/\/arantv.az\/index.php?rest_route=%2Fwp%2Fv2%2Fcomments&post=521149"}],"version-history":[{"count":0,"href":"https:\/\/arantv.az\/index.php?rest_route=\/wp\/v2\/posts\/521149\/revisions"}],"wp:featuredmedia":[{"embeddable":true,"href":"https:\/\/arantv.az\/index.php?rest_route=\/wp\/v2\/media\/521150"}],"wp:attachment":[{"href":"https:\/\/arantv.az\/index.php?rest_route=%2Fwp%2Fv2%2Fmedia&parent=521149"}],"wp:term":[{"taxonomy":"category","embeddable":true,"href":"https:\/\/arantv.az\/index.php?rest_route=%2Fwp%2Fv2%2Fcategories&post=521149"},{"taxonomy":"post_tag","embeddable":true,"href":"https:\/\/arantv.az\/index.php?rest_route=%2Fwp%2Fv2%2Ftags&post=521149"}],"curies":[{"name":"wp","href":"https:\/\/api.w.org\/{rel}","templated":true}]}}