{"id":521152,"date":"2022-10-08T09:25:11","date_gmt":"2022-10-08T06:25:11","guid":{"rendered":"https:\/\/arantv.az\/?p=521152"},"modified":"2022-10-08T09:25:11","modified_gmt":"2022-10-08T06:25:11","slug":"g%c9%99nc-yazarlar-ayb-s%c9%99drin%c9%99-usyan-etdi","status":"publish","type":"post","link":"https:\/\/arantv.az\/?p=521152","title":{"rendered":"G\u0259nc yazarlar AYB s\u0259drin\u0259 \u00fcsyan etdi"},"content":{"rendered":"<p><strong>30 ild\u0259n sonra yen\u0259 s\u0259dr o olarsa&#8230;; \u018fs\u0259d Cahangir: \u201c\u0130ndiki \u015f\u0259raitd\u0259 Anar\u0131n alternativi yoxdur\u201d<\/strong><\/p>\n<p>G\u0259nc yazarlar Az\u0259rbaycan Yaz\u0131\u00e7\u0131lar Birliyi (AYB) il\u0259 ba\u011fl\u0131 b\u0259yanat imzalay\u0131blar. B\u0259yanatda deyilir:<\/p>\n<p>\u201cM\u0259lum oldu\u011fu kimi, bu yax\u0131nlarda Az\u0259rbaycan Yaz\u0131\u00e7\u0131lar Birliyinin (bundan sonra AYB) qurultay\u0131 ke\u00e7iril\u0259c\u0259k. Qurultay\u0131n tarixi nam\u0259lum s\u0259b\u0259bl\u0259rd\u0259n uzad\u0131l\u0131r v\u0259 AYB r\u0259smil\u0259rinin son \u00e7\u0131x\u0131\u015flar\u0131ndan m\u0259lum olur ki, Anar Rzayev bu il d\u0259 s\u0259dr se\u00e7il\u0259c\u0259k. Biz g\u0259nc yazarlar olaraq bud\u0259f\u0259ki qurultayda s\u0259simizi Anar Rzayev\u0259 yox, t\u0259nqid\u00e7i-\u0259d\u0259biyyat\u015f\u00fcnas \u018fs\u0259d Cahangir\u0259 veririk. Anar Rzayev 30 ild\u0259n \u00e7oxdur ki, qurumu idar\u0259 edir. Art\u0131q Anar m\u00fc\u0259llim dinc\u0259lm\u0259li v\u0259 s\u0259drlik postunu g\u0259nc, perspektivli v\u0259 enerjili t\u0259nqid\u00e7i \u018fs\u0259d Cahangir\u0259 t\u0259hvil verm\u0259lidir.<\/p>\n<p>\u018fs\u0259d Cahangir g\u0259ncl\u0259rin sevimlisi v\u0259 d\u0259y\u0259rli ziyal\u0131d\u0131r. Biz \u00fcmid edirik ki, o, s\u0259drlik postunu m\u0259mnuniyy\u0259tl\u0259 t\u0259hvil alacaq, yazarlar\u0131 layiqinc\u0259 t\u0259msil ed\u0259c\u0259k, \u00fcmidl\u0259rimizi pu\u00e7 etm\u0259y\u0259c\u0259k. Kitablar\u0131m\u0131z t\u0259rc\u00fcm\u0259 edil\u0259c\u0259k, \u00f6lk\u0259 daxilind\u0259 y\u00fcks\u0259k tirajla n\u0259\u015fr olunacaq, t\u0259qa\u00fcdl\u0259r \u0259dal\u0259tli \u015f\u0259kild\u0259 b\u00f6l\u00fcn\u0259c\u0259k v\u0259 yaz\u0131\u00e7\u0131l\u0131qla dolana bil\u0259c\u0259yik. \u018fs\u0259d m\u00fc\u0259llim \u0259sl \u0259d\u0259biyyat e\u015fqi olan adamd\u0131r. Onun alovlu \u0259d\u0259biyyat sevdas\u0131 t\u0259kc\u0259 AYB \u00fczvl\u0259rini yox, eyni zamanda, b\u00fct\u00fcn Az\u0259rbaycan yaz\u0131\u00e7\u0131 v\u0259 \u015fairl\u0259rini ir\u0259li aparacaq, yazmaq \u00fc\u00e7\u00fcn stimul ver\u0259c\u0259k. \u018fg\u0259r bu qurultayda da 30 ild\u0259n \u00e7ox s\u0259dr olan Anar Rzayev s\u0259dr olacaqsa, biz g\u0259nc yazarlar AYB-ni boykot ed\u0259c\u0259yik. S\u0259simizi \u018fs\u0259d Cahangir\u0259 veririk. Xilas\u0131m\u0131z \u018fs\u0259ddir. Yegan\u0259 namiz\u0259ddir.<\/p>\n<p><strong>B\u0259y\u0259nnam\u0259ni imzalad\u0131lar:<\/strong><\/p>\n<p>V\u00fcqar Babazad\u0259<\/p>\n<p>Orxan Saffari<\/p>\n<p>Mehdi Dost\u0259lizad\u0259<\/p>\n<p>\u018fl\u0259sg\u0259r \u018fhm\u0259d<\/p>\n<p>Nihat Pir<\/p>\n<p>Ak\u015fin X\u0259yal<\/p>\n<p>Nazl\u0131 \u00c7\u0259l\u0259bi<\/p>\n<p>Yusif Yusifzad\u0259&#8221;<\/p>\n<p><strong>Qeyd ed\u0259k ki, yazar olmayan \u015f\u0259xsl\u0259r d\u0259 bu b\u0259yanata d\u0259st\u0259k veribl\u0259r&#8221;.<\/strong><\/p>\n<p><strong><img src=\"https:\/\/cdn.axar.az\/2018\/02\/06\/serif-agayar.jpg\" alt=\"Saytdan bu s\u0259b\u0259bl\u0259r\u0259 g\u00f6r\u0259 getdim \u2013 \u015e\u0259rif A\u011fayar\" \/><\/strong><\/p>\n<p><strong>\u015e\u0259rif A\u011fayar\u00a0<\/strong><\/p>\n<p><strong>Yaz\u0131\u00e7\u0131 \u015e\u0259rif A\u011fayar \u201cYeni M\u00fcsavat\u201da bildirdi ki, b\u0259yanata ciddi yana\u015fm\u0131r:<\/strong>\u00a0\u201cN\u0259 AYB-y\u0259, n\u0259 Anara, n\u0259 d\u0259 \u018fs\u0259d Cahangir\u0259 ciddi yana\u015f\u0131ram. Ona g\u00f6r\u0259 d\u0259 avtomatik olaraq bu b\u0259yanat\u0131 da qeyri-ciddi, daha do\u011frusu, g\u0259ncl\u0259rin postmodern istehzas\u0131 hesab edir\u0259m. Avtoritar d\u00fc\u015f\u00fcnc\u0259li, kinli bir qocaya onun \u00f6z\u00fcn\u0259 v\u0259 ail\u0259 \u00fczvl\u0259rin\u0259 m\u0259dhiyy\u0259l\u0259r yazan onur\u011fas\u0131z bir t\u0259nqid\u00e7ini alternativ namiz\u0259d g\u00f6st\u0259rm\u0259k, etiraf edir\u0259m, yax\u015f\u0131 yumordur. G\u00fcl\u00fcb ke\u00e7dim. Siz d\u0259 bel\u0259 edin. AYB v\u0259 Anar yaln\u0131z l\u0259tif\u0259 m\u00f6vzusudur\u201d.<\/p>\n<p><img src=\"https:\/\/cdn.axar.az\/2021\/06\/27\/esed-cahangir-yeni.jpg\" alt=\"Otuz il s\u00f6z meydan\u0131nda\" \/><\/p>\n<p><strong>\u018fs\u0259d Cahangir\u00a0<\/strong><\/p>\n<p><strong>T\u0259nqid\u00e7i-\u0259d\u0259biyyat\u015f\u00fcnas\u00a0\u018fs\u0259d Cahangir is\u0259 t\u0259klif\u0259 bel\u0259 reaksiya verib:<\/strong>\u00a0\u201cM\u0259n\u0259 etimad g\u00f6st\u0259r\u0259n b\u00fct\u00fcn g\u0259ncl\u0259r\u0259 \u00f6z minn\u0259tdarl\u0131\u011f\u0131m\u0131 bildirir\u0259m. \u00c7ox sa\u011f olsunlar verdikl\u0259ri qiym\u0259t\u0259 g\u00f6r\u0259. Amma m\u0259n g\u0259ncl\u0259rin s\u0259dri olmadan da, onlara qay\u011f\u0131 g\u00f6st\u0259rmi\u015f\u0259m, k\u00f6m\u0259k etmi\u015f\u0259m v\u0259 bundan sonra s\u0259dr olmadan da bu qay\u011f\u0131n\u0131, diqq\u0259ti g\u00f6st\u0259r\u0259 bil\u0259r\u0259m. Bunun \u00fc\u00e7\u00fcn s\u0259dr olmaq vacib deyil. Ona g\u00f6r\u0259 d\u0259 m\u0259ni d\u0259st\u0259kl\u0259y\u0259n, etimad g\u00f6st\u0259r\u0259n g\u0259ncl\u0259ri Anar m\u00fc\u0259llim\u0259 s\u0259s verm\u0259y\u0259 \u00e7a\u011f\u0131r\u0131ram. \u00c7\u00fcnki m\u0259n d\u0259 qar\u015f\u0131dan g\u0259l\u0259n qurultayda Anar m\u00fc\u0259llim\u0259 s\u0259s ver\u0259c\u0259m.<\/p>\n<p>M\u0259n\u0259 el\u0259 g\u0259lir ki, indiki \u015f\u0259raitd\u0259 s\u0259dr kimi Anar\u0131n alternativi yoxdur. \u00c7\u00fcnki o \u00e7oxillik i\u015f t\u0259cr\u00fcb\u0259sin\u0259, b\u00f6y\u00fck n\u00fcfuza malikdir. Biz onun t\u0259cr\u00fcb\u0259sind\u0259n v\u0259 n\u00fcfuzundan h\u0259m \u0259d\u0259biyyat\u0131m\u0131z\u0131n inki\u015faf\u0131, h\u0259m d\u0259 \u015fair, yaz\u0131\u00e7\u0131lar\u0131m\u0131z\u0131n bir s\u0131ra maddi-m\u0259i\u015f\u0259t probleml\u0259rinin h\u0259lli bax\u0131m\u0131ndan istifad\u0259 etm\u0259liyik. \u018fg\u0259r Anar m\u00fc\u0259llim \u00f6z\u00fc Yaz\u0131\u00e7\u0131lar Birliyinin s\u0259dri olmaq ist\u0259m\u0259s\u0259 v\u0259 se\u00e7kil\u0259r\u0259 qat\u0131lmasa, bu art\u0131q tamamil\u0259 ba\u015fqa m\u0259s\u0259l\u0259 olar. Bu bar\u0259d\u0259 is\u0259 m\u0259nim he\u00e7 bir m\u0259lumat\u0131m yoxdur. Bunu yaln\u0131z Anar m\u00fc\u0259llim \u00f6z\u00fc bil\u0259r.<\/p>\n<p>Anar m\u00fc\u0259llim \u00f6z ist\u0259yi il\u0259, k\u00f6n\u00fcll\u00fc sur\u0259td\u0259 s\u0259drlik postunu t\u0259rk etm\u0259k ist\u0259s\u0259, tam s\u0259mimi deyir\u0259m ki, m\u0259n yen\u0259 d\u0259 s\u0259dr olmaq ist\u0259m\u0259r\u0259m. Bu \u00e7ox m\u0259suliyy\u0259tli v\u0259 \u00e7\u0259tin v\u0259zif\u0259dir. \u0130yirmi ild\u0259n \u00e7oxdur ki, AYB-d\u0259 i\u015fl\u0259yir\u0259m. Bu ill\u0259r \u0259rzind\u0259 Anar m\u00fc\u0259llimin n\u0259 q\u0259d\u0259r \u00e7\u0259tinlikl\u0259r \u00e7\u0259kdiyin\u0259 \u00f6z\u00fcm \u015fahid olmu\u015fam. H\u0259m psixoloji, h\u0259m m\u0259n\u0259vi \u00e7\u0259tinlikl\u0259r, h\u0259m t\u0259zyiql\u0259r, s\u0131x\u0131nt\u0131lar, haqs\u0131z ittihamlara tu\u015f g\u0259lm\u0259k&#8230; Ona g\u00f6r\u0259 d\u0259 hesab edir\u0259m ki, m\u0259nim s\u0259dr olma\u011f\u0131m, ilk n\u00f6vb\u0259d\u0259 \u00f6z\u00fcm\u0259 ziyan olacaq. \u018fd\u0259bi prosesd\u0259 f\u0259al \u015f\u0259kild\u0259 i\u015ftirak etm\u0259k ist\u0259yir\u0259m v\u0259 bundan sonra da ist\u0259y\u0259c\u0259m. S\u0259dr olmaq \u00e7ox a\u011f\u0131rd\u0131r m\u0259nim \u00fc\u00e7\u00fcn. AYB-nin 2400 n\u0259f\u0259r \u00fczv\u00fc var v\u0259 ham\u0131s\u0131na k\u00f6m\u0259k etm\u0259k fantastik d\u0259r\u0259c\u0259d\u0259 \u00e7\u0259tin bir \u015feydir. Birini raz\u0131 sal\u0131rsan, 2399 n\u0259f\u0259r s\u0259nd\u0259n naraz\u0131 qal\u0131r. \u0130st\u0259nil\u0259n halda, kims\u0259 s\u0259drd\u0259n raz\u0131 olmur&#8221;.<\/p>\n","protected":false},"excerpt":{"rendered":"<p>30 ild\u0259n sonra yen\u0259 s\u0259dr o olarsa&#8230;; \u018fs\u0259d Cahangir: \u201c\u0130ndiki \u015f\u0259raitd\u0259 Anar\u0131n alternativi yoxdur\u201d G\u0259nc yazarlar Az\u0259rbaycan Yaz\u0131\u00e7\u0131lar Birliyi (AYB) il\u0259 ba\u011fl\u0131 b\u0259yanat imzalay\u0131blar. B\u0259yanatda deyilir: \u201cM\u0259lum oldu\u011fu kimi, bu yax\u0131nlarda Az\u0259rbaycan Yaz\u0131\u00e7\u0131lar Birliyinin (bundan sonra AYB) qurultay\u0131 ke\u00e7iril\u0259c\u0259k. Qurultay\u0131n tarixi nam\u0259lum s\u0259b\u0259bl\u0259rd\u0259n uzad\u0131l\u0131r v\u0259 AYB r\u0259smil\u0259rinin son \u00e7\u0131x\u0131\u015flar\u0131ndan m\u0259lum olur ki, Anar Rzayev bu il d\u0259 s\u0259dr se\u00e7il\u0259c\u0259k. Biz g\u0259nc yazarlar olaraq bud\u0259f\u0259ki qurultayda s\u0259simizi Anar Rzayev\u0259 yox, t\u0259nqid\u00e7i-\u0259d\u0259biyyat\u015f\u00fcnas \u018fs\u0259d Cahangir\u0259 veririk. Anar Rzayev 30 ild\u0259n \u00e7oxdur ki, qurumu idar\u0259 edir. Art\u0131q Anar m\u00fc\u0259llim dinc\u0259lm\u0259li v\u0259 s\u0259drlik postunu g\u0259nc,&hellip;<\/p>\n","protected":false},"author":2,"featured_media":521153,"comment_status":"closed","ping_status":"closed","sticky":false,"template":"","format":"standard","meta":{"om_disable_all_campaigns":false,"_monsterinsights_skip_tracking":false,"_monsterinsights_sitenote_active":false,"_monsterinsights_sitenote_note":"","_monsterinsights_sitenote_category":0},"categories":[1],"tags":[],"aioseo_notices":[],"gutentor_comment":0,"rttpg_featured_image_url":{"full":["https:\/\/arantv.az\/wp-content\/uploads\/2022\/10\/545537c0ceae2ffc1fefdf670ba22885.jpg",730,487,false],"landscape":["https:\/\/arantv.az\/wp-content\/uploads\/2022\/10\/545537c0ceae2ffc1fefdf670ba22885.jpg",730,487,false],"portraits":["https:\/\/arantv.az\/wp-content\/uploads\/2022\/10\/545537c0ceae2ffc1fefdf670ba22885.jpg",730,487,false],"thumbnail":["https:\/\/arantv.az\/wp-content\/uploads\/2022\/10\/545537c0ceae2ffc1fefdf670ba22885-500x280.jpg",500,280,true],"medium":["https:\/\/arantv.az\/wp-content\/uploads\/2022\/10\/545537c0ceae2ffc1fefdf670ba22885-547x365.jpg",547,365,true],"large":["https:\/\/arantv.az\/wp-content\/uploads\/2022\/10\/545537c0ceae2ffc1fefdf670ba22885.jpg",640,427,false],"1536x1536":["https:\/\/arantv.az\/wp-content\/uploads\/2022\/10\/545537c0ceae2ffc1fefdf670ba22885.jpg",730,487,false],"2048x2048":["https:\/\/arantv.az\/wp-content\/uploads\/2022\/10\/545537c0ceae2ffc1fefdf670ba22885.jpg",730,487,false],"post-thumbnail":["https:\/\/arantv.az\/wp-content\/uploads\/2022\/10\/545537c0ceae2ffc1fefdf670ba22885-240x172.jpg",240,172,true],"advps-thumb-one":["https:\/\/arantv.az\/wp-content\/uploads\/2022\/10\/545537c0ceae2ffc1fefdf670ba22885.jpg",730,487,false]},"rttpg_author":{"display_name":"V\u00fcsal Rafiqo\u011flu","author_link":"https:\/\/arantv.az\/?author=2"},"rttpg_comment":0,"rttpg_category":"<a href=\"https:\/\/arantv.az\/?cat=1\" rel=\"category\">C\u0259miyy\u0259t<\/a>","rttpg_excerpt":"30 ild\u0259n sonra yen\u0259 s\u0259dr o olarsa&#8230;; \u018fs\u0259d Cahangir: \u201c\u0130ndiki \u015f\u0259raitd\u0259 Anar\u0131n alternativi yoxdur\u201d G\u0259nc yazarlar Az\u0259rbaycan Yaz\u0131\u00e7\u0131lar Birliyi (AYB) il\u0259 ba\u011fl\u0131 b\u0259yanat imzalay\u0131blar. B\u0259yanatda deyilir: \u201cM\u0259lum oldu\u011fu kimi, bu yax\u0131nlarda Az\u0259rbaycan Yaz\u0131\u00e7\u0131lar Birliyinin (bundan sonra AYB) qurultay\u0131 ke\u00e7iril\u0259c\u0259k. Qurultay\u0131n tarixi nam\u0259lum s\u0259b\u0259bl\u0259rd\u0259n uzad\u0131l\u0131r v\u0259 AYB r\u0259smil\u0259rinin son \u00e7\u0131x\u0131\u015flar\u0131ndan m\u0259lum olur ki, Anar Rzayev bu&hellip;","_links":{"self":[{"href":"https:\/\/arantv.az\/index.php?rest_route=\/wp\/v2\/posts\/521152"}],"collection":[{"href":"https:\/\/arantv.az\/index.php?rest_route=\/wp\/v2\/posts"}],"about":[{"href":"https:\/\/arantv.az\/index.php?rest_route=\/wp\/v2\/types\/post"}],"author":[{"embeddable":true,"href":"https:\/\/arantv.az\/index.php?rest_route=\/wp\/v2\/users\/2"}],"replies":[{"embeddable":true,"href":"https:\/\/arantv.az\/index.php?rest_route=%2Fwp%2Fv2%2Fcomments&post=521152"}],"version-history":[{"count":0,"href":"https:\/\/arantv.az\/index.php?rest_route=\/wp\/v2\/posts\/521152\/revisions"}],"wp:featuredmedia":[{"embeddable":true,"href":"https:\/\/arantv.az\/index.php?rest_route=\/wp\/v2\/media\/521153"}],"wp:attachment":[{"href":"https:\/\/arantv.az\/index.php?rest_route=%2Fwp%2Fv2%2Fmedia&parent=521152"}],"wp:term":[{"taxonomy":"category","embeddable":true,"href":"https:\/\/arantv.az\/index.php?rest_route=%2Fwp%2Fv2%2Fcategories&post=521152"},{"taxonomy":"post_tag","embeddable":true,"href":"https:\/\/arantv.az\/index.php?rest_route=%2Fwp%2Fv2%2Ftags&post=521152"}],"curies":[{"name":"wp","href":"https:\/\/api.w.org\/{rel}","templated":true}]}}