{"id":521166,"date":"2022-10-08T10:04:58","date_gmt":"2022-10-08T07:04:58","guid":{"rendered":"https:\/\/arantv.az\/?p=521166"},"modified":"2022-10-08T10:04:58","modified_gmt":"2022-10-08T07:04:58","slug":"emin-huseynov-qarabagda-150-min-is-yeri-yarada-bil%c9%99c%c9%99yimiz%c9%99-umid-edirik","status":"publish","type":"post","link":"https:\/\/arantv.az\/?p=521166","title":{"rendered":"Emin H\u00fcseynov: \u201cQaraba\u011fda 150 min i\u015f yeri yarada bil\u0259c\u0259yimiz\u0259 \u00fcmid edirik\u201d"},"content":{"rendered":"<p>\u201cT\u0259kc\u0259 Qaraba\u011f iqtisadi rayonunda 150 min i\u015f yeri yarada bil\u0259c\u0259yimiz\u0259 \u00fcmid edirik\u201d.<\/p>\n<p><strong>ARANTV.AZ\u00a0<\/strong> x\u0259b\u0259r verir ki, bunu Naftalanda ke\u00e7iril\u0259n \u201cNaftalan &#8211; Sa\u011flaml\u0131q v\u0259 Turizmin Sinerji M\u0259nb\u0259yi: Regionda Yeni Reall\u0131qlar\u201d beyn\u0259lxalq elmi-praktik konfrans\u0131nda Qaraba\u011f iqtisadi rayonuna daxil olan i\u015f\u011faldan azad edilmi\u015f \u0259razil\u0259rd\u0259 (\u015eu\u015fa rayonu istisna olmaqla) Prezidentin x\u00fcsusi n\u00fcmay\u0259nd\u0259si Emin H\u00fcseynov deyib.<\/p>\n<p>\u201cErm\u0259nistan\u0131n verdiyi mina x\u0259rit\u0259l\u0259rinin effektivliyi 25%-dir. \u0130\u015f\u011faldan azad edilmi\u015f \u0259razil\u0259rin mina v\u0259 partlamam\u0131\u015f sursatlarla \u00e7irkl\u0259ndirilm\u0259si bu \u0259razil\u0259rinin b\u0259rpas\u0131n\u0131 l\u0259ngidir. S\u0259kkiz ayda &#8211; rekord m\u00fcdd\u0259td\u0259 &#8211; F\u00fczuli aeroportu in\u015fa edilib. Tezlikl\u0259 A\u011fdam v\u0259 F\u00fczulid\u0259 iki x\u0259st\u0259xanan\u0131n tikintisin\u0259 ba\u015flan\u0131lacaq. Yax\u0131n vaxtlarda P\u0259nah\u0259li xan\u0131n saray\u0131 da b\u0259rpa edil\u0259c\u0259k. Suqovu\u015fan, Tu\u011f v\u0259 Hadrutun turizm inki\u015faf konsepsiyalar\u0131 haz\u0131rlan\u0131b. A\u011fdamda \u00f6z\u0259l \u015firk\u0259tl\u0259r hotel tikintisin\u0259 ba\u015flay\u0131blar. Bu \u015f\u0259h\u0259r tamamil\u0259 b\u0259rpa edildikd\u0259n sonra onu biznes m\u0259rk\u0259zin\u0259 \u00e7evirm\u0259k plan\u0131 var. A\u011fdamda in\u015fa edil\u0259c\u0259k at\u00e7\u0131l\u0131q m\u0259rk\u0259zi d\u0259 turizminin inki\u015faf\u0131na t\u0259kan ver\u0259c\u0259k.<\/p>\n<p>Qaraba\u011f\u0131n t\u0259bi\u0259ti burada ekoturizmin inki\u015faf\u0131na t\u0259kan ver\u0259c\u0259k. 2026-c\u0131 il\u0259 q\u0259d\u0259r A\u011fdam v\u0259 F\u00fczuli \u015f\u0259h\u0259rl\u0259rinin, el\u0259c\u0259 d\u0259 bu rayonlar\u0131n 32 k\u0259ndinin b\u0259rpa edilm\u0259si planla\u015fd\u0131r\u0131l\u0131r. \u0130\u015f\u011faldan azad edilmi\u015f \u0259razil\u0259r\u0259 2025-ci il q\u0259d\u0259r bir milyona yax\u0131n turistin s\u0259f\u0259r etm\u0259si g\u00f6zl\u0259nilir\u201d, &#8211; dey\u0259 o\u00a0qeyd edib.<\/p>\n","protected":false},"excerpt":{"rendered":"<p>\u201cT\u0259kc\u0259 Qaraba\u011f iqtisadi rayonunda 150 min i\u015f yeri yarada bil\u0259c\u0259yimiz\u0259 \u00fcmid edirik\u201d. ARANTV.AZ\u00a0 x\u0259b\u0259r verir ki, bunu Naftalanda ke\u00e7iril\u0259n \u201cNaftalan &#8211; Sa\u011flaml\u0131q v\u0259 Turizmin Sinerji M\u0259nb\u0259yi: Regionda Yeni Reall\u0131qlar\u201d beyn\u0259lxalq elmi-praktik konfrans\u0131nda Qaraba\u011f iqtisadi rayonuna daxil olan i\u015f\u011faldan azad edilmi\u015f \u0259razil\u0259rd\u0259 (\u015eu\u015fa rayonu istisna olmaqla) Prezidentin x\u00fcsusi n\u00fcmay\u0259nd\u0259si Emin H\u00fcseynov deyib. \u201cErm\u0259nistan\u0131n verdiyi mina x\u0259rit\u0259l\u0259rinin effektivliyi 25%-dir. \u0130\u015f\u011faldan azad edilmi\u015f \u0259razil\u0259rin mina v\u0259 partlamam\u0131\u015f sursatlarla \u00e7irkl\u0259ndirilm\u0259si bu \u0259razil\u0259rinin b\u0259rpas\u0131n\u0131 l\u0259ngidir. S\u0259kkiz ayda &#8211; rekord m\u00fcdd\u0259td\u0259 &#8211; F\u00fczuli aeroportu in\u015fa edilib. Tezlikl\u0259 A\u011fdam v\u0259 F\u00fczulid\u0259 iki x\u0259st\u0259xanan\u0131n tikintisin\u0259 ba\u015flan\u0131lacaq. Yax\u0131n vaxtlarda&hellip;<\/p>\n","protected":false},"author":2,"featured_media":521167,"comment_status":"closed","ping_status":"closed","sticky":false,"template":"","format":"standard","meta":{"om_disable_all_campaigns":false,"_monsterinsights_skip_tracking":false,"_monsterinsights_sitenote_active":false,"_monsterinsights_sitenote_note":"","_monsterinsights_sitenote_category":0},"categories":[4],"tags":[],"aioseo_notices":[],"gutentor_comment":0,"rttpg_featured_image_url":{"full":["https:\/\/arantv.az\/wp-content\/uploads\/2022\/10\/emin.jpg",620,413,false],"landscape":["https:\/\/arantv.az\/wp-content\/uploads\/2022\/10\/emin.jpg",620,413,false],"portraits":["https:\/\/arantv.az\/wp-content\/uploads\/2022\/10\/emin.jpg",620,413,false],"thumbnail":["https:\/\/arantv.az\/wp-content\/uploads\/2022\/10\/emin-500x280.jpg",500,280,true],"medium":["https:\/\/arantv.az\/wp-content\/uploads\/2022\/10\/emin-548x365.jpg",548,365,true],"large":["https:\/\/arantv.az\/wp-content\/uploads\/2022\/10\/emin.jpg",620,413,false],"1536x1536":["https:\/\/arantv.az\/wp-content\/uploads\/2022\/10\/emin.jpg",620,413,false],"2048x2048":["https:\/\/arantv.az\/wp-content\/uploads\/2022\/10\/emin.jpg",620,413,false],"post-thumbnail":["https:\/\/arantv.az\/wp-content\/uploads\/2022\/10\/emin-240x172.jpg",240,172,true],"advps-thumb-one":["https:\/\/arantv.az\/wp-content\/uploads\/2022\/10\/emin.jpg",620,413,false]},"rttpg_author":{"display_name":"V\u00fcsal Rafiqo\u011flu","author_link":"https:\/\/arantv.az\/?author=2"},"rttpg_comment":0,"rttpg_category":"<a href=\"https:\/\/arantv.az\/?cat=4\" rel=\"category\">Siyas\u0259t<\/a>","rttpg_excerpt":"\u201cT\u0259kc\u0259 Qaraba\u011f iqtisadi rayonunda 150 min i\u015f yeri yarada bil\u0259c\u0259yimiz\u0259 \u00fcmid edirik\u201d. ARANTV.AZ\u00a0 x\u0259b\u0259r verir ki, bunu Naftalanda ke\u00e7iril\u0259n \u201cNaftalan &#8211; Sa\u011flaml\u0131q v\u0259 Turizmin Sinerji M\u0259nb\u0259yi: Regionda Yeni Reall\u0131qlar\u201d beyn\u0259lxalq elmi-praktik konfrans\u0131nda Qaraba\u011f iqtisadi rayonuna daxil olan i\u015f\u011faldan azad edilmi\u015f \u0259razil\u0259rd\u0259 (\u015eu\u015fa rayonu istisna olmaqla) Prezidentin x\u00fcsusi n\u00fcmay\u0259nd\u0259si Emin H\u00fcseynov deyib. \u201cErm\u0259nistan\u0131n verdiyi mina x\u0259rit\u0259l\u0259rinin&hellip;","_links":{"self":[{"href":"https:\/\/arantv.az\/index.php?rest_route=\/wp\/v2\/posts\/521166"}],"collection":[{"href":"https:\/\/arantv.az\/index.php?rest_route=\/wp\/v2\/posts"}],"about":[{"href":"https:\/\/arantv.az\/index.php?rest_route=\/wp\/v2\/types\/post"}],"author":[{"embeddable":true,"href":"https:\/\/arantv.az\/index.php?rest_route=\/wp\/v2\/users\/2"}],"replies":[{"embeddable":true,"href":"https:\/\/arantv.az\/index.php?rest_route=%2Fwp%2Fv2%2Fcomments&post=521166"}],"version-history":[{"count":0,"href":"https:\/\/arantv.az\/index.php?rest_route=\/wp\/v2\/posts\/521166\/revisions"}],"wp:featuredmedia":[{"embeddable":true,"href":"https:\/\/arantv.az\/index.php?rest_route=\/wp\/v2\/media\/521167"}],"wp:attachment":[{"href":"https:\/\/arantv.az\/index.php?rest_route=%2Fwp%2Fv2%2Fmedia&parent=521166"}],"wp:term":[{"taxonomy":"category","embeddable":true,"href":"https:\/\/arantv.az\/index.php?rest_route=%2Fwp%2Fv2%2Fcategories&post=521166"},{"taxonomy":"post_tag","embeddable":true,"href":"https:\/\/arantv.az\/index.php?rest_route=%2Fwp%2Fv2%2Ftags&post=521166"}],"curies":[{"name":"wp","href":"https:\/\/api.w.org\/{rel}","templated":true}]}}