{"id":521170,"date":"2022-10-08T10:06:03","date_gmt":"2022-10-08T07:06:03","guid":{"rendered":"https:\/\/arantv.az\/?p=521170"},"modified":"2022-10-08T10:06:03","modified_gmt":"2022-10-08T07:06:03","slug":"beyl%c9%99qanda-polisl%c9%99r-q%c9%99zaya-dusubl%c9%99r","status":"publish","type":"post","link":"https:\/\/arantv.az\/?p=521170","title":{"rendered":"Beyl\u0259qanda polisl\u0259r q\u0259zaya d\u00fc\u015f\u00fcbl\u0259r"},"content":{"rendered":"<p>Beyl\u0259qanda a\u011f\u0131r yol q\u0259zas\u0131 olub.<\/p>\n<p>Lent.az-\u0131n m\u0259lumat\u0131na g\u00f6r\u0259, hadis\u0259 Beyl\u0259qan-Yuxar\u0131 Qaraba\u011f kanal\u0131 yolunda ba\u015f verib.<\/p>\n<p>M\u0259mm\u0259dov Havarxan Bahadur o\u011flunun idar\u0259 etdiyi \u201cFord Tranzit\u201d markal\u0131 avtomobil Muradov Akif M\u0259zahir o\u011flunun idar\u0259 etdiyi \u201cBelarus\u201d markal\u0131 traktorla toqqu\u015fub.<\/p>\n<p>N\u0259tic\u0259d\u0259 \u201cFord Tranzit\u201dd\u0259 \u0259yl\u0259\u015f\u0259n La\u00e7\u0131n Rayon Polis \u015e\u00f6b\u0259sinin \u0259m\u0259kda\u015flar\u0131 \u0130smay\u0131lov G\u00fcl\u0259li Zahid o\u011flu v\u0259 M\u0259mm\u0259dov Nurlan Vahid o\u011flu m\u00fcxt\u0259lif d\u0259r\u0259c\u0259li b\u0259d\u0259n x\u0259sar\u0259tl\u0259ri al\u0131blar.<\/p>\n<p>Faktla ba\u011fl\u0131 ara\u015fd\u0131rma apar\u0131l\u0131r.<\/p>\n","protected":false},"excerpt":{"rendered":"<p>Beyl\u0259qanda a\u011f\u0131r yol q\u0259zas\u0131 olub. Lent.az-\u0131n m\u0259lumat\u0131na g\u00f6r\u0259, hadis\u0259 Beyl\u0259qan-Yuxar\u0131 Qaraba\u011f kanal\u0131 yolunda ba\u015f verib. M\u0259mm\u0259dov Havarxan Bahadur o\u011flunun idar\u0259 etdiyi \u201cFord Tranzit\u201d markal\u0131 avtomobil Muradov Akif M\u0259zahir o\u011flunun idar\u0259 etdiyi \u201cBelarus\u201d markal\u0131 traktorla toqqu\u015fub. N\u0259tic\u0259d\u0259 \u201cFord Tranzit\u201dd\u0259 \u0259yl\u0259\u015f\u0259n La\u00e7\u0131n Rayon Polis \u015e\u00f6b\u0259sinin \u0259m\u0259kda\u015flar\u0131 \u0130smay\u0131lov G\u00fcl\u0259li Zahid o\u011flu v\u0259 M\u0259mm\u0259dov Nurlan Vahid o\u011flu m\u00fcxt\u0259lif d\u0259r\u0259c\u0259li b\u0259d\u0259n x\u0259sar\u0259tl\u0259ri al\u0131blar. Faktla ba\u011fl\u0131 ara\u015fd\u0131rma apar\u0131l\u0131r.<\/p>\n","protected":false},"author":2,"featured_media":521171,"comment_status":"closed","ping_status":"closed","sticky":false,"template":"","format":"standard","meta":{"om_disable_all_campaigns":false,"_monsterinsights_skip_tracking":false,"_monsterinsights_sitenote_active":false,"_monsterinsights_sitenote_note":"","_monsterinsights_sitenote_category":0},"categories":[5],"tags":[],"aioseo_notices":[],"gutentor_comment":0,"rttpg_featured_image_url":{"full":["https:\/\/arantv.az\/wp-content\/uploads\/2022\/10\/FotoJet-29.jpg",620,413,false],"landscape":["https:\/\/arantv.az\/wp-content\/uploads\/2022\/10\/FotoJet-29.jpg",620,413,false],"portraits":["https:\/\/arantv.az\/wp-content\/uploads\/2022\/10\/FotoJet-29.jpg",620,413,false],"thumbnail":["https:\/\/arantv.az\/wp-content\/uploads\/2022\/10\/FotoJet-29-500x280.jpg",500,280,true],"medium":["https:\/\/arantv.az\/wp-content\/uploads\/2022\/10\/FotoJet-29-548x365.jpg",548,365,true],"large":["https:\/\/arantv.az\/wp-content\/uploads\/2022\/10\/FotoJet-29.jpg",620,413,false],"1536x1536":["https:\/\/arantv.az\/wp-content\/uploads\/2022\/10\/FotoJet-29.jpg",620,413,false],"2048x2048":["https:\/\/arantv.az\/wp-content\/uploads\/2022\/10\/FotoJet-29.jpg",620,413,false],"post-thumbnail":["https:\/\/arantv.az\/wp-content\/uploads\/2022\/10\/FotoJet-29-240x172.jpg",240,172,true],"advps-thumb-one":["https:\/\/arantv.az\/wp-content\/uploads\/2022\/10\/FotoJet-29.jpg",620,413,false]},"rttpg_author":{"display_name":"V\u00fcsal Rafiqo\u011flu","author_link":"https:\/\/arantv.az\/?author=2"},"rttpg_comment":0,"rttpg_category":"<a href=\"https:\/\/arantv.az\/?cat=5\" rel=\"category\">Hadis\u0259<\/a>","rttpg_excerpt":"Beyl\u0259qanda a\u011f\u0131r yol q\u0259zas\u0131 olub. Lent.az-\u0131n m\u0259lumat\u0131na g\u00f6r\u0259, hadis\u0259 Beyl\u0259qan-Yuxar\u0131 Qaraba\u011f kanal\u0131 yolunda ba\u015f verib. M\u0259mm\u0259dov Havarxan Bahadur o\u011flunun idar\u0259 etdiyi \u201cFord Tranzit\u201d markal\u0131 avtomobil Muradov Akif M\u0259zahir o\u011flunun idar\u0259 etdiyi \u201cBelarus\u201d markal\u0131 traktorla toqqu\u015fub. N\u0259tic\u0259d\u0259 \u201cFord Tranzit\u201dd\u0259 \u0259yl\u0259\u015f\u0259n La\u00e7\u0131n Rayon Polis \u015e\u00f6b\u0259sinin \u0259m\u0259kda\u015flar\u0131 \u0130smay\u0131lov G\u00fcl\u0259li Zahid o\u011flu v\u0259 M\u0259mm\u0259dov Nurlan Vahid o\u011flu m\u00fcxt\u0259lif d\u0259r\u0259c\u0259li&hellip;","_links":{"self":[{"href":"https:\/\/arantv.az\/index.php?rest_route=\/wp\/v2\/posts\/521170"}],"collection":[{"href":"https:\/\/arantv.az\/index.php?rest_route=\/wp\/v2\/posts"}],"about":[{"href":"https:\/\/arantv.az\/index.php?rest_route=\/wp\/v2\/types\/post"}],"author":[{"embeddable":true,"href":"https:\/\/arantv.az\/index.php?rest_route=\/wp\/v2\/users\/2"}],"replies":[{"embeddable":true,"href":"https:\/\/arantv.az\/index.php?rest_route=%2Fwp%2Fv2%2Fcomments&post=521170"}],"version-history":[{"count":0,"href":"https:\/\/arantv.az\/index.php?rest_route=\/wp\/v2\/posts\/521170\/revisions"}],"wp:featuredmedia":[{"embeddable":true,"href":"https:\/\/arantv.az\/index.php?rest_route=\/wp\/v2\/media\/521171"}],"wp:attachment":[{"href":"https:\/\/arantv.az\/index.php?rest_route=%2Fwp%2Fv2%2Fmedia&parent=521170"}],"wp:term":[{"taxonomy":"category","embeddable":true,"href":"https:\/\/arantv.az\/index.php?rest_route=%2Fwp%2Fv2%2Fcategories&post=521170"},{"taxonomy":"post_tag","embeddable":true,"href":"https:\/\/arantv.az\/index.php?rest_route=%2Fwp%2Fv2%2Ftags&post=521170"}],"curies":[{"name":"wp","href":"https:\/\/api.w.org\/{rel}","templated":true}]}}