{"id":521176,"date":"2022-10-08T10:09:44","date_gmt":"2022-10-08T07:09:44","guid":{"rendered":"https:\/\/arantv.az\/?p=521176"},"modified":"2022-10-08T10:09:44","modified_gmt":"2022-10-08T07:09:44","slug":"kuc%c9%99d%c9%99-qurban-qurbanovu-gor%c9%99n-azarkesd%c9%99n-maraqli-reaksiya-video","status":"publish","type":"post","link":"https:\/\/arantv.az\/?p=521176","title":{"rendered":"K\u00fc\u00e7\u0259d\u0259 Qurban Qurbanovu g\u00f6r\u0259n azarke\u015fd\u0259n maraql\u0131 reaksiya &#8211; V\u0130DEO"},"content":{"rendered":"<p>K\u00fc\u00e7\u0259d\u0259 &#8220;Qaraba\u011f&#8221;\u0131n ba\u015f m\u0259\u015fq\u00e7isi Qurban Qurbanovu g\u00f6r\u0259n azarke\u015f maraql\u0131 reaksiyas\u0131 il\u0259 diqq\u0259t \u00e7\u0259kib.<\/p>\n<p><strong>ARANTV.AZ<\/strong> qafqazinfo-ya istinad\u0259n <a title=\"xeberler son xeberler 2022\" href=\"https:\/\/big.az\/\" target=\"_blank\" rel=\"noopener\">x\u0259b\u0259r<\/a>\u00a0verir ki, bunu \u0259ks etdir\u0259n g\u00f6r\u00fcnt\u00fcl\u0259r sosial \u015f\u0259b\u0259k\u0259l\u0259rd\u0259 yay\u0131l\u0131b.<\/p>\n<p>Qurban Qurbanovu telefonla videoya \u00e7\u0259k\u0259n azarke\u015f t\u0259cr\u00fcb\u0259li m\u0259\u015fq\u00e7iy\u0259 &#8220;Allah haqq\u0131, s\u0259ni \u00e7ox ist\u0259yirik!&#8221; deyib. Bu zaman Qurbanov da azarke\u015fl\u0259 salamla\u015f\u0131b.<\/p>\n<div class=\"embed-responsive embed-responsive-16by9\"><iframe loading=\"lazy\" id=\"nmqembedid\" class=\"embed-responsive-item\" title=\"video player\" src=\"https:\/\/player.baku.tv\/embed\/62447\" width=\"600\" height=\"340\" frameborder=\"0\" scrolling=\"no\" allowfullscreen=\"allowfullscreen\" data-mce-fragment=\"1\"><\/iframe><\/div>\n","protected":false},"excerpt":{"rendered":"<p>K\u00fc\u00e7\u0259d\u0259 &#8220;Qaraba\u011f&#8221;\u0131n ba\u015f m\u0259\u015fq\u00e7isi Qurban Qurbanovu g\u00f6r\u0259n azarke\u015f maraql\u0131 reaksiyas\u0131 il\u0259 diqq\u0259t \u00e7\u0259kib. ARANTV.AZ qafqazinfo-ya istinad\u0259n x\u0259b\u0259r\u00a0verir ki, bunu \u0259ks etdir\u0259n g\u00f6r\u00fcnt\u00fcl\u0259r sosial \u015f\u0259b\u0259k\u0259l\u0259rd\u0259 yay\u0131l\u0131b. Qurban Qurbanovu telefonla videoya \u00e7\u0259k\u0259n azarke\u015f t\u0259cr\u00fcb\u0259li m\u0259\u015fq\u00e7iy\u0259 &#8220;Allah haqq\u0131, s\u0259ni \u00e7ox ist\u0259yirik!&#8221; deyib. Bu zaman Qurbanov da azarke\u015fl\u0259 salamla\u015f\u0131b.<\/p>\n","protected":false},"author":2,"featured_media":521177,"comment_status":"closed","ping_status":"closed","sticky":false,"template":"","format":"standard","meta":{"om_disable_all_campaigns":false,"_monsterinsights_skip_tracking":false,"_monsterinsights_sitenote_active":false,"_monsterinsights_sitenote_note":"","_monsterinsights_sitenote_category":0},"categories":[1],"tags":[],"aioseo_notices":[],"gutentor_comment":0,"rttpg_featured_image_url":{"full":["https:\/\/arantv.az\/wp-content\/uploads\/2022\/10\/k1_61665212707.jpg",550,437,false],"landscape":["https:\/\/arantv.az\/wp-content\/uploads\/2022\/10\/k1_61665212707.jpg",550,437,false],"portraits":["https:\/\/arantv.az\/wp-content\/uploads\/2022\/10\/k1_61665212707.jpg",550,437,false],"thumbnail":["https:\/\/arantv.az\/wp-content\/uploads\/2022\/10\/k1_61665212707-500x280.jpg",500,280,true],"medium":["https:\/\/arantv.az\/wp-content\/uploads\/2022\/10\/k1_61665212707-459x365.jpg",459,365,true],"large":["https:\/\/arantv.az\/wp-content\/uploads\/2022\/10\/k1_61665212707.jpg",550,437,false],"1536x1536":["https:\/\/arantv.az\/wp-content\/uploads\/2022\/10\/k1_61665212707.jpg",550,437,false],"2048x2048":["https:\/\/arantv.az\/wp-content\/uploads\/2022\/10\/k1_61665212707.jpg",550,437,false],"post-thumbnail":["https:\/\/arantv.az\/wp-content\/uploads\/2022\/10\/k1_61665212707-240x172.jpg",240,172,true],"advps-thumb-one":["https:\/\/arantv.az\/wp-content\/uploads\/2022\/10\/k1_61665212707.jpg",550,437,false]},"rttpg_author":{"display_name":"V\u00fcsal Rafiqo\u011flu","author_link":"https:\/\/arantv.az\/?author=2"},"rttpg_comment":0,"rttpg_category":"<a href=\"https:\/\/arantv.az\/?cat=1\" rel=\"category\">C\u0259miyy\u0259t<\/a>","rttpg_excerpt":"K\u00fc\u00e7\u0259d\u0259 &#8220;Qaraba\u011f&#8221;\u0131n ba\u015f m\u0259\u015fq\u00e7isi Qurban Qurbanovu g\u00f6r\u0259n azarke\u015f maraql\u0131 reaksiyas\u0131 il\u0259 diqq\u0259t \u00e7\u0259kib. ARANTV.AZ qafqazinfo-ya istinad\u0259n x\u0259b\u0259r\u00a0verir ki, bunu \u0259ks etdir\u0259n g\u00f6r\u00fcnt\u00fcl\u0259r sosial \u015f\u0259b\u0259k\u0259l\u0259rd\u0259 yay\u0131l\u0131b. Qurban Qurbanovu telefonla videoya \u00e7\u0259k\u0259n azarke\u015f t\u0259cr\u00fcb\u0259li m\u0259\u015fq\u00e7iy\u0259 &#8220;Allah haqq\u0131, s\u0259ni \u00e7ox ist\u0259yirik!&#8221; deyib. Bu zaman Qurbanov da azarke\u015fl\u0259 salamla\u015f\u0131b.","_links":{"self":[{"href":"https:\/\/arantv.az\/index.php?rest_route=\/wp\/v2\/posts\/521176"}],"collection":[{"href":"https:\/\/arantv.az\/index.php?rest_route=\/wp\/v2\/posts"}],"about":[{"href":"https:\/\/arantv.az\/index.php?rest_route=\/wp\/v2\/types\/post"}],"author":[{"embeddable":true,"href":"https:\/\/arantv.az\/index.php?rest_route=\/wp\/v2\/users\/2"}],"replies":[{"embeddable":true,"href":"https:\/\/arantv.az\/index.php?rest_route=%2Fwp%2Fv2%2Fcomments&post=521176"}],"version-history":[{"count":0,"href":"https:\/\/arantv.az\/index.php?rest_route=\/wp\/v2\/posts\/521176\/revisions"}],"wp:featuredmedia":[{"embeddable":true,"href":"https:\/\/arantv.az\/index.php?rest_route=\/wp\/v2\/media\/521177"}],"wp:attachment":[{"href":"https:\/\/arantv.az\/index.php?rest_route=%2Fwp%2Fv2%2Fmedia&parent=521176"}],"wp:term":[{"taxonomy":"category","embeddable":true,"href":"https:\/\/arantv.az\/index.php?rest_route=%2Fwp%2Fv2%2Fcategories&post=521176"},{"taxonomy":"post_tag","embeddable":true,"href":"https:\/\/arantv.az\/index.php?rest_route=%2Fwp%2Fv2%2Ftags&post=521176"}],"curies":[{"name":"wp","href":"https:\/\/api.w.org\/{rel}","templated":true}]}}