{"id":521206,"date":"2022-10-08T11:22:28","date_gmt":"2022-10-08T08:22:28","guid":{"rendered":"https:\/\/arantv.az\/?p=521206"},"modified":"2022-10-08T11:22:28","modified_gmt":"2022-10-08T08:22:28","slug":"naftalanin-turizm-potensiali-artirilacaq","status":"publish","type":"post","link":"https:\/\/arantv.az\/?p=521206","title":{"rendered":"Naftalan\u0131n turizm potensial\u0131 art\u0131r\u0131lacaq"},"content":{"rendered":"<p>\u201cBu g\u00fcn Naftalan rayonunda Turizm \u0130nformasiya M\u0259rk\u0259zinin a\u00e7\u0131l\u0131\u015f\u0131 olacaq ki, bu da b\u00f6lg\u0259nin turizm potensial\u0131n\u0131 art\u0131rma\u011fa imkan ver\u0259c\u0259k\u201d.<\/p>\n<p><strong>ARANTV.AZ<\/strong> x\u0259b\u0259r verir ki, bunu Naftalanda ke\u00e7iril\u0259n \u201cNaftalan &#8211; Sa\u011flaml\u0131q v\u0259 Turizmin Sinerji M\u0259nb\u0259yi: Regionda Yeni Reall\u0131qlar\u201d beyn\u0259lxalq elmi-praktik konfrans\u0131nda D\u00f6vl\u0259t Turizm Agentliyinin s\u0259dri Fuad Na\u011f\u0131yev deyib.<\/p>\n<p>\u201cAz\u0259rbaycana sa\u011flaml\u0131q turizmind\u0259n istifad\u0259 m\u0259qs\u0259di il\u0259, \u0259sas\u0259n, MDB \u00f6lk\u0259l\u0259rind\u0259n g\u0259lirl\u0259r. Onlar\u0131n da \u0259ks\u0259riyy\u0259ti Naftalan\u0131 se\u00e7ir. Burada xidm\u0259tin keyfiyy\u0259tinin art\u0131r\u0131lmas\u0131 il\u0259 ba\u011fl\u0131 i\u015fl\u0259r g\u00f6r\u00fcl\u00fcr\u201d, &#8211; dey\u0259 o qeyd edib.<\/p>\n","protected":false},"excerpt":{"rendered":"<p>\u201cBu g\u00fcn Naftalan rayonunda Turizm \u0130nformasiya M\u0259rk\u0259zinin a\u00e7\u0131l\u0131\u015f\u0131 olacaq ki, bu da b\u00f6lg\u0259nin turizm potensial\u0131n\u0131 art\u0131rma\u011fa imkan ver\u0259c\u0259k\u201d. ARANTV.AZ x\u0259b\u0259r verir ki, bunu Naftalanda ke\u00e7iril\u0259n \u201cNaftalan &#8211; Sa\u011flaml\u0131q v\u0259 Turizmin Sinerji M\u0259nb\u0259yi: Regionda Yeni Reall\u0131qlar\u201d beyn\u0259lxalq elmi-praktik konfrans\u0131nda D\u00f6vl\u0259t Turizm Agentliyinin s\u0259dri Fuad Na\u011f\u0131yev deyib. \u201cAz\u0259rbaycana sa\u011flaml\u0131q turizmind\u0259n istifad\u0259 m\u0259qs\u0259di il\u0259, \u0259sas\u0259n, MDB \u00f6lk\u0259l\u0259rind\u0259n g\u0259lirl\u0259r. Onlar\u0131n da \u0259ks\u0259riyy\u0259ti Naftalan\u0131 se\u00e7ir. Burada xidm\u0259tin keyfiyy\u0259tinin art\u0131r\u0131lmas\u0131 il\u0259 ba\u011fl\u0131 i\u015fl\u0259r g\u00f6r\u00fcl\u00fcr\u201d, &#8211; dey\u0259 o qeyd edib.<\/p>\n","protected":false},"author":2,"featured_media":521207,"comment_status":"closed","ping_status":"closed","sticky":false,"template":"","format":"standard","meta":{"om_disable_all_campaigns":false,"_monsterinsights_skip_tracking":false,"_monsterinsights_sitenote_active":false,"_monsterinsights_sitenote_note":"","_monsterinsights_sitenote_category":0},"categories":[1],"tags":[],"aioseo_notices":[],"gutentor_comment":0,"rttpg_featured_image_url":{"full":["https:\/\/arantv.az\/wp-content\/uploads\/2022\/10\/naf.jpg",620,413,false],"landscape":["https:\/\/arantv.az\/wp-content\/uploads\/2022\/10\/naf.jpg",620,413,false],"portraits":["https:\/\/arantv.az\/wp-content\/uploads\/2022\/10\/naf.jpg",620,413,false],"thumbnail":["https:\/\/arantv.az\/wp-content\/uploads\/2022\/10\/naf-500x280.jpg",500,280,true],"medium":["https:\/\/arantv.az\/wp-content\/uploads\/2022\/10\/naf-548x365.jpg",548,365,true],"large":["https:\/\/arantv.az\/wp-content\/uploads\/2022\/10\/naf.jpg",620,413,false],"1536x1536":["https:\/\/arantv.az\/wp-content\/uploads\/2022\/10\/naf.jpg",620,413,false],"2048x2048":["https:\/\/arantv.az\/wp-content\/uploads\/2022\/10\/naf.jpg",620,413,false],"post-thumbnail":["https:\/\/arantv.az\/wp-content\/uploads\/2022\/10\/naf-240x172.jpg",240,172,true],"advps-thumb-one":["https:\/\/arantv.az\/wp-content\/uploads\/2022\/10\/naf.jpg",620,413,false]},"rttpg_author":{"display_name":"V\u00fcsal Rafiqo\u011flu","author_link":"https:\/\/arantv.az\/?author=2"},"rttpg_comment":0,"rttpg_category":"<a href=\"https:\/\/arantv.az\/?cat=1\" rel=\"category\">C\u0259miyy\u0259t<\/a>","rttpg_excerpt":"\u201cBu g\u00fcn Naftalan rayonunda Turizm \u0130nformasiya M\u0259rk\u0259zinin a\u00e7\u0131l\u0131\u015f\u0131 olacaq ki, bu da b\u00f6lg\u0259nin turizm potensial\u0131n\u0131 art\u0131rma\u011fa imkan ver\u0259c\u0259k\u201d. ARANTV.AZ x\u0259b\u0259r verir ki, bunu Naftalanda ke\u00e7iril\u0259n \u201cNaftalan &#8211; Sa\u011flaml\u0131q v\u0259 Turizmin Sinerji M\u0259nb\u0259yi: Regionda Yeni Reall\u0131qlar\u201d beyn\u0259lxalq elmi-praktik konfrans\u0131nda D\u00f6vl\u0259t Turizm Agentliyinin s\u0259dri Fuad Na\u011f\u0131yev deyib. \u201cAz\u0259rbaycana sa\u011flaml\u0131q turizmind\u0259n istifad\u0259 m\u0259qs\u0259di il\u0259, \u0259sas\u0259n, MDB \u00f6lk\u0259l\u0259rind\u0259n g\u0259lirl\u0259r.&hellip;","_links":{"self":[{"href":"https:\/\/arantv.az\/index.php?rest_route=\/wp\/v2\/posts\/521206"}],"collection":[{"href":"https:\/\/arantv.az\/index.php?rest_route=\/wp\/v2\/posts"}],"about":[{"href":"https:\/\/arantv.az\/index.php?rest_route=\/wp\/v2\/types\/post"}],"author":[{"embeddable":true,"href":"https:\/\/arantv.az\/index.php?rest_route=\/wp\/v2\/users\/2"}],"replies":[{"embeddable":true,"href":"https:\/\/arantv.az\/index.php?rest_route=%2Fwp%2Fv2%2Fcomments&post=521206"}],"version-history":[{"count":0,"href":"https:\/\/arantv.az\/index.php?rest_route=\/wp\/v2\/posts\/521206\/revisions"}],"wp:featuredmedia":[{"embeddable":true,"href":"https:\/\/arantv.az\/index.php?rest_route=\/wp\/v2\/media\/521207"}],"wp:attachment":[{"href":"https:\/\/arantv.az\/index.php?rest_route=%2Fwp%2Fv2%2Fmedia&parent=521206"}],"wp:term":[{"taxonomy":"category","embeddable":true,"href":"https:\/\/arantv.az\/index.php?rest_route=%2Fwp%2Fv2%2Fcategories&post=521206"},{"taxonomy":"post_tag","embeddable":true,"href":"https:\/\/arantv.az\/index.php?rest_route=%2Fwp%2Fv2%2Ftags&post=521206"}],"curies":[{"name":"wp","href":"https:\/\/api.w.org\/{rel}","templated":true}]}}